{"id":66267,"date":"2025-10-19T09:25:07","date_gmt":"2025-10-19T09:25:07","guid":{"rendered":"https:\/\/www.europesays.com\/fi\/66267\/"},"modified":"2025-10-19T09:25:07","modified_gmt":"2025-10-19T09:25:07","slug":"jan-granberg-on-kuollut","status":"publish","type":"post","link":"https:\/\/www.europesays.com\/fi\/66267\/","title":{"rendered":"Jan Granberg on kuollut"},"content":{"rendered":"<p>Palkittu kulttuuritoimittaja kuoli kotonaan t\u00e4ll\u00e4 viikolla.<\/p>\n<p><img decoding=\"async\" class=\"image image-show image-preview\" src=\"https:\/\/www.europesays.com\/fi\/wp-content\/uploads\/2025\/10\/08cf9fa31009eac4878c669b68f984e93cecf56670d12043242ca0a751abfa98.jpg\" alt=\"\"\/><img decoding=\"async\" class=\"image image-show\" src=\"https:\/\/www.europesays.com\/fi\/wp-content\/uploads\/2025\/10\/1760865907_759_08cf9fa31009eac4878c669b68f984e93cecf56670d12043242ca0a751abfa98.jpg\" alt=\"\"\/><\/p>\n<p>Jan Granberg on kuollut. AOP<\/p>\n<p class=\"paragraph\">Kulttuuritoimittajana ja kriitikkona tunnettu <strong>Jan Granberg<\/strong> on kuollut 80-vuotiaana. Granbergin kuoleman vahvistaa <a href=\"https:\/\/www.hbl.fi\/2025-10-17\/hbls-kritiker-jan-granberg-ar-dod\/?fbclid=IwY2xjawNhdxxleHRuA2FlbQIxMQABHgmbVesMioWQn-lll1gdeu2HGMSlg9_NLVizwlHJT7slnJHoivOHC0bY94Il_aem_7M5bokz_zK_1XoABCBmynw\" rel=\"noopener nofollow\" target=\"_blank\">Hufvudstadsbladet<\/a>-lehdelle h\u00e4nen veljens\u00e4.<\/p>\n<p class=\"paragraph\">Granberg nukkui pois kotonaan Kruununhaassa, Helsingiss\u00e4 t\u00e4ll\u00e4 viikolla, kerrotaan Opera Boxin <a href=\"https:\/\/www.facebook.com\/photo\/?fbid=1292612082904808&amp;set=a.562997955866228\" rel=\"noopener nofollow\" target=\"_blank\">Facebook-sivuilla<\/a>.<\/p>\n<p class=\"paragraph\">\u2013 Jan Granberg oli intohimoinen oopperan tuntija, jonka syv\u00e4llinen ymm\u00e4rrys rikastuttivat suomalaista kulttuuriel\u00e4m\u00e4\u00e4 vuosikymmenten ajan. Hufvudstadsbladetin pitk\u00e4aikaisena kriitikkona h\u00e4n kirjoitti tuhansia arvosteluja, jotka eiv\u00e4t vain analysoineet esityksi\u00e4 vaan my\u00f6s sytyttiv\u00e4t kipin\u00e4n kuulijoissa ja lukijoissa. Me Opera BOXissa muistamme Janin l\u00e4mpim\u00e4n\u00e4 tukijanamme ja oppaana oopperan maailmaan, yst\u00e4v\u00e4n\u00e4, joka jakoi tietonsa avok\u00e4tisesti, kerrotaan p\u00e4ivityksess\u00e4.<\/p>\n<p class=\"paragraph\">\u2013 Lep\u00e4\u00e4 rauhassa, rakas Jan. Kiitos kaikesta, mit\u00e4 annoit meille.<\/p>\n<p class=\"paragraph\">HBL kertoo, ett\u00e4 alun perin matemaatikoksi kouluttautunut Granberg ty\u00f6skenteli Ylell\u00e4 radiotoimittajana, vahvuutenaan musiikkitiet\u00e4mys. H\u00e4n loi uraa my\u00f6s oopperakriitikkona Hufvudstadsbladetissa, johon h\u00e4n kirjoitti tuhansia arvosteluja kuitenkaan siltoja polttamatta. H\u00e4nelle my\u00f6nnettiin vuonna 2007 Topelius-palkinto. Palkitun toimittajan viimeisin julkaistu tekstins\u00e4 oli arvostelu <strong>Kaija Saariahon<\/strong> \u00c9milien tuotannosta Avantin kes\u00e4musiikkifestivaaleilla Porvoossa kes\u00e4kuun lopussa.<\/p>\n","protected":false},"excerpt":{"rendered":"Palkittu kulttuuritoimittaja kuoli kotonaan t\u00e4ll\u00e4 viikolla. Jan Granberg on kuollut. AOP Kulttuuritoimittajana ja kriitikkona tunnettu Jan Granberg on&hellip;\n","protected":false},"author":2,"featured_media":66268,"comment_status":"","ping_status":"","sticky":false,"template":"","format":"standard","meta":{"footnotes":""},"categories":[12],"tags":[35,22,23,26,27,33,31,30,17,763,24,25,28,29,1616,47,15,18,21,32,397,485,484,19,20,16],"class_list":{"0":"post-66267","1":"post","2":"type-post","3":"status-publish","4":"format-standard","5":"has-post-thumbnail","7":"category-suomi","8":"tag-24h","9":"tag-breaking-news","10":"tag-breakingnews","11":"tag-featured-news","12":"tag-featurednews","13":"tag-fi","14":"tag-finland","15":"tag-finnish","16":"tag-headlines","17":"tag-kulttuuri-ja-viihde","18":"tag-latest-news","19":"tag-latestnews","20":"tag-main-news","21":"tag-mainnews","22":"tag-media-viestinta","23":"tag-musiikki","24":"tag-news","25":"tag-otsikot","26":"tag-paauutiset","27":"tag-suomi","28":"tag-taide","29":"tag-taide-yleista","30":"tag-taiteellinen-ilmaisu-ja-mediat","31":"tag-top-stories","32":"tag-topstories","33":"tag-uutiset"},"share_on_mastodon":{"url":"","error":""},"_links":{"self":[{"href":"https:\/\/www.europesays.com\/fi\/wp-json\/wp\/v2\/posts\/66267","targetHints":{"allow":["GET"]}}],"collection":[{"href":"https:\/\/www.europesays.com\/fi\/wp-json\/wp\/v2\/posts"}],"about":[{"href":"https:\/\/www.europesays.com\/fi\/wp-json\/wp\/v2\/types\/post"}],"author":[{"embeddable":true,"href":"https:\/\/www.europesays.com\/fi\/wp-json\/wp\/v2\/users\/2"}],"replies":[{"embeddable":true,"href":"https:\/\/www.europesays.com\/fi\/wp-json\/wp\/v2\/comments?post=66267"}],"version-history":[{"count":0,"href":"https:\/\/www.europesays.com\/fi\/wp-json\/wp\/v2\/posts\/66267\/revisions"}],"wp:featuredmedia":[{"embeddable":true,"href":"https:\/\/www.europesays.com\/fi\/wp-json\/wp\/v2\/media\/66268"}],"wp:attachment":[{"href":"https:\/\/www.europesays.com\/fi\/wp-json\/wp\/v2\/media?parent=66267"}],"wp:term":[{"taxonomy":"category","embeddable":true,"href":"https:\/\/www.europesays.com\/fi\/wp-json\/wp\/v2\/categories?post=66267"},{"taxonomy":"post_tag","embeddable":true,"href":"https:\/\/www.europesays.com\/fi\/wp-json\/wp\/v2\/tags?post=66267"}],"curies":[{"name":"wp","href":"https:\/\/api.w.org\/{rel}","templated":true}]}}