{"id":66279,"date":"2025-10-19T09:47:11","date_gmt":"2025-10-19T09:47:11","guid":{"rendered":"https:\/\/www.europesays.com\/fi\/66279\/"},"modified":"2025-10-19T09:47:11","modified_gmt":"2025-10-19T09:47:11","slug":"taivas-loi-tulta-viime-yona-katso-kuvat","status":"publish","type":"post","link":"https:\/\/www.europesays.com\/fi\/66279\/","title":{"rendered":"Taivas l\u00f6i tulta viime y\u00f6n\u00e4 \u2013 Katso kuvat"},"content":{"rendered":"<p>Iltalehden lukijat taltioivat revontulia mykist\u00e4viksi kuviksi.<\/p>\n<p><img decoding=\"async\" class=\"image image-show image-preview\" src=\"https:\/\/www.europesays.com\/fi\/wp-content\/uploads\/2025\/10\/5739542bf9fe49653b01ca17087b151f87ada5f88b524b4654650c0d5e400195.jpg\" alt=\"\"\/><img decoding=\"async\" class=\"image image-show\" src=\"https:\/\/www.europesays.com\/fi\/wp-content\/uploads\/2025\/10\/1760867231_711_5739542bf9fe49653b01ca17087b151f87ada5f88b524b4654650c0d5e400195.jpg\" alt=\"\"\/><\/p>\n<p>Taivas loimusi vihre\u00e4n\u00e4 Pirkanmaalla. &#8221;Revontulet n\u00e4kyiv\u00e4t nyt kunnolla Parkanossa&#8221;, kuvan ottanut Soili Jalava kertoo. H\u00e4n kertoo, ett\u00e4 pilvet haittasivat n\u00e4kyvyytt\u00e4 alkuillasta, mutta sitten taivas selkeni.  Soili Jalava<\/p>\n<p class=\"paragraph\">Upeat revontulet ihastuttivat eri puolilla Suomea lauantai-iltana ja sunnuntain vastaisena y\u00f6n\u00e4.<\/p>\n<p class=\"paragraph\">Moni sai ikuistettua v\u00e4reiss\u00e4 leiskuvan taivaan kameralle. Iltalehden lukijoilta saamien vinkkien mukaan revontulia n\u00e4kyi muun muassa p\u00e4\u00e4kaupunkiseudulla, Porvoossa, Lahdessa, R\u00e4\u00e4kkyl\u00e4ss\u00e4, Kontiolahdella ja aina Iiss\u00e4 asti.<\/p>\n<p>N\u00e4in upeina leiskuivat revontulet Iiss\u00e4 Pohjois-Pohjanmaalla lauantai-iltana kello yhdeks\u00e4n maissa. &#8221;Olihan se aika mahtavaa&#8221;, kuvan ottanut Aleksi L. kuvailee tunnelmiaan. H\u00e4n kertoo, ett\u00e4 kuva on otettu puhelimella. &#8221;Aika mahtavia kuvia saa nykypuhelimilla otettua&#8221;, Aleksi sanoo. Aleksi L.\/Lukijan kuva<\/p>\n<p>Revontulet maalasivat taivaan v\u00e4reihin nykyisin Savonlinnaan kuuluvalla Punkaharjulla Etel\u00e4-Savossa. Lukijan kuva<\/p>\n<p>Revontulia p\u00e4\u00e4stiin ihastelemaan my\u00f6s etel\u00e4isess\u00e4 Suomessa. T\u00e4m\u00e4 otos on otettu Vantaan Kivist\u00f6ss\u00e4  noin kello 22.20 aikoihin lauantai-iltana. &#8221;Olimme todella ihmeiss\u00e4mme, kun katsoimme taivaalle, ett\u00e4 voivatko nuo olla revontulia ja viel\u00e4 n\u00e4in Etel\u00e4-Suomessa, mutta kyll\u00e4 ne olivat ja viel\u00e4 tosi kirkkaita&#8221;, kuvan l\u00e4hett\u00e4neet Oona ja Aava kertovat. Oona ja Aava\/Lukijan kuva<\/p>\n","protected":false},"excerpt":{"rendered":"Iltalehden lukijat taltioivat revontulia mykist\u00e4viksi kuviksi. Taivas loimusi vihre\u00e4n\u00e4 Pirkanmaalla. &#8221;Revontulet n\u00e4kyiv\u00e4t nyt kunnolla Parkanossa&#8221;, kuvan ottanut Soili&hellip;\n","protected":false},"author":2,"featured_media":66280,"comment_status":"","ping_status":"","sticky":false,"template":"","format":"standard","meta":{"footnotes":""},"categories":[112],"tags":[35,5566,33,31,30,4132,3646,1616,6626,118,32,119],"class_list":{"0":"post-66279","1":"post","2":"type-post","3":"status-publish","4":"format-standard","5":"has-post-thumbnail","7":"category-tiede","8":"tag-24h","9":"tag-alpress-oy","10":"tag-fi","11":"tag-finland","12":"tag-finnish","13":"tag-iltapaivalehdet","14":"tag-kustantamo","15":"tag-media-viestinta","16":"tag-sanomalehtien-kustantaminen","17":"tag-science","18":"tag-suomi","19":"tag-tiede"},"share_on_mastodon":{"url":"","error":""},"_links":{"self":[{"href":"https:\/\/www.europesays.com\/fi\/wp-json\/wp\/v2\/posts\/66279","targetHints":{"allow":["GET"]}}],"collection":[{"href":"https:\/\/www.europesays.com\/fi\/wp-json\/wp\/v2\/posts"}],"about":[{"href":"https:\/\/www.europesays.com\/fi\/wp-json\/wp\/v2\/types\/post"}],"author":[{"embeddable":true,"href":"https:\/\/www.europesays.com\/fi\/wp-json\/wp\/v2\/users\/2"}],"replies":[{"embeddable":true,"href":"https:\/\/www.europesays.com\/fi\/wp-json\/wp\/v2\/comments?post=66279"}],"version-history":[{"count":0,"href":"https:\/\/www.europesays.com\/fi\/wp-json\/wp\/v2\/posts\/66279\/revisions"}],"wp:featuredmedia":[{"embeddable":true,"href":"https:\/\/www.europesays.com\/fi\/wp-json\/wp\/v2\/media\/66280"}],"wp:attachment":[{"href":"https:\/\/www.europesays.com\/fi\/wp-json\/wp\/v2\/media?parent=66279"}],"wp:term":[{"taxonomy":"category","embeddable":true,"href":"https:\/\/www.europesays.com\/fi\/wp-json\/wp\/v2\/categories?post=66279"},{"taxonomy":"post_tag","embeddable":true,"href":"https:\/\/www.europesays.com\/fi\/wp-json\/wp\/v2\/tags?post=66279"}],"curies":[{"name":"wp","href":"https:\/\/api.w.org\/{rel}","templated":true}]}}