{"id":66292,"date":"2025-10-19T10:06:08","date_gmt":"2025-10-19T10:06:08","guid":{"rendered":"https:\/\/www.europesays.com\/fi\/66292\/"},"modified":"2025-10-19T10:06:08","modified_gmt":"2025-10-19T10:06:08","slug":"unelmoiminen-on-vastarintaa-kirjailija-chimamanda-ngozi-adichie-sanoo-beyonce-kaytti-kirjailijan-puhetta-kappaleessaan-kulttuuricocktail","status":"publish","type":"post","link":"https:\/\/www.europesays.com\/fi\/66292\/","title":{"rendered":"\u201dUnelmoiminen on vastarintaa\u201d, kirjailija Chimamanda Ngozi Adichie sanoo \u2013 Beyonc\u00e9 k\u00e4ytti kirjailijan puhetta kappaleessaan | Kulttuuricocktail"},"content":{"rendered":"<p class=\"aw-1gybjub aw-1p7kakr ghpEtB jtovHP yle__article__paragraph\"><strong class=\"aw-ak79eh KyCXm yle__article__strong\">Chimamanda Ngozi Adichie<\/strong> koki kirjailijan painajaisen.<\/p>\n<p class=\"aw-1gybjub aw-1p7kakr ghpEtB jtovHP yle__article__paragraph\">\u2013 En kyennyt kirjoittamaan moniin vuosiin. En tiennyt, milloin se p\u00e4\u00e4ttyisi. En kyennyt tavoittamaan sit\u00e4 osaa itsest\u00e4ni, joka on minulle kaikkein t\u00e4rkein.<\/p>\n<p class=\"aw-1gybjub aw-1p7kakr ghpEtB jtovHP yle__article__paragraph\">Nigerialaista Adichieta on kutsuttu kirjallisuuden rokkit\u00e4hdeksi ja feministi-ikoniksi.<\/p>\n<p class=\"aw-1gybjub aw-1p7kakr ghpEtB jtovHP yle__article__paragraph\">Adichien TED-konferenssissa pit\u00e4m\u00e4 puhe We Should All Be Feminists kaikuu <strong class=\"aw-ak79eh KyCXm yle__article__strong\">Beyonc\u00e9n<\/strong> biisiss\u00e4 Flawless. Dior painoi sloganin t-paitaan. Nigeriassa h\u00e4n on yksi maan tunnetuimmista ihmisist\u00e4.<\/p>\n<p class=\"aw-1gybjub aw-1p7kakr ghpEtB jtovHP yle__article__paragraph\">Menestys ja kansainv\u00e4linen huomio eiv\u00e4t auttaneet, kun sanoja ei yht\u00e4kki\u00e4 tullutkaan.<\/p>\n<blockquote class=\"aw-5b7r8f cbYKVf\">\n<p class=\"aw-1gybjub aw-c9wyj2 ghpEtB gvGRkS\">Istuin l\u00e4pp\u00e4ri syliss\u00e4ni, mutta tunsin itseni t\u00e4ysin tyhj\u00e4ksi.<\/p>\n<\/blockquote>\n<p class=\"aw-1gybjub aw-1p7kakr ghpEtB jtovHP yle__article__paragraph\">Adichie kirjoitti kyll\u00e4, muun muassa omakohtaisen esseen edesmenneest\u00e4 is\u00e4st\u00e4\u00e4n, mutta fiktiota ei syntynyt. H\u00e4n etsi sanoja lukemalla uudestaan itselleen rakkaita kirjoja.<\/p>\n<p class=\"aw-1gybjub aw-1p7kakr ghpEtB jtovHP yle__article__paragraph\">\u2013 Kaikki n\u00e4m\u00e4 vuodet yritin kirjoittaa. Koin dramaattisia hetki\u00e4. Istuin l\u00e4pp\u00e4ri syliss\u00e4ni, mutta tunsin itseni t\u00e4ysin tyhj\u00e4ksi.<\/p>\n<p class=\"aw-1gybjub aw-1p7kakr ghpEtB jtovHP yle__article__paragraph\">Adichien nelj\u00e4s romaani Unelmia (Otava 2025) julkaistiin englanniksi viime kev\u00e4\u00e4n\u00e4, 12 vuoden tauon j\u00e4lkeen.<\/p>\n<p class=\"aw-1gybjub aw-1p7kakr ghpEtB jtovHP yle__article__paragraph\">Mik\u00e4 sai sanat palaamaan?<\/p>\n<p class=\"aw-1gybjub aw-1p7kakr ghpEtB jtovHP yle__article__paragraph\">\u2013 Aloin kuulla \u00e4\u00e4ni\u00e4 mieless\u00e4ni, Adichie naurahtaa.<\/p>\n<p class=\"aw-1gybjub aw-1p7kakr ghpEtB jtovHP yle__article__paragraph\">Suuremmin h\u00e4n ei tapahtunutta mystifioi.<\/p>\n<p class=\"aw-1gybjub aw-1p7kakr ghpEtB jtovHP yle__article__paragraph\">\u2013 Valkoisen paperin kammo v\u00e4istyi. Aloin j\u00e4lleen kirjoittaa.<\/p>\n<p><img decoding=\"async\" alt=\"Henkil\u00f6 hymyilee p\u00e4\u00e4ss\u00e4\u00e4n punainen turbaani.\" src=\"https:\/\/www.europesays.com\/fi\/wp-content\/uploads\/2025\/10\/39-153515868e6478b8476a.jpeg\" loading=\"lazy\" class=\"aw-1l9m598 hKVVvP\"\/><\/p>\n<p>Avaa kuvien katselu<\/p>\n<p>Adichien edellinen romaani Kotiinpalaajat oli valtava menestys. The New York Times Book Review on listannut kirjan 2000-luvun 27. merkitt\u00e4v\u00e4mm\u00e4ksi romaaniksi. Kuva: Antti Lempi\u00e4inenRakkaus ja feminismi<\/p>\n<p class=\"aw-1gybjub aw-1p7kakr ghpEtB jtovHP yle__article__paragraph\">Adichie on kertonut, ett\u00e4 uuden kirjan taustalla on tytt\u00e4ren suru \u00e4idin kuolemasta. Kirjailijan \u00e4iti kuoli vuonna 2021, is\u00e4 vuotta aiemmin.<\/p>\n<p class=\"aw-1gybjub aw-1p7kakr ghpEtB jtovHP yle__article__paragraph\">Kirjailijan puheissa onnellinen lapsuus rakastavassa perheess\u00e4 ja vihainen feminismi kietoutuvat toisiinsa.<\/p>\n<p class=\"aw-1gybjub aw-1p7kakr ghpEtB jtovHP yle__article__paragraph\">\u2013 Jumaloin vanhempiani. Heid\u00e4n rakkautensa muovasi minut, ja se teki minusta feministin. Tiesin aina, ett\u00e4 minua rakastetaan, ett\u00e4 olen rakkauden arvoinen. Kun olin teini-ik\u00e4inen, esimerkiksi, minulla ei ollut aikaa typerille poikayst\u00e4ville. Jos he eiv\u00e4t rakastaneet minua kylliksi, jatkoin matkaa, Adichie sanoo.<\/p>\n<p class=\"aw-1gybjub aw-1p7kakr ghpEtB jtovHP yle__article__paragraph\">H\u00e4n sanoo toivovansa samaa jokaiselle naiselle maailmassa.<\/p>\n<p class=\"aw-1gybjub aw-1p7kakr ghpEtB jtovHP yle__article__paragraph\">Adichie painottaa, ettei ole feministinen kirjailija. H\u00e4n puhuu asiasta alla olevalla videolla.<\/p>\n<p class=\"aw-1gybjub aw-1p7kakr ghpEtB jtovHP yle__article__paragraph\">\u2013 Olen kirjailija, joka on feministi.<\/p>\n<p class=\"aw-1gybjub aw-1p7kakr ghpEtB jtovHP yle__article__paragraph\">Erottelu on h\u00e4nelle t\u00e4rke\u00e4.<\/p>\n<p class=\"aw-1gybjub aw-1p7kakr ghpEtB jtovHP yle__article__paragraph\">\u2013 Feministi-puoleni on paljon vihaisempi. Kirjoittaja minussa on uteliaampi, halukkaampi tunnustamaan asioiden monimutkaisuuden ja harmaat alueet. Feministi minussa raivoaa ja vaatii tasa-arvoa.<\/p>\n<p class=\"aw-1gybjub aw-1p7kakr ghpEtB jtovHP yle__article__paragraph\">Toisaalta Adichie uskoo, ett\u00e4 jos jokin asia on ihmiselle aidosti t\u00e4rke\u00e4, se v\u00e4littyy kaikessa mit\u00e4 tekee.<\/p>\n<p>Raiskaus joka ei j\u00e4tt\u00e4nyt rauhaan<\/p>\n<p class=\"aw-1gybjub aw-1p7kakr ghpEtB jtovHP yle__article__paragraph\">Olennainen sytyke Unelmia-romaaniin oli Adichien halu kirjoittaa <strong class=\"aw-ak79eh KyCXm yle__article__strong\">Nafissatou Diallosta,<\/strong> guinealaisesta hotellisiivoojasta, joka kertoi Kansainv\u00e4lisen valuuttarahaston p\u00e4\u00e4johtaja <strong class=\"aw-ak79eh KyCXm yle__article__strong\">Dominique Strauss-Kahnin<\/strong> raiskanneen h\u00e4net hotellihuoneessa vuonna 2011.<\/p>\n<p class=\"aw-1gybjub aw-1p7kakr ghpEtB jtovHP yle__article__paragraph\">Syytteet hyl\u00e4ttiin aikoinaan oikeudessa, koska Dialloa ei pidetty luotettavana. Diallo nosti siviilikanteen, joka p\u00e4\u00e4ttyi osapuolten <a class=\"aw-iao6s4 iHOxEa yle__article__link\" href=\"https:\/\/yle.fi\/a\/3-6410482\" role=\"link\" rel=\"nofollow noopener\" target=\"_blank\">sopimukseen<\/a>. <a class=\"aw-iao6s4 iHOxEa yle__article__link\" href=\"https:\/\/yle.fi\/a\/3-5425380\" role=\"link\" rel=\"nofollow noopener\" target=\"_blank\">Strauss-Kahn my\u00f6nsi seksin, ei v\u00e4kivaltaa.<\/a><\/p>\n<p class=\"aw-1gybjub aw-1p7kakr ghpEtB jtovHP yle__article__paragraph\">Romaanissa sama tapahtuu guinealaiselle naiselle nimelt\u00e4 Kadiatou.<\/p>\n<p class=\"aw-1gybjub aw-1p7kakr ghpEtB jtovHP yle__article__paragraph\">Tapahtunut ei j\u00e4tt\u00e4nyt Adichieta rauhaan. H\u00e4n julkaisi aiheesta esseen, mutta se ei tuntunut riitt\u00e4v\u00e4lt\u00e4.<\/p>\n<p class=\"aw-1gybjub aw-1p7kakr ghpEtB jtovHP yle__article__paragraph\">\u201dSeurasin tapausta tiiviisti, jopa kiihke\u00e4sti. Se kosketti monia ajankohtaisia yhdysvaltalaisen el\u00e4m\u00e4n polttopisteit\u00e4, valtaa ja seksuaalirikoksia, sukupuolta ja maahanmuuttoa ja rotukysymyksi\u00e4\u201d, Adichie kirjoittaa romaanin j\u00e4lkisanoissa.<\/p>\n<p class=\"aw-1gybjub aw-1p7kakr ghpEtB jtovHP yle__article__paragraph\">\u201dMinusta raiskauskohtaus, sellaisena kuin h\u00e4n oli sen kuvaillut, oli kuin siemen, jonka ymp\u00e4rille annoin mielikuvitukseni punoutua\u201d.<\/p>\n<p class=\"aw-1gybjub aw-1p7kakr ghpEtB jtovHP yle__article__paragraph\">Luovuus, kuvaa Adichie, voi saada syk\u00e4yksen tarpeesta oikaista v\u00e4\u00e4ryys.<\/p>\n<blockquote class=\"aw-5b7r8f cbYKVf\">\n<p class=\"aw-1gybjub aw-c9wyj2 ghpEtB gvGRkS\">Unelmoiminen on vastarintaa. Unelmoimalla sanot ei rajoituksille, joita sinulle asetetaan.<\/p>\n<\/blockquote>\n<p class=\"aw-1gybjub aw-1p7kakr ghpEtB jtovHP yle__article__paragraph\">Adichien romaanin englanninkielinen nimi, Dream Count, viittaa termiin bodycount, joka alunperin tarkoittaa tapettujen tai kuolleiden ihmisten m\u00e4\u00e4r\u00e4\u00e4. Termi\u00e4 on alettu k\u00e4ytt\u00e4\u00e4 my\u00f6s kuvaamaan seksikumppanien lukum\u00e4\u00e4r\u00e4\u00e4.<\/p>\n<p class=\"aw-1gybjub aw-1p7kakr ghpEtB jtovHP yle__article__paragraph\">Suomenkielinen nimi Unelmia ei tavoita alkuper\u00e4isen nimen monimerkityksisyytt\u00e4.<\/p>\n<p class=\"aw-1gybjub aw-1p7kakr ghpEtB jtovHP yle__article__paragraph\">\u2013 Unelmat ovat t\u00e4rkeit\u00e4. Tarkoitan sit\u00e4, kun ihminen el\u00e4\u00e4 kuvitelmissaan el\u00e4m\u00e4\u00e4, jollaisen haluaisi itselleen. El\u00e4m\u00e4\u00e4, jollaista h\u00e4n l\u00e4htee tavoittelemaan.<\/p>\n<p class=\"aw-1gybjub aw-1p7kakr ghpEtB jtovHP yle__article__paragraph\">\u2013 Erityisen t\u00e4rke\u00e4\u00e4 t\u00e4m\u00e4 on naisille. Kun olet osa ryhm\u00e4\u00e4, joka on pitk\u00e4\u00e4n ollut syrj\u00e4ytetty ja v\u00e4heksytty, unelmoiminen on vastarintaa. Unelmoimalla sanot ei rajoituksille, joita sinulle asetetaan.<\/p>\n<p>Amerikka, unelmien maa<\/p>\n<p class=\"aw-1gybjub aw-1p7kakr ghpEtB jtovHP yle__article__paragraph\">Unelmia-romaanissa Adichie k\u00e4sittelee Nigerian ja Yhdysvaltojen eroja. Kolme kirjan p\u00e4\u00e4henkil\u00f6ist\u00e4 on vauraita nigerialaisia naisia, jotka eri syist\u00e4 p\u00e4\u00e4tyv\u00e4t Amerikkaan.<\/p>\n<p class=\"aw-1gybjub aw-1p7kakr ghpEtB jtovHP yle__article__paragraph\">Chimamanda Ngozi Adichie kertoo itse menneens\u00e4 onnesta sekaisin muutettuaan nuorena opiskelijana Yhdysvaltoihin. H\u00e4n opiskeli l\u00e4\u00e4ketiedett\u00e4 Nigeriassa, mutta ala ei kiinnostanut h\u00e4nt\u00e4 en\u00e4\u00e4.<\/p>\n<p class=\"aw-1gybjub aw-1p7kakr ghpEtB jtovHP yle__article__paragraph\">Amerikkalaisen yliopiston vapaus tuntui huumaavalta: Adichie saattoi valita mit\u00e4 kursseja ikin\u00e4 halusi.<\/p>\n<p class=\"aw-1gybjub aw-1p7kakr ghpEtB jtovHP yle__article__paragraph\">\u2013 Nigeriassa ei ole vastaavaa valinnanvapautta. L\u00e4\u00e4ketieteen opiskelija ei voi valita taidekursseja.<\/p>\n<p class=\"aw-1gybjub aw-1p7kakr ghpEtB jtovHP yle__article__paragraph\">Amerikassa Adichie t\u00f6rm\u00e4si siihen, kuinka afrikkalaisista maahanmuuttajista puhuttaessa sanottiin heid\u00e4n paenneen kotimaastaan, joko n\u00e4l\u00e4nh\u00e4t\u00e4\u00e4 tai sotaa.<\/p>\n<p class=\"aw-1gybjub aw-1p7kakr ghpEtB jtovHP yle__article__paragraph\">\u2013 Sanoin silloin, ett\u00e4 kyll\u00e4, min\u00e4kin pakenin. Mutta min\u00e4 pakenin l\u00e4\u00e4ketieteen opintoja.<\/p>\n<p>Mies kosii ja nainen yll\u00e4ttyy<\/p>\n<p class=\"aw-1gybjub aw-1p7kakr ghpEtB jtovHP yle__article__paragraph\">Adichieta kiinnostaa se, miss\u00e4 m\u00e4\u00e4rin naisilla on valtaa rakkausel\u00e4m\u00e4\u00e4ns\u00e4.<\/p>\n<p class=\"aw-1gybjub aw-1p7kakr ghpEtB jtovHP yle__article__paragraph\">\u2013 Heteroseksuaalisten suhteiden valtadynamiikka toimii niin, ett\u00e4 olitpa kuinka itsen\u00e4inen ja \u00e4lyk\u00e4s nainen hyv\u00e4ns\u00e4, et voi v\u00e4ltt\u00e4m\u00e4tt\u00e4 vaikuttaa suhteen etenemiseen. Mies kosii ja nainen yll\u00e4ttyy, kuin h\u00e4nelle olisi ojennettu suurenmoinen lahja. Kosinta on hyvin l\u00e4nsimainen idea, mutta se vaikuttaa eri kulttuureissa laajemminkin.<\/p>\n<p class=\"aw-1gybjub aw-1p7kakr ghpEtB jtovHP yle__article__paragraph\">Adichien naishahmot suhtautuvat rakkauteen eri tavoin.<\/p>\n<p class=\"aw-1gybjub aw-1p7kakr ghpEtB jtovHP yle__article__paragraph\">Hahmo nimelt\u00e4 Chiamaka on matkakirjailija, joka koronapandemian aiheuttamassa eristyksess\u00e4 ja tyhjyydess\u00e4 havahtuu ynn\u00e4\u00e4m\u00e4\u00e4n kariutuneita unelmiaan, k\u00e4ym\u00e4\u00e4n l\u00e4pi el\u00e4m\u00e4\u00e4ns\u00e4 ja taajaan vaihtuneita rakkauksiaan.<\/p>\n<p><img decoding=\"async\" alt=\"Punaiseen iltapukuun pukeutunut nainen. Puvussa on n\u00e4ytt\u00e4vi\u00e4 sulkaisia yksityiskohtia. Taustalla n\u00e4kyy kukkia.\" src=\"https:\/\/www.europesays.com\/fi\/wp-content\/uploads\/2025\/10\/39-153907968f0b22a1152a.jpeg\" loading=\"lazy\" class=\"aw-1l9m598 hKVVvP\"\/><\/p>\n<p>Avaa kuvien katselu<\/p>\n<p>Chimamanda Ngozi Adichie Met-gaalassa toukokuussa 2025. Kuva: Victoria Jones<\/p>\n<p class=\"aw-1gybjub aw-1p7kakr ghpEtB jtovHP yle__article__paragraph\">Adichie toteaa, ett\u00e4 Chiamakalle Amerikka on unelmien paikka, koska h\u00e4n ei ole perinteinen nainen. Chiamaka tiet\u00e4\u00e4, ett\u00e4 Nigeriassa h\u00e4neen kohdistuu monenlaisia odotuksia, mutta Amerikassa ei ole outoa olla outo.<\/p>\n<p class=\"aw-1gybjub aw-1p7kakr ghpEtB jtovHP yle__article__paragraph\">Chiamakan yst\u00e4v\u00e4 Zikora nimenomaan haluaa lapsia ja perheen.<\/p>\n<p class=\"aw-1gybjub aw-1p7kakr ghpEtB jtovHP yle__article__paragraph\">\u2013 Zikora ei ole feministi. Feministin on kyett\u00e4v\u00e4 asettamaan itsens\u00e4 etusijalle, Adichie pohtii.<\/p>\n<p class=\"aw-1gybjub aw-1p7kakr ghpEtB jtovHP yle__article__paragraph\">Romaanin kolmas nigerialaisnainen, Omelogor, ei etsi miest\u00e4 rinnalleen.<\/p>\n<p class=\"aw-1gybjub aw-1p7kakr ghpEtB jtovHP yle__article__paragraph\">\u2013 Siin\u00e4 on jotain l\u00e4hes vallankumouksellista yhteiskunnassa, jossa nainen opetetaan ajattelemaan, ett\u00e4 he tarvitsevat miehen. Mit\u00e4 ikin\u00e4 nainen haluaakaan saavuttaa, miehen l\u00f6yt\u00e4misen kuuluu olla yksi el\u00e4m\u00e4n p\u00e4\u00e4tavoitteista.<\/p>\n<p>Romaanihenkil\u00f6n paluu<\/p>\n<p class=\"aw-1gybjub aw-1p7kakr ghpEtB jtovHP yle__article__paragraph\">Unelmia-romaanin hahmoista guinealaisella Kadiatoulla on selv\u00e4 esikuva tosimaailmassa. Mutta mist\u00e4 Chiamaka, Zikora ja Omelogor ovat per\u00e4isin?<\/p>\n<p class=\"aw-1gybjub aw-1p7kakr ghpEtB jtovHP yle__article__paragraph\">\u2013 He ilmestyiv\u00e4t minulle. Olen aina uskonut, ett\u00e4 romaanihenkil\u00f6t alkavat el\u00e4\u00e4 omaa el\u00e4\u00e4ns\u00e4, Adichie sanoo.<\/p>\n<p class=\"aw-1gybjub aw-1p7kakr ghpEtB jtovHP yle__article__paragraph\">Ensimm\u00e4inen \u00e4\u00e4ni, jonka Chimamanda Ngozi Adichie mieless\u00e4\u00e4n kuuli, kuului Chiamakalle.<\/p>\n<p class=\"aw-1gybjub aw-1p7kakr ghpEtB jtovHP yle__article__paragraph\">Ja niin kirjailija p\u00e4\u00e4si pinteest\u00e4. Sanat tulivat takaisin.<\/p>\n<p class=\"aw-1gybjub aw-1p7kakr ghpEtB jtovHP yle__article__paragraph\">Unelmia-kirja on Cristina Sandun k\u00e4\u00e4nt\u00e4m\u00e4. Adichieta haastateltiin Kulttuuricocktail Kirjat -sarjan jaksoon. Katso jakso alta.<\/p>\n<p><img decoding=\"async\" alt=\"\" src=\"https:\/\/www.europesays.com\/fi\/wp-content\/uploads\/2025\/10\/13-1-72620310-1759206516760.jpeg\" class=\"aw-1l9m598 hKVVvP\"\/><\/p>\n","protected":false},"excerpt":{"rendered":"Chimamanda Ngozi Adichie koki kirjailijan painajaisen. \u2013 En kyennyt kirjoittamaan moniin vuosiin. En tiennyt, milloin se p\u00e4\u00e4ttyisi. En&hellip;\n","protected":false},"author":2,"featured_media":66293,"comment_status":"","ping_status":"","sticky":false,"template":"","format":"standard","meta":{"footnotes":""},"categories":[134],"tags":[15012,377,15011,137,2615,33,31,30,379,378,108,8578,380,32,3577,109],"class_list":{"0":"post-66292","1":"post","2":"type-post","3":"status-publish","4":"format-standard","5":"has-post-thumbnail","7":"category-kirjat","8":"tag-beyonce","9":"tag-books","10":"tag-chimamanda-ngozi-adichie","11":"tag-entertainment","12":"tag-feminismi","13":"tag-fi","14":"tag-finland","15":"tag-finnish","16":"tag-kirjallisuus","17":"tag-kirjat","18":"tag-kulttuuri","19":"tag-nigeria","20":"tag-romaanit","21":"tag-suomi","22":"tag-tasa-arvo","23":"tag-viihde"},"share_on_mastodon":{"url":"","error":""},"_links":{"self":[{"href":"https:\/\/www.europesays.com\/fi\/wp-json\/wp\/v2\/posts\/66292","targetHints":{"allow":["GET"]}}],"collection":[{"href":"https:\/\/www.europesays.com\/fi\/wp-json\/wp\/v2\/posts"}],"about":[{"href":"https:\/\/www.europesays.com\/fi\/wp-json\/wp\/v2\/types\/post"}],"author":[{"embeddable":true,"href":"https:\/\/www.europesays.com\/fi\/wp-json\/wp\/v2\/users\/2"}],"replies":[{"embeddable":true,"href":"https:\/\/www.europesays.com\/fi\/wp-json\/wp\/v2\/comments?post=66292"}],"version-history":[{"count":0,"href":"https:\/\/www.europesays.com\/fi\/wp-json\/wp\/v2\/posts\/66292\/revisions"}],"wp:featuredmedia":[{"embeddable":true,"href":"https:\/\/www.europesays.com\/fi\/wp-json\/wp\/v2\/media\/66293"}],"wp:attachment":[{"href":"https:\/\/www.europesays.com\/fi\/wp-json\/wp\/v2\/media?parent=66292"}],"wp:term":[{"taxonomy":"category","embeddable":true,"href":"https:\/\/www.europesays.com\/fi\/wp-json\/wp\/v2\/categories?post=66292"},{"taxonomy":"post_tag","embeddable":true,"href":"https:\/\/www.europesays.com\/fi\/wp-json\/wp\/v2\/tags?post=66292"}],"curies":[{"name":"wp","href":"https:\/\/api.w.org\/{rel}","templated":true}]}}