{"id":66298,"date":"2025-10-19T10:12:07","date_gmt":"2025-10-19T10:12:07","guid":{"rendered":"https:\/\/www.europesays.com\/fi\/66298\/"},"modified":"2025-10-19T10:12:07","modified_gmt":"2025-10-19T10:12:07","slug":"elamani-biisi-fanit-kiukustuivat-haluavat-muutoksen","status":"publish","type":"post","link":"https:\/\/www.europesays.com\/fi\/66298\/","title":{"rendered":"El\u00e4m\u00e4ni biisi -fanit kiukustuivat: Haluavat muutoksen"},"content":{"rendered":"<p>El\u00e4m\u00e4ni biisi ker\u00e4\u00e4 katsojia vuodesta toiseen, viikosta toiseen, koska formaatti on hyv\u00e4. Esiin p\u00e4\u00e4sev\u00e4t niin julkkisten lempimusiikki, arvoituksellisuus kuin timantin kovat laulajatkin.<\/p>\n<p>Vaikka suosio on huimaa, keskustelupalstoilla k\u00e4y my\u00f6s kriittinen kuhina. Ylen Facebookissa nostaa p\u00e4\u00e4t\u00e4\u00e4n monien kaipuu vanhojen t\u00e4htiartistien per\u00e4\u00e4n. Kaikki katsojat eiv\u00e4t ole t\u00e4ysin tyytyv\u00e4isi\u00e4 siihen, ketk\u00e4 kaikki biisilavalle t\u00e4t\u00e4 nyky\u00e4 nousevat. Asiasta kertoo my\u00f6s <a href=\"https:\/\/www.iltalehti.fi\/tv-ja-leffat\/a\/46dbc7a8-e1d0-401f-a722-ba70a9ccae0a?_gl=1*lkw1q6*_ga*NTEwNzYwNzAwLjE3NDMwODg3NjM.*_ga_3L539PMN3X*czE3NjA3OTkyMzgkbzQwNyRnMSR0MTc2MDgwMDk0OCRqNjAkbDAkaDA.\" rel=\"nofollow noopener\" target=\"_blank\">Iltalehti.<\/a><\/p>\n<p>Diandra ja Suvi pidetyimm\u00e4t<\/p>\n<p>Ohjelmassa artistit ovat vaihtuneet, ja viimeisimp\u00e4n\u00e4 on tervehditty Markku Aroa, joka on nostalgialegenda ja syk\u00e4hdytt\u00e4\u00e4 monien mieli\u00e4. My\u00f6s Diandraa jaksetaan ylist\u00e4\u00e4 \u2013 h\u00e4n on ollut ohjelmassa sen alusta saakka.<\/p>\n<p>Moni kuitenkin n\u00e4ytt\u00e4isi kaipaavan h\u00e4nen kanssaan samaan aikaan aloittaneita artisteja.<\/p>\n<p>Esimerkiksi Jarkko Aholaa kaivataan El\u00e4m\u00e4ni biisi -estradille takaisin. Mies oli mukana kolmanteen kauteen saakka. Paraikaa on meneill\u00e4\u00e4n kausi 7.<\/p>\n<p>Irinaa ja Vesterist\u00e4kin kaipaillaan ja ik\u00e4v\u00f6id\u00e4\u00e4n, ja Kasimiria.<\/p>\n<p>\u2013\u2009Ik\u00e4v\u00f6in Kasmiria, Vesterist\u00e4, puhumattakaan Jarkko Aholasta. N\u00e4m\u00e4 uudet, juu ei, Sinikka sanoo painavasti.<\/p>\n<p>My\u00f6s Pepe Willberg haluttaisiin mukaan.<\/p>\n<p>-Pepe on sellainen haavoittunut herkkien biisien tulkki, ehdottomasti h\u00e4nen pit\u00e4isi olla siell\u00e4. N\u00e4ist\u00e4 uusista en komppaa kuin Suvia ja Diandraa, muut ovat ihan h\u00f6p\u00f6j\u00e4, ihan pist\u00e4\u00e4 kiukuksi t\u00e4llaiset.<\/p>\n<p>-Vesteriselt\u00e4 taipuvat kaikki, s\u00e4\u00e4li ettei en\u00e4\u00e4.<\/p>\n<p>-Pid\u00e4n Kasimirin \u00e4\u00e4nest\u00e4 eniten.<\/p>\n<p>Keskustelua on k\u00e4yty my\u00f6s Vauva-palstalla.<\/p>\n<p>T\u00e4n\u00e4 vuonna El\u00e4m\u00e4ni biisiss\u00e4 laulavat Henri Piispanen, Johanna Rauma, JP Lepp\u00e4luoto, Lauri Mikkola, Markku Aro, Diandra ja Suvi Ter\u00e4sniska. <\/p>\n<p>Eniten kehuja kahmivat Diandra ja Suvi Ter\u00e4sniska.<\/p>\n<p>-Didi ja Ter\u00e4sniska ovat sellaisia voimanpesi\u00e4 ett\u00e4 kukaan mieslaulajista ei pysty samaan, muuan hehkuttaa.<\/p>\n<p>Lue my\u00f6s: <a href=\"https:\/\/www.como.fi\/uutiset\/danny-kiittaa-taivaan-isaa-jos-elamani-jatkuu\/\" title=\"Danny kiitt\u00e4\u00e4 taivaan is\u00e4\u00e4: \u201dJos el\u00e4m\u00e4ni jatkuu\u2026\u201d\" class=\"underline-custom !font-montserrat !font-bold !underline-offset-4 !decoration-4 !decoration-red-600 !text-md\" rel=\"nofollow noopener\" target=\"_blank\">Danny kiitt\u00e4\u00e4 taivaan is\u00e4\u00e4: \u201dJos el\u00e4m\u00e4ni jatkuu\u2026\u201d<\/a><\/p>\n<p>Lue my\u00f6s: <a href=\"https:\/\/www.como.fi\/uutiset\/elamani-biisin-suvi-terasniska-sai-itkukohtauksen-kesken-kuvauksen-koskettava-video\/\" title=\"El\u00e4m\u00e4ni biisin Suvi Ter\u00e4sniska sai itkukohtauksen kesken kuvauksen \u2013 koskettava video\" class=\"underline-custom !font-montserrat !font-bold !underline-offset-4 !decoration-4 !decoration-red-600 !text-md\" rel=\"nofollow noopener\" target=\"_blank\">El\u00e4m\u00e4ni biisin Suvi Ter\u00e4sniska sai itkukohtauksen kesken kuvauksen \u2013 koskettava video<\/a><\/p>\n<p>Lue my\u00f6s: <a href=\"https:\/\/www.como.fi\/tilaa-comon-uutiskirje\/\" title=\"Tilaa Comon uutiskirje ja tied\u00e4t mist\u00e4 kahvitauolla puhutaan! Nappaa kotimaan tv-vinkit ja puheenaiheet suoraan s\u00e4hk\u00f6postiin t\u00e4st\u00e4.\" class=\"underline-custom !font-montserrat !font-bold !underline-offset-4 !decoration-4 !decoration-red-600 !text-md\" rel=\"nofollow noopener\" target=\"_blank\">Tilaa Comon uutiskirje ja tied\u00e4t mist\u00e4 kahvitauolla puhutaan! Nappaa kotimaan tv-vinkit ja puheenaiheet suoraan s\u00e4hk\u00f6postiin t\u00e4st\u00e4.<\/a><\/p>\n","protected":false},"excerpt":{"rendered":"El\u00e4m\u00e4ni biisi ker\u00e4\u00e4 katsojia vuodesta toiseen, viikosta toiseen, koska formaatti on hyv\u00e4. Esiin p\u00e4\u00e4sev\u00e4t niin julkkisten lempimusiikki, arvoituksellisuus&hellip;\n","protected":false},"author":2,"featured_media":10107,"comment_status":"","ping_status":"","sticky":false,"template":"","format":"standard","meta":{"footnotes":""},"categories":[130],"tags":[4654,137,33,31,30,32,139,109],"class_list":{"0":"post-66298","1":"post","2":"type-post","3":"status-publish","4":"format-standard","5":"has-post-thumbnail","7":"category-viihde","8":"tag-elu00e4mu00e4ni-biisi","9":"tag-entertainment","10":"tag-fi","11":"tag-finland","12":"tag-finnish","13":"tag-suomi","14":"tag-tv-ohjelmat","15":"tag-viihde"},"share_on_mastodon":{"url":"","error":""},"_links":{"self":[{"href":"https:\/\/www.europesays.com\/fi\/wp-json\/wp\/v2\/posts\/66298","targetHints":{"allow":["GET"]}}],"collection":[{"href":"https:\/\/www.europesays.com\/fi\/wp-json\/wp\/v2\/posts"}],"about":[{"href":"https:\/\/www.europesays.com\/fi\/wp-json\/wp\/v2\/types\/post"}],"author":[{"embeddable":true,"href":"https:\/\/www.europesays.com\/fi\/wp-json\/wp\/v2\/users\/2"}],"replies":[{"embeddable":true,"href":"https:\/\/www.europesays.com\/fi\/wp-json\/wp\/v2\/comments?post=66298"}],"version-history":[{"count":0,"href":"https:\/\/www.europesays.com\/fi\/wp-json\/wp\/v2\/posts\/66298\/revisions"}],"wp:featuredmedia":[{"embeddable":true,"href":"https:\/\/www.europesays.com\/fi\/wp-json\/wp\/v2\/media\/10107"}],"wp:attachment":[{"href":"https:\/\/www.europesays.com\/fi\/wp-json\/wp\/v2\/media?parent=66298"}],"wp:term":[{"taxonomy":"category","embeddable":true,"href":"https:\/\/www.europesays.com\/fi\/wp-json\/wp\/v2\/categories?post=66298"},{"taxonomy":"post_tag","embeddable":true,"href":"https:\/\/www.europesays.com\/fi\/wp-json\/wp\/v2\/tags?post=66298"}],"curies":[{"name":"wp","href":"https:\/\/api.w.org\/{rel}","templated":true}]}}