{"id":66306,"date":"2025-10-19T10:28:09","date_gmt":"2025-10-19T10:28:09","guid":{"rendered":"https:\/\/www.europesays.com\/fi\/66306\/"},"modified":"2025-10-19T10:28:09","modified_gmt":"2025-10-19T10:28:09","slug":"apple-lasit-taittuvan-iphonen-hinta-ja-alykodin-laitteet-letem-svetem-applem","status":"publish","type":"post","link":"https:\/\/www.europesays.com\/fi\/66306\/","title":{"rendered":"Apple lasit, taittuvan iPhonen hinta ja \u00e4lykodin laitteet \u2013 Letem svetem Applem"},"content":{"rendered":"<p>Mit\u00e4 sin\u00e4 meille olet? Apple valmistautuu? Puhutaan \u00e4lykodin keskittimest\u00e4, taittuvasta iPhonesta, jossa on halvempi sarana, ja laseista, joissa on\u00a0visionK\u00e4ytt\u00f6j\u00e4rjestelm\u00e4. Ne saattavat saapua seuraavien kahden vuoden aikana \u00e4lykotirobotin ohella. Apple Joten se jatkaa teknologiamaailmansa laajentamista \u2013 ja siirt\u00e4\u00e4 hitaasti tuotantoa Kiinasta Vietnamiin.<\/p>\n<p>                                <a href=\"https:\/\/www.letemsvetemapplem.eu\/fi\/2025\/10\/12\/o-cem-se-septa-u-applu-m5-macbook-pro-a-ipady\/\" class=\"thumbnail\" title=\"Mist\u00e4 kuiskataan?\u00a0AppLU: M5 MacBook Pro I iPadite\" rel=\"nofollow noopener\" target=\"_blank\"><\/p>\n<p>    <img decoding=\"async\" class=\"lazyload landscape \"  data- src=\"https:\/\/www.europesays.com\/fi\/wp-content\/uploads\/2025\/10\/ipad-mini-verge-7-1.jpg\" title=\"ipad-mini-raja-7\" alt=\"ipad mini reunalla 7\" data-caption=\"\" data-orig-width=\"760\" data-orig-height=\"397\"\/><br \/>\n                    <\/a><\/p>\n<p>Apple valmistelee \u00e4lykotikeskusta, kameraa ja robottia. Hinnan odotetaan olevan huomattavasti kilpailijoita korkeampi.<\/p>\n<p>Apple valmistautuu laajentamaan \u00e4lykotiekosysteemi\u00e4\u00e4n entisest\u00e4\u00e4n. Viraston tietojen mukaan Bloomberg Vuonna 2026 n\u00e4emme uuden kodin keskittimen, jossa on 7 tuuman kosketusn\u00e4ytt\u00f6 ja sis\u00e4valvontakamera, ja vuotta my\u00f6hemmin p\u00f6yt\u00e4robotin. Uuden kodin keskittimen on tarkoitus toimia \u00e4lylaitteiden keskusohjaimena. Apple valmistelee kahta versiota \u2013 sein\u00e4lle kiinnitett\u00e4v\u00e4\u00e4 ja p\u00f6yt\u00e4mallista, joista j\u00e4lkimm\u00e4isess\u00e4 on samanlainen kaiutinjalusta kuin HomePodu mini n\u00e4yt\u00f6ll\u00e4. FaceTime-puheluita tai kasvojentunnistusta varten ei ole kameraa.<\/p>\n<p>Hinta pit\u00e4isi olla noin 350 dollaria, mik\u00e4 on enemm\u00e4n kuin useimmilla kilpailevilla tuotteilla. Apple laite oli valmis viime vuonna, mutta sen julkaisua lyk\u00e4ttiin uuden sukupolven vuoksi Siri, jonka pit\u00e4isi olla valmis maaliskuuhun 2026 menness\u00e4. Hubin mukana saapuu samaan j\u00e4rjestelm\u00e4\u00e4n integroitu valvontakamera, ja vuotta my\u00f6hemmin robotti, jossa on 9 tuuman n\u00e4ytt\u00f6 ja liikkuva k\u00e4sivarsi, joka pystyy reagoimaan k\u00e4ytt\u00e4j\u00e4\u00e4n. Sen odotetaan maksavan useita satoja dollareita. Apple Samaan aikaan se siirt\u00e4\u00e4 n\u00e4iden uusien tuotteiden tuotannon Vietnamiin, miss\u00e4 se tekee yhteisty\u00f6t\u00e4 BYD:n kanssa, mik\u00e4 v\u00e4hent\u00e4\u00e4 entisest\u00e4\u00e4n riippuvuuttaan Kiinan tuotannosta.<\/p>\n<p>Joustavan iPhonen hinta<\/p>\n<p>Analyytikko Ming-Chi Kuon mukaan kauan odotetun taittuvan iPhonen valmistuskustannukset saattavat olla alun perin arvioitua alhaisemmat. Syyn\u00e4 t\u00e4h\u00e4n on saranan alhaisempi hinta, sill\u00e4 se on taittuvan puhelimen t\u00e4rkein ja kallein osa. Kuon mukaan saranan keskim\u00e4\u00e4r\u00e4inen myyntihinta massatuotannossa on noin 70\u201380 dollaria, kun aiemmat arviot olivat 100\u2013120 dollaria. S\u00e4\u00e4st\u00f6t eiv\u00e4t tule halvemmista materiaaleista, vaan parantuneesta rakennesuunnittelusta ja kokoonpanon optimoinnista.<\/p>\n<p>Foxconn osallistuu tuotantoon p\u00e4\u00e4asiassa yhteisty\u00f6ss\u00e4 taiwanilaisen Shin Zu Shing (SZS) -yrityksen kanssa, joka sai noin 65 % kaikista tilauksista. Loput menee yhdysvaltalaiselle Amphenol-yritykselle. Saranan hinnan lasku 20\u201340 dollarilla voisi Applu mahdollistaa joko katteiden parantamisen tai kilpailukykyisemm\u00e4n hinnan tarjoamisen Samsungiin ja Huaweihin verrattuna. Ensimm\u00e4inen taittuva iPhone pit\u00e4isi ilmesty\u00e4 syksyll\u00e4 2026 mallien mukana iPhone Air 2, iPhone\u00a018 a\u00a0iPhone\u00a018 Pro MaxOn edelleen kysymysmerkki, n\u00e4kyv\u00e4tk\u00f6 alemmat tuotantokustannukset lopullisessa hinnassa.<\/p>\n<p>N\u00e4hd\u00e4\u00e4n uusia Apple lasit?<\/p>\n<p>Apple mukaan Mark Gurman alkaen\u00a0Bloombergty\u00f6skentelee uuden sukupolven \u00e4lylasien parissa, joissa n\u00e4ytt\u00f6 voisi olla integroitu suoraan linsseihin. Toinen mielenkiintoinen ominaisuus on, ett\u00e4 niill\u00e4 on kaksi k\u00e4ytt\u00f6tilaa \u2013 riippuen siit\u00e4, mihin laitteeseen ne on yhdistetty. Maciin yhdistettyn\u00e4 lasien pit\u00e4isi pysty\u00e4 k\u00e4sittelem\u00e4\u00e4n j\u00e4rjestelm\u00e4n t\u00e4ysversiota. visionK\u00e4ytt\u00f6j\u00e4rjestelm\u00e4, samanlainen kuin kuulokkeet Vision ProKun j\u00e4rjestelm\u00e4 yhdistet\u00e4\u00e4n iPhoneen, se siirtyy kevyeen mobiilitilaan, joka on optimoitu jokap\u00e4iv\u00e4iseen k\u00e4ytt\u00f6\u00f6n.<\/p>\n<p class=\"gt-block\">Tavoitteena AppTavoitteena on luoda kompaktimpi ja k\u00e4yt\u00e4nn\u00f6llisempi vaihtoehto kuulokkeille. Vision Projoka voisi kilpailla esimerkiksi <strong><a href=\"https:\/\/www.letemsvetemapplem.eu\/fi\/2024\/09\/30\/jak-foti-ray-ban-meta-takto\/\" rel=\"nofollow noopener\" target=\"_blank\">Meta Ray-Ban -lasit<\/a><\/strong>N\u00e4iss\u00e4 on jo n\u00e4ytt\u00f6 linsseiss\u00e4 ja niiden l\u00e4ht\u00f6hinta Yhdysvalloissa on 799 dollaria. Ensimm\u00e4inen sukupolvi Apple Laseissa ei kuitenkaan ole n\u00e4ytt\u00f6\u00e4 \u2013 mutta ne tarjoavat kaiuttimet musiikin toistoon, kamerat valokuvien ja videoiden ottamista varten, \u00e4\u00e4nikomennon ja mahdollisesti jopa terveystoimintoja. Apple voisi esitell\u00e4 ensimm\u00e4isen mallin jo vuonna 2026, ja markkinoille tulon odotetaan tapahtuvan vuonna 2027.<\/p>\n","protected":false},"excerpt":{"rendered":"Mit\u00e4 sin\u00e4 meille olet? Apple valmistautuu? Puhutaan \u00e4lykodin keskittimest\u00e4, taittuvasta iPhonesta, jossa on halvempi sarana, ja laseista, joissa&hellip;\n","protected":false},"author":2,"featured_media":66307,"comment_status":"","ping_status":"","sticky":false,"template":"","format":"standard","meta":{"footnotes":""},"categories":[86],"tags":[420,33,31,30,421,32,91,92],"class_list":{"0":"post-66306","1":"post","2":"type-post","3":"status-publish","4":"format-standard","5":"has-post-thumbnail","7":"category-laitteet","8":"tag-equipment","9":"tag-fi","10":"tag-finland","11":"tag-finnish","12":"tag-laitteet","13":"tag-suomi","14":"tag-technology","15":"tag-teknologia"},"share_on_mastodon":{"url":"","error":""},"_links":{"self":[{"href":"https:\/\/www.europesays.com\/fi\/wp-json\/wp\/v2\/posts\/66306","targetHints":{"allow":["GET"]}}],"collection":[{"href":"https:\/\/www.europesays.com\/fi\/wp-json\/wp\/v2\/posts"}],"about":[{"href":"https:\/\/www.europesays.com\/fi\/wp-json\/wp\/v2\/types\/post"}],"author":[{"embeddable":true,"href":"https:\/\/www.europesays.com\/fi\/wp-json\/wp\/v2\/users\/2"}],"replies":[{"embeddable":true,"href":"https:\/\/www.europesays.com\/fi\/wp-json\/wp\/v2\/comments?post=66306"}],"version-history":[{"count":0,"href":"https:\/\/www.europesays.com\/fi\/wp-json\/wp\/v2\/posts\/66306\/revisions"}],"wp:featuredmedia":[{"embeddable":true,"href":"https:\/\/www.europesays.com\/fi\/wp-json\/wp\/v2\/media\/66307"}],"wp:attachment":[{"href":"https:\/\/www.europesays.com\/fi\/wp-json\/wp\/v2\/media?parent=66306"}],"wp:term":[{"taxonomy":"category","embeddable":true,"href":"https:\/\/www.europesays.com\/fi\/wp-json\/wp\/v2\/categories?post=66306"},{"taxonomy":"post_tag","embeddable":true,"href":"https:\/\/www.europesays.com\/fi\/wp-json\/wp\/v2\/tags?post=66306"}],"curies":[{"name":"wp","href":"https:\/\/api.w.org\/{rel}","templated":true}]}}