{"id":66310,"date":"2025-10-19T10:33:08","date_gmt":"2025-10-19T10:33:08","guid":{"rendered":"https:\/\/www.europesays.com\/fi\/66310\/"},"modified":"2025-10-19T10:33:08","modified_gmt":"2025-10-19T10:33:08","slug":"emmerdale-tahti-kertoo-vaikeasta-roolistaan-se-oli-kamalaa","status":"publish","type":"post","link":"https:\/\/www.europesays.com\/fi\/66310\/","title":{"rendered":"Emmerdale-t\u00e4hti kertoo vaikeasta roolistaan \u201cSe oli kamalaa\u201d"},"content":{"rendered":"<p>\n            File photo dated 03\/06\/23 of Eden Taylor-Draper. Emmerdale is to explore Belle King&#8217;s experience of domestic abuse through three potential futures for the character. Belle, played by Eden Taylor-Draper, has been suffering coercive control and abuse at the hands of her manipulative husband, Tom King (James Chase), on the ITV soap for months as part of an ongoing storyline. Issue date: Tuesday August 27, 2024.<br \/>\n            Alamy\n        <\/p>\n<p class=\"subtitle \">Suosikkisarjassa paneudutaan ik\u00e4v\u00e4\u00e4n asiaan, joka koskettaa liian monia.<\/p>\n<p class=\"article-content article-content-width !bg-background\">Emmerdalessa on k\u00e4sitelty viime aikoina l\u00e4hisuhdev\u00e4kivaltaa Bellen ja Tomin tarinan kautta. Sarjassa n\u00e4hd\u00e4\u00e4n pian kaksi erikoisjaksoa aiheesta.<\/p>\n<p>Tomin ote ei hellit\u00e4<\/p>\n<p class=\"article-content article-content-width !bg-background\">Bellen ja Tomin suhde alkoi romanttisesti. Satuh\u00e4iden j\u00e4lkeen parin yhteiselo alkoi muuttua pikkuhiljaa perhehelvetiksi Tomin kohdistaessa Belleen niin henkist\u00e4 kuin fyysist\u00e4kin v\u00e4kivaltaa.<\/p>\n<p>                <img decoding=\"async\" src=\"https:\/\/www.europesays.com\/fi\/wp-content\/uploads\/2025\/10\/1965087.webp\" width=\"576\" height=\"274\" alt=\"Tomin ja Bellen h\u00e4iss\u00e4 kaikki oli viel\u00e4 hyvin.\" loading=\"lazy\" \/>            <\/p>\n<p>\n            Tomin ja Bellen h\u00e4iss\u00e4 kaikki oli viel\u00e4 hyvin.<br \/>\n            ITV\n        <\/p>\n<p class=\"article-content article-content-width !bg-background\">\u2013 Kaikki halusivat saada t\u00e4m\u00e4n tarinan kerrottua oikein. Saamiemme reaktioiden ja hyv\u00e4ntekev\u00e4isyysj\u00e4rjest\u00f6iden konsultoinnin avulla uskon, ett\u00e4 onnistuimme kuvaamaan t\u00e4llaisen kokemuksen hyvin tarkasti, vaikka jokainen tapaus on erilainen, Belle\u00e4 esitt\u00e4v\u00e4\u00a0 kertoo RadioTimes.Comin\u00a0haastattelussa.<\/p>\n<p class=\"article-content article-content-width !bg-background\">Belle on onnistunut sarjassa j\u00e4tt\u00e4m\u00e4\u00e4n Tomin (), mutta h\u00e4nen taistelunsa ei ole viel\u00e4 ohitse. Tom pyrkii yh\u00e4 manipuloimaan ja kontrolloimaan Belle\u00e4 ja vakoilee ex-puolisonsa puuhia kameran, puhelimen ja l\u00e4pp\u00e4rin v\u00e4lityksell\u00e4.<\/p>\n<p>        <a itemprop=\"url\" href=\"https:\/\/www.seiska.fi\/katso\/emmerdalen-juonipaljastukset-tom-polttaa-bellen-kaden-1\/1849822\" rel=\"nofollow noopener\" target=\"_blank\"><\/p>\n<p>\nEmmerdalen juonipaljastukset\n<\/p>\n<p class=\"section-date\">\n        <strong class=\"article-section\" data-section=\"katso\"><br \/>\n            katso<br \/>\n        <\/strong><br \/>\n        9.7. 07:15\n    <\/p>\n<p>Emmerdalen juonipaljastukset: Tom polttaa Bellen k\u00e4den\n    <\/p>\n<p itemprop=\"description\" class=\"subtitle \">\n    Ensi viikon Emmerdalessa Ethan pakenee onnettomuuspaikalta, Nickyn k\u00e4y pahasti ja Tomin k\u00e4yt\u00f6s muuttuu uhkaavaksi.\n<\/p>\n<p>        <\/a><\/p>\n<p>Kahden erikoisjakson p\u00e4\u00e4t\u00e4hti<\/p>\n<p class=\"article-content article-content-width !bg-background\">Bellen vaikeita ratkaisuja k\u00e4sitell\u00e4\u00e4n kahdessa Emmerdalen erikoisjaksossa. Torstaina 30. lokakuuta Ikuisesti yhdess\u00e4 -nimisen jakson ykk\u00f6sosassa Belle k\u00e4velee kyl\u00e4n p\u00e4\u00e4kadulle miettien, mit\u00e4 vaihtoehtoja h\u00e4nell\u00e4 on tulevaisuutensa suhteen. Jaksossa n\u00e4ytet\u00e4\u00e4n, millaista Bellen el\u00e4m\u00e4st\u00e4 voisi tulla erilaisten valintojen seurauksena.<\/p>\n<p>                <img decoding=\"async\" src=\"https:\/\/www.europesays.com\/fi\/wp-content\/uploads\/2025\/10\/1965094.webp\" width=\"576\" height=\"274\" alt=\"Bellest\u00e4 tuntuu, ett\u00e4 h\u00e4n on umpikujassa.\" loading=\"lazy\" \/>            <\/p>\n<p>\n            Bellest\u00e4 tuntuu, ett\u00e4 h\u00e4n on umpikujassa.<br \/>\n            ITV\n        <\/p>\n<p class=\"article-content article-content-width !bg-background\">Kyseisen jakson kuvaaminen oli Eden Taylor-Draperille erityisen vaikeaa.<\/p>\n<p class=\"article-content article-content-width !bg-background\">\u2013 Jakso, jossa Belle kuvitteli erilaisia oman tulevaisuutensa skenaarioita, oli yksi suosikeistani ja samalla my\u00f6s ehdottomasti haastavin. N\u00e4ytimme mit\u00e4 saattaisi tapahtua, jos h\u00e4n j\u00e4isi yhteen Tomin kanssa. Oli kohtaus, jossa Belle oli raskaana ja t\u00e4ynn\u00e4 mustelmia \u2013 se oli kamalaa, mutta voimakasta, Eden Taylor-Draper kuvailee Radio.Times.Comille.<\/p>\n<p>        <a itemprop=\"url\" href=\"https:\/\/www.seiska.fi\/katso\/emmerdalen-juonipaljastukset-tom-uhkaa-bellen-henkea\/1917962\" rel=\"nofollow noopener\" target=\"_blank\"><\/p>\n<p>\nEmmerdalen juonipaljastukset\n<\/p>\n<p class=\"section-date\">\n        <strong class=\"article-section\" data-section=\"katso\"><br \/>\n            katso<br \/>\n        <\/strong><br \/>\n        3.9. 05:15\n    <\/p>\n<p>Emmerdalen juonipaljastukset: Tom uhkaa Bellen henke\u00e4\n    <\/p>\n<p itemprop=\"description\" class=\"subtitle \">\n    Ensi viikon Emmerdalessa Bellen aviohelvetti syvenee, Ellan raskaus ahdistaa Liamia ja Kim on juonijan j\u00e4ljill\u00e4.\n<\/p>\n<p>        <\/a><\/p>\n<p class=\"article-content article-content-width !bg-background\">Toisessa tulevaisuudenn\u00e4kym\u00e4ss\u00e4 Cain kostaa Tomille Bellen kohtelun, Tom joutuu henkitoreissaan sairaalaan, Cain putkaan ja Belle mielisairaalaan. Bellen tulevaisuudelle n\u00e4hd\u00e4\u00e4n viel\u00e4 kolmas vaihtoehto 31. lokakuuta esitett\u00e4v\u00e4ss\u00e4 jaksossa. Siin\u00e4 Belle on jatkanut eteenp\u00e4in, mutta Tomin kynsiss\u00e4 on uusi uhri, jolle k\u00e4y huonommin kuin Bellelle.<\/p>\n<p>Tukea uhreille<\/p>\n<p class=\"article-content article-content-width !bg-background\">Kun Belle saa pohdintansa valmiiksi, h\u00e4n ker\u00e4\u00e4 rohkeutensa ja menee Charityn luo pyyt\u00e4m\u00e4\u00e4n apua. H\u00e4n saa lopulta kerrottua Charitylle koko kamalan tarinan.<\/p>\n<p class=\"article-content article-content-width !bg-background\">Eden ottaa v\u00e4kivallan uhrien edustamisen roolihahmonsa kautta vakavasti. H\u00e4n toivoo, ett\u00e4 l\u00e4hisuhdev\u00e4kivallan k\u00e4sittelyst\u00e4 sarjassa olisi apua ihmisille.<\/p>\n<p class=\"article-content article-content-width !bg-background\">\u2013 Sen j\u00e4lkeen kun Belle kertoi v\u00e4kivallasta Charitylle, mik\u00e4 tuntui erityiselt\u00e4 kuvata, koska olen l\u00e4heinen  (Charity) kanssa, olen saanut paljon viestej\u00e4 ihmisilt\u00e4, jotka ovat nyt pystyneet hakemaan apua omassa tilanteessaan. Olen ylpe\u00e4 siit\u00e4. Yleis\u00f6 l\u00f6yt\u00e4\u00e4 voimaa samalla, kun Bellest\u00e4 tulee rohkeampi, Eden kertoo.<\/p>\n<p>        <a itemprop=\"url\" href=\"https:\/\/www.seiska.fi\/katso\/emmerdalen-juonipaljastukset-tom-vahingoittaa-koiraa\/1935769\" rel=\"nofollow noopener\" target=\"_blank\"><\/p>\n<p>\nEmmerdalen juonipaljastukset\n<\/p>\n<p class=\"section-date\">\n        <strong class=\"article-section\" data-section=\"katso\"><br \/>\n            katso<br \/>\n        <\/strong><br \/>\n        4.10. 08:15\n    <\/p>\n<p>Emmerdalen juonipaljastukset: Tom vahingoittaa koiraa\n    <\/p>\n<p itemprop=\"description\" class=\"subtitle \">\n    Ensi viikon Emmerdalessa Tom kehitt\u00e4\u00e4 sairaan juonen, Mandyn ja Paddyn h\u00e4\u00e4t ovat vaakalaudalla ja Gabby ja Vinny kuhertelevat.\n<\/p>\n<p>        <\/a><\/p>\n<p>                <img decoding=\"async\" src=\"https:\/\/www.europesays.com\/fi\/wp-content\/uploads\/2025\/10\/1965104.webp\" width=\"576\" height=\"274\" alt=\"Charity tukee ja ymm\u00e4rt\u00e4\u00e4 Belle\u00e4.\" loading=\"lazy\" \/>            <\/p>\n<p>\n            Charity tukee ja ymm\u00e4rt\u00e4\u00e4 Belle\u00e4.<br \/>\n            ITV\n        <\/p>\n<p>Lapsesta asti Emmerdalessa<\/p>\n<p class=\"article-content article-content-width !bg-background\">Belle\u00e4 eli koko nimelt\u00e4\u00e4n Tinkerbelle Lisa Dingle\u00e4 esitt\u00e4v\u00e4 Eden Taylor-Draper, 27, on ollut Emmerdalessa mukana vuodesta 2005 l\u00e4htien. Bellen el\u00e4m\u00e4\u00e4 on seurattu sarjassa vauvasta asti. Eden aloitti roolissa 7-vuotiaana ja on ollut nyt sarjassa mukana jo 20 vuotta.<\/p>\n<p class=\"article-content article-content-width !bg-background\">\u2013 Belle tunnetaan vahvana, mutta voit olla kaikista vahvin, ja t\u00e4m\u00e4 voi silti tapahtua sinulle. Olin j\u00e4rkyttynyt tilastoista, jotka kertovat, kuinka moni p\u00e4\u00e4tyy v\u00e4kivaltaiseen suhteeseen, josta voi kest\u00e4\u00e4 vuosia p\u00e4\u00e4st\u00e4 pois, jos p\u00e4\u00e4see koskaan, Eden kertoo\u00a0RadioTimes.Comissa.<\/p>\n<p class=\"article-content article-content-width !bg-background\">Bellen tarinalle on sarjassa kirjoitettu kuitenkin rohkaiseva loppu.<\/p>\n<p class=\"article-content article-content-width !bg-background\">\u2013 Pahikset saavat palkkansa, ja tuottajilla oli alusta asti tarkoituksena n\u00e4ytt\u00e4\u00e4, ett\u00e4 t\u00e4llaisista suhteista voi p\u00e4\u00e4st\u00e4 ulos, Eden sanoo.<\/p>\n<p class=\"italic m-italic article-content article-content-width !bg-background\">Emmerdale MTV3:lla maanantaista perjantaihin.<\/p>\n<p>        <a itemprop=\"url\" href=\"https:\/\/www.seiska.fi\/katso\/emmerdalen-juonipaljastukset-tomin-kieroilut-paljastuvat-belle-raivostuu\/1824664\" rel=\"nofollow noopener\" target=\"_blank\"><\/p>\n<p>\nEmmerdalen juonipaljastukset\n<\/p>\n<p class=\"section-date\">\n        <strong class=\"article-section\" data-section=\"katso\"><br \/>\n            katso<br \/>\n        <\/strong><br \/>\n        4.6. 08:15\n    <\/p>\n<p>Emmerdalen juonipaljastukset: Tomin kieroilut paljastuvat \u2013 Belle raivostuu\n    <\/p>\n<p itemprop=\"description\" class=\"subtitle \">\n    Ensi viikon Emmerdalessa Tomin ja Bellen suhde alkaa muuttua myrkylliseksi, Amit yritt\u00e4\u00e4 jym\u00e4ytt\u00e4\u00e4 Erici\u00e4 ja Mandy suuttuu suutelosta.\n<\/p>\n<p>        <\/a><\/p>\n","protected":false},"excerpt":{"rendered":"File photo dated 03\/06\/23 of Eden Taylor-Draper. Emmerdale is to explore Belle King&#8217;s experience of domestic abuse through&hellip;\n","protected":false},"author":2,"featured_media":66311,"comment_status":"","ping_status":"","sticky":false,"template":"","format":"standard","meta":{"footnotes":""},"categories":[133],"tags":[1192,15021,1182,1188,1186,1183,15020,137,33,31,30,101,4458,905,32,206,156,109],"class_list":{"0":"post-66310","1":"post","2":"type-post","3":"status-publish","4":"format-standard","5":"has-post-thumbnail","7":"category-televisiot","8":"tag-draamasarja","9":"tag-eden-taylor-draper","10":"tag-emmerdale-belle","11":"tag-emmerdale-charity","12":"tag-emmerdale-juonipaljastukset","13":"tag-emmerdale-tom-king","14":"tag-emmerdale-tahti","15":"tag-entertainment","16":"tag-fi","17":"tag-finland","18":"tag-finnish","19":"tag-ihmissuhteet","20":"tag-lahisuhdevakivalta","21":"tag-mtv3","22":"tag-suomi","23":"tag-televisiot","24":"tag-tv","25":"tag-viihde"},"share_on_mastodon":{"url":"","error":""},"_links":{"self":[{"href":"https:\/\/www.europesays.com\/fi\/wp-json\/wp\/v2\/posts\/66310","targetHints":{"allow":["GET"]}}],"collection":[{"href":"https:\/\/www.europesays.com\/fi\/wp-json\/wp\/v2\/posts"}],"about":[{"href":"https:\/\/www.europesays.com\/fi\/wp-json\/wp\/v2\/types\/post"}],"author":[{"embeddable":true,"href":"https:\/\/www.europesays.com\/fi\/wp-json\/wp\/v2\/users\/2"}],"replies":[{"embeddable":true,"href":"https:\/\/www.europesays.com\/fi\/wp-json\/wp\/v2\/comments?post=66310"}],"version-history":[{"count":0,"href":"https:\/\/www.europesays.com\/fi\/wp-json\/wp\/v2\/posts\/66310\/revisions"}],"wp:featuredmedia":[{"embeddable":true,"href":"https:\/\/www.europesays.com\/fi\/wp-json\/wp\/v2\/media\/66311"}],"wp:attachment":[{"href":"https:\/\/www.europesays.com\/fi\/wp-json\/wp\/v2\/media?parent=66310"}],"wp:term":[{"taxonomy":"category","embeddable":true,"href":"https:\/\/www.europesays.com\/fi\/wp-json\/wp\/v2\/categories?post=66310"},{"taxonomy":"post_tag","embeddable":true,"href":"https:\/\/www.europesays.com\/fi\/wp-json\/wp\/v2\/tags?post=66310"}],"curies":[{"name":"wp","href":"https:\/\/api.w.org\/{rel}","templated":true}]}}