{"id":66314,"date":"2025-10-19T10:37:09","date_gmt":"2025-10-19T10:37:09","guid":{"rendered":"https:\/\/www.europesays.com\/fi\/66314\/"},"modified":"2025-10-19T10:37:09","modified_gmt":"2025-10-19T10:37:09","slug":"kalle-rovanperan-kartturi-jonne-halttunen-sisapiirin-paljastus-suomen-mm-rallista","status":"publish","type":"post","link":"https:\/\/www.europesays.com\/fi\/66314\/","title":{"rendered":"Kalle Rovanper\u00e4n kartturi Jonne Halttunen: Sis\u00e4piirin paljastus Suomen MM-rallista"},"content":{"rendered":"<p>            AOP\n        <\/p>\n<p class=\"subtitle \">Jonne Halttunen paljastaa Seiskalle mielenkiintoista sis\u00e4piiritietoa.<\/p>\n<p class=\"article-content article-content-width !bg-background\"> ja  ovat viime vuosia muodostaneet rallimaailman tehokkaimman duon.<\/p>\n<p class=\"font-weight-bold m-font-weight-bold article-content article-content-width !bg-background\">Videolla Kalle Rovanper\u00e4 esittelee driftaustaitojaan Tallinnassa 2023:<\/p>\n<p class=\"article-content article-content-width !bg-background\">Kaksikon yhdess\u00e4 kulkema rallipolku tulee pian p\u00e4\u00e4t\u00f6kseens\u00e4. Kalle shokkerasi lajiv\u00e4ke\u00e4 ilmoittamalla lopettavansa rallihommat vain 25-vuotiaana.<\/p>\n<p class=\"article-content article-content-width !bg-background\">Se tiesi k\u00e4yt\u00e4nn\u00f6ss\u00e4 l\u00e4ht\u00f6passeja luottokartturi Jonnelle, 39, jolla ei ole viel\u00e4 harmaintakaan haisua tulevaisuudestaan.<\/p>\n<p>\n            Oli ihan selv\u00e4\u00e4, ettei Kalle aja rallia kolmekymppiseksi.\n            <\/p>\n<p class=\"article-content article-content-width !bg-background\">\u2013 Oli ihan selv\u00e4\u00e4, ettei Kalle aja rallia kolmekymppiseksi. Ei h\u00e4n tavoittele mit\u00e4\u00e4n 10 maailmanmestaruutta. Ei sellaisella ole mit\u00e4\u00e4n merkityst\u00e4.<\/p>\n<p class=\"article-content article-content-width !bg-background\">\u2013 Mutta se, ett\u00e4 lopettaminen tapahtuu n\u00e4in nopeasti\u2026 Se oli yll\u00e4tys, Jonne tilitt\u00e4\u00e4 Seiskalle.<\/p>\n<p>                <img decoding=\"async\" src=\"https:\/\/www.europesays.com\/fi\/wp-content\/uploads\/2025\/10\/1960024.webp\" width=\"576\" height=\"322\" alt=\"Kalle Rovanper\u00e4 mietti elokuussa syntyj\u00e4 syvi\u00e4 legendaarisella Ouninpohjan erikoiskokeella.\" loading=\"lazy\" \/>            <\/p>\n<p>\n            Kalle Rovanper\u00e4 mietti elokuussa syntyj\u00e4 syvi\u00e4 legendaarisella Ouninpohjan erikoiskokeella.<br \/>\n            Vesa P\u00f6pp\u00f6nen \/ All Over Press\n        <\/p>\n<p>Kallellekin yll\u00e4tys?<\/p>\n<p class=\"article-content article-content-width !bg-background\">Kalle on moottoriurheilun luonnonoikku, joka hallitsee k\u00e4yt\u00e4nn\u00f6ss\u00e4 mink\u00e4 menopelin tahansa. Vaikka kivenmurikan, jos siin\u00e4 vain on nelj\u00e4 py\u00f6r\u00e4\u00e4.<\/p>\n<p>\n            En usko, ett\u00e4 Kalle oli itsek\u00e4\u00e4n suunnitellut viel\u00e4 lopettavansa.\n            <\/p>\n<p class=\"article-content article-content-width !bg-background\">Jyv\u00e4skyl\u00e4n ihmemies siirtyy seuraavaksi formulamaailmaan. H\u00e4n kaasuttelee ensi kaudella Japanissa Super Formula -sarjaa Toyotan tallissa.<\/p>\n<p>        <a itemprop=\"url\" href=\"https:\/\/www.seiska.fi\/urheilu\/nyt-jytisee-juha-kankkuselta-suorat-sanat-kalle-rovanperan-formulahaaveista\/1957163\" rel=\"nofollow noopener\" target=\"_blank\"><\/p>\n<p>\nNyt puhuu Kankkunen\n<\/p>\n<p class=\"section-date\">\n        <strong class=\"article-section\" data-section=\"urheilu\"><br \/>\n            urheilu<br \/>\n        <\/strong><br \/>\n        10.10. 08:02\n    <\/p>\n<p>Nyt jytisee! Juha Kankkuselta suorat sanat Kalle Rovanper\u00e4n formulahaaveista\n    <\/p>\n<p itemprop=\"description\" class=\"subtitle \">\n    Seiska tavoitti rallin nelinkertaisen maailmanmestarin kommentoimaan.\n<\/p>\n<p>        <\/a><\/p>\n<p class=\"article-content article-content-width !bg-background\">\u2013 En usko, ett\u00e4 Kalle oli itsek\u00e4\u00e4n suunnitellut viel\u00e4 lopettavansa. Nyt h\u00e4n sattui vain saamaan oikeanlaisen tarjouksen Toyotalta, Jonne tuumii.<\/p>\n<p>                <img decoding=\"async\" src=\"https:\/\/www.europesays.com\/fi\/wp-content\/uploads\/2025\/10\/1960026.webp\" width=\"576\" height=\"322\" alt=\"Jonne Halttunen oletti, ett\u00e4 rallihommat Kalle Rovanper\u00e4n kanssa olisivat jatkuneet.\" loading=\"lazy\" \/>            <\/p>\n<p>\n            Jonne Halttunen oletti, ett\u00e4 rallihommat Kalle Rovanper\u00e4n kanssa olisivat jatkuneet.<br \/>\n            Vesa P\u00f6pp\u00f6nen \/ All Over Press\n        <\/p>\n<p>Surullinen sivumauste<\/p>\n<p class=\"article-content article-content-width !bg-background\">Huimaa j\u00e4lke\u00e4 Kallen kartanlukijana tehnyt Jonne sai kuulla jo alkukes\u00e4ll\u00e4 aisaparinsa ly\u00f6v\u00e4n rallihanskat naulaan.<\/p>\n<p>        <a itemprop=\"url\" href=\"https:\/\/www.seiska.fi\/urheilu\/kommentti-kalle-rovanpera-naytti-todelliset-kasvonsa\/1956944\" rel=\"nofollow noopener\" target=\"_blank\"><\/p>\n<p>\nKommentti:\n<\/p>\n<p class=\"section-date\">\n        <strong class=\"article-section\" data-section=\"urheilu\"><br \/>\n            urheilu<br \/>\n        <\/strong><br \/>\n        9.10. 14:57\n    <\/p>\n<p>Kommentti: Kalle Rovanper\u00e4 n\u00e4ytti todelliset kasvonsa\n    <\/p>\n<p itemprop=\"description\" class=\"subtitle \">\n    Harvalla on munaa n\u00e4in kovaan ratkaisuun, kirjoittaa erikoistoimittaja Eetu Ampuja.\n<\/p>\n<p>        <\/a><\/p>\n<p class=\"article-content article-content-width !bg-background\">Siksi Suomen MM-rallin voitonjuhlissa oli surullinen sivumauste, vaikka ulosp\u00e4in n\u00e4ytti silt\u00e4, ett\u00e4 bileet olivat ylimmill\u00e4\u00e4n.<\/p>\n<p class=\"article-content article-content-width !bg-background\">\u2013 Kyll\u00e4, joo. Ja olihan se Suomen-rallin l\u00e4ht\u00f6fiiliskin sellainen, ett\u00e4 nyt olisi hyv\u00e4 saada se voitto, Jonne viittaa viimeiseen tilaisuuteen.<\/p>\n<p>                <img decoding=\"async\" src=\"https:\/\/www.europesays.com\/fi\/wp-content\/uploads\/2025\/10\/1960028.webp\" width=\"576\" height=\"322\" alt=\"Jonne ja Kalle voittivat elokuussa Suomen MM-rallin \u2013 kenties ensimm\u00e4ist\u00e4 ja viimeist\u00e4 kertaa.\" loading=\"lazy\" \/>            <\/p>\n<p>\n            Jonne ja Kalle voittivat elokuussa Suomen MM-rallin \u2013 kenties ensimm\u00e4ist\u00e4 ja viimeist\u00e4 kertaa.<br \/>\n            AOP\n        <\/p>\n<p>\u201dMik\u00e4\u00e4n ei ole ikuista\u201d<\/p>\n<p class=\"article-content article-content-width !bg-background\">Kummallista kyll\u00e4 Kalle ei ollut ennen elokuuta koskaan voittanut Keski-Suomen kotimaisemissaan. Kes\u00e4ll\u00e4 2025 h\u00e4n vihdoin valloitti \u201dJysk\u00e4l\u00e4n.\u201d<\/p>\n<p>\n            Podiumilla ja sen j\u00e4lkeisin\u00e4 p\u00e4ivin\u00e4 oli v\u00e4h\u00e4n tyhj\u00e4 olo.\n            <\/p>\n<p class=\"article-content article-content-width !bg-background\">Jonnen mukaan voiton tuomaa euforiaa varjosti tieto siit\u00e4, ettei vastaavanlainen kokemus v\u00e4ltt\u00e4m\u00e4tt\u00e4 koskaan toistuisi.<\/p>\n<p class=\"article-content article-content-width !bg-background\">\u2013 Podiumilla ja sen j\u00e4lkeisin\u00e4 p\u00e4ivin\u00e4 oli v\u00e4h\u00e4n tyhj\u00e4 olo. Oli kuitenkin niin hieno fiilis p\u00e4rj\u00e4t\u00e4 kotiyleis\u00f6n edess\u00e4, ja sitten se kaikki oli ohi.<\/p>\n<p class=\"article-content article-content-width !bg-background\">\u2013 Mutta se on el\u00e4m\u00e4\u00e4. Mik\u00e4\u00e4n ei ole ikuista, ei edes ralliura.<\/p>\n<p>                <img decoding=\"async\" src=\"https:\/\/www.europesays.com\/fi\/wp-content\/uploads\/2025\/10\/1960031.webp\" width=\"576\" height=\"322\" alt=\"Jonnelle j\u00e4\u00e4 luu k\u00e4teen, kun Kalle lopettaa rallin.\" loading=\"lazy\" \/>            <\/p>\n<p>\n            Jonnelle j\u00e4\u00e4 luu k\u00e4teen, kun Kalle lopettaa rallin.<br \/>\n            Vesa P\u00f6pp\u00f6nen \/ All Over Press\n        <\/p>\n","protected":false},"excerpt":{"rendered":"AOP Jonne Halttunen paljastaa Seiskalle mielenkiintoista sis\u00e4piiritietoa. ja ovat viime vuosia muodostaneet rallimaailman tehokkaimman duon. Videolla Kalle Rovanper\u00e4&hellip;\n","protected":false},"author":2,"featured_media":66315,"comment_status":"","ping_status":"","sticky":false,"template":"","format":"standard","meta":{"footnotes":""},"categories":[158],"tags":[33,31,30,13785,425,4673,9064,13784,7486,3240,13056,5886,9309,15022,159,15023,32,160,1700,14836],"class_list":{"0":"post-66314","1":"post","2":"type-post","3":"status-publish","4":"format-standard","5":"has-post-thumbnail","7":"category-urheilu","8":"tag-fi","9":"tag-finland","10":"tag-finnish","11":"tag-jonne-halttunen","12":"tag-jyvaskyla","13":"tag-kalle-rovanpera","14":"tag-kartanlukija","15":"tag-lopettaminen","16":"tag-lopettamispaatos","17":"tag-ralli","18":"tag-rallikartturi","19":"tag-rallikuski","20":"tag-rallitahti","21":"tag-sisapiiripaljastus","22":"tag-sports","23":"tag-suomen-mm-ralli","24":"tag-suomi","25":"tag-urheilu","26":"tag-urheilulaji","27":"tag-uutispommi"},"share_on_mastodon":{"url":"","error":""},"_links":{"self":[{"href":"https:\/\/www.europesays.com\/fi\/wp-json\/wp\/v2\/posts\/66314","targetHints":{"allow":["GET"]}}],"collection":[{"href":"https:\/\/www.europesays.com\/fi\/wp-json\/wp\/v2\/posts"}],"about":[{"href":"https:\/\/www.europesays.com\/fi\/wp-json\/wp\/v2\/types\/post"}],"author":[{"embeddable":true,"href":"https:\/\/www.europesays.com\/fi\/wp-json\/wp\/v2\/users\/2"}],"replies":[{"embeddable":true,"href":"https:\/\/www.europesays.com\/fi\/wp-json\/wp\/v2\/comments?post=66314"}],"version-history":[{"count":0,"href":"https:\/\/www.europesays.com\/fi\/wp-json\/wp\/v2\/posts\/66314\/revisions"}],"wp:featuredmedia":[{"embeddable":true,"href":"https:\/\/www.europesays.com\/fi\/wp-json\/wp\/v2\/media\/66315"}],"wp:attachment":[{"href":"https:\/\/www.europesays.com\/fi\/wp-json\/wp\/v2\/media?parent=66314"}],"wp:term":[{"taxonomy":"category","embeddable":true,"href":"https:\/\/www.europesays.com\/fi\/wp-json\/wp\/v2\/categories?post=66314"},{"taxonomy":"post_tag","embeddable":true,"href":"https:\/\/www.europesays.com\/fi\/wp-json\/wp\/v2\/tags?post=66314"}],"curies":[{"name":"wp","href":"https:\/\/api.w.org\/{rel}","templated":true}]}}