{"id":66316,"date":"2025-10-19T10:38:08","date_gmt":"2025-10-19T10:38:08","guid":{"rendered":"https:\/\/www.europesays.com\/fi\/66316\/"},"modified":"2025-10-19T10:38:08","modified_gmt":"2025-10-19T10:38:08","slug":"pate-mustajarvi-jaa-pois-ensi-kesan-suuresta-konsertista-tampereella-syyna-vakava-sairastuminen-kotimaa","status":"publish","type":"post","link":"https:\/\/www.europesays.com\/fi\/66316\/","title":{"rendered":"Pate Mustaj\u00e4rvi j\u00e4\u00e4 pois ensi kes\u00e4n suuresta konsertista Tampereella \u2013 syyn\u00e4 vakava sairastuminen | Kotimaa"},"content":{"rendered":"<p class=\"aw-1gybjub aw-5vja16 ghpEtB kjanFo yle__article__paragraph\">Mustaj\u00e4rvi kertoi t\u00e4ll\u00e4 viikolla, ett\u00e4 h\u00e4nell\u00e4 on kasvain ja kaikki sovitut keikat perutaan.<\/p>\n<p><img decoding=\"async\" alt=\"Pate Mustaj\u00e4rvi violetissa puvussa ja hatussa.\" src=\"https:\/\/www.europesays.com\/fi\/wp-content\/uploads\/2025\/10\/39-124589865d0ce8e9cfa7.jpeg\" class=\"aw-1l9m598 hKVVvP\"\/><\/p>\n<p>Avaa kuvien katselu<\/p>\n<p>Pate Mustaj\u00e4rvi kuvattu Emma-gaalassa vuonna 2024. Kuva: Susanna Pesonen \/ Yle<\/p>\n<p class=\"aw-1gybjub aw-1p7kakr ghpEtB jtovHP yle__article__paragraph\">Manserock stadionilla -konsertti toteutuu ilman <strong class=\"aw-ak79eh KyCXm yle__article__strong\">Pate Mustaj\u00e4rve\u00e4<\/strong>.<\/p>\n<p class=\"aw-1gybjub aw-1p7kakr ghpEtB jtovHP yle__article__paragraph\">Lipunmyynnist\u00e4 vastaava lippu.fi ilmoittaa asiasta tapahtuman sivuilla: \u201dPate Mustaj\u00e4rven esiintyminen Manserock stadionilla -konsertissa on peruttu vakavan sairastumisen johdosta\u201d.<\/p>\n<p class=\"aw-1gybjub aw-1p7kakr ghpEtB jtovHP yle__article__paragraph\">Mustaj\u00e4rvi kertoi torstaina, ett\u00e4 h\u00e4nen kehostaan on l\u00f6ytynyt kasvain ja kaikki sovitut keikat perutaan. Tuolloin osallistuminen elokuussa j\u00e4rjestett\u00e4v\u00e4\u00e4n konserttiin j\u00e4i viel\u00e4 avoimeksi.<\/p>\n<p><img decoding=\"async\" alt=\"Suomalainen muusikko Pauli Antero \u201dPate\u201d Mustaj\u00e4rvi.\" src=\"https:\/\/www.europesays.com\/fi\/wp-content\/uploads\/2025\/10\/1760870288_32_39-124546465cf4c5c87801.jpeg\" class=\"aw-1l9m598 hKVVvP\"\/><\/p>\n<p class=\"aw-1gybjub aw-1p7kakr ghpEtB jtovHP yle__article__paragraph\"><a class=\"aw-iao6s4 iHOxEa yle__article__link\" href=\"https:\/\/yle.fi\/a\/74-20185979\" role=\"link\" rel=\"nofollow noopener\" target=\"_blank\">Manserock stadionilla -tapahtumaa<\/a> on markkinoitu n\u00e4kyv\u00e4sti juuri Mustaj\u00e4rven ja Eppu Normaalista tunnetun <strong class=\"aw-ak79eh KyCXm yle__article__strong\">Martti Syrj\u00e4n<\/strong> kasvoilla.<\/p>\n<p class=\"aw-1gybjub aw-1p7kakr ghpEtB jtovHP yle__article__paragraph\">Konsertti j\u00e4rjestet\u00e4\u00e4n Tampereella Tammelan stadionilla 1. elokuuta 2026.<\/p>\n<p class=\"aw-1gybjub aw-1p7kakr ghpEtB jtovHP yle__article__paragraph\">Tapahtumassa esiintyv\u00e4t paluun keikkalavoille tekev\u00e4 Negative sek\u00e4 Kaikkien aikojen manserock -orkesteri, jonka yhten\u00e4 solistina piti olla Mustaj\u00e4rvi.<\/p>\n<p class=\"aw-1gybjub aw-1p7kakr ghpEtB jtovHP yle__article__paragraph\">Nyt b\u00e4ndiin j\u00e4\u00e4v\u00e4t viel\u00e4 Martti Syrj\u00e4n ohella solistit <strong class=\"aw-ak79eh KyCXm yle__article__strong\">Mikko Alatalo<\/strong> ja <strong class=\"aw-ak79eh KyCXm yle__article__strong\">Heikki Hela<\/strong>. Yksi lis\u00e4solisti julkaistaan joulukuussa.<\/p>\n<p class=\"aw-1gybjub aw-1p7kakr ghpEtB jtovHP yle__article__paragraph\">Lis\u00e4ksi yhtyeess\u00e4 soittavat ja laulavat rumpali <strong class=\"aw-ak79eh KyCXm yle__article__strong\">Aku Syrj\u00e4<\/strong>, basisti <strong class=\"aw-ak79eh KyCXm yle__article__strong\">Sami Ruusukallio<\/strong>, kosketinsoittaja ja taustalaulaja <strong class=\"aw-ak79eh KyCXm yle__article__strong\">Kalle Ruusukallio<\/strong>, kitaristi <strong class=\"aw-ak79eh KyCXm yle__article__strong\">Juha Torvinen<\/strong> sek\u00e4 taustalaulajat <strong class=\"aw-ak79eh KyCXm yle__article__strong\">Toni L\u00e4hteenm\u00e4ki<\/strong> ja <strong class=\"aw-ak79eh KyCXm yle__article__strong\">Nelli Petro<\/strong>.<\/p>\n<p class=\"aw-1gybjub aw-1p7kakr ghpEtB jtovHP yle__article__paragraph\">Pate Mustaj\u00e4rvi on 69-vuotias tamperelainen muusikko, joka on tullut tunnetuksi Popedan alkuper\u00e4isen\u00e4 solistina. H\u00e4n j\u00e4tti yhtyeen vuonna 2023 ja on sen j\u00e4lkeen jatkanut soolouraa.<\/p>\n","protected":false},"excerpt":{"rendered":"Mustaj\u00e4rvi kertoi t\u00e4ll\u00e4 viikolla, ett\u00e4 h\u00e4nell\u00e4 on kasvain ja kaikki sovitut keikat perutaan. Avaa kuvien katselu Pate Mustaj\u00e4rvi&hellip;\n","protected":false},"author":2,"featured_media":66317,"comment_status":"","ping_status":"","sticky":false,"template":"","format":"standard","meta":{"footnotes":""},"categories":[130],"tags":[137,33,31,30,71,12481,5730,553,32,12479,551,1667,109],"class_list":{"0":"post-66316","1":"post","2":"type-post","3":"status-publish","4":"format-standard","5":"has-post-thumbnail","7":"category-viihde","8":"tag-entertainment","9":"tag-fi","10":"tag-finland","11":"tag-finnish","12":"tag-kotimaa","13":"tag-manserock","14":"tag-pate-mustajarvi","15":"tag-pirkanmaa","16":"tag-suomi","17":"tag-tammelan-stadion","18":"tag-tampere","19":"tag-tapahtumat","20":"tag-viihde"},"share_on_mastodon":{"url":"","error":""},"_links":{"self":[{"href":"https:\/\/www.europesays.com\/fi\/wp-json\/wp\/v2\/posts\/66316","targetHints":{"allow":["GET"]}}],"collection":[{"href":"https:\/\/www.europesays.com\/fi\/wp-json\/wp\/v2\/posts"}],"about":[{"href":"https:\/\/www.europesays.com\/fi\/wp-json\/wp\/v2\/types\/post"}],"author":[{"embeddable":true,"href":"https:\/\/www.europesays.com\/fi\/wp-json\/wp\/v2\/users\/2"}],"replies":[{"embeddable":true,"href":"https:\/\/www.europesays.com\/fi\/wp-json\/wp\/v2\/comments?post=66316"}],"version-history":[{"count":0,"href":"https:\/\/www.europesays.com\/fi\/wp-json\/wp\/v2\/posts\/66316\/revisions"}],"wp:featuredmedia":[{"embeddable":true,"href":"https:\/\/www.europesays.com\/fi\/wp-json\/wp\/v2\/media\/66317"}],"wp:attachment":[{"href":"https:\/\/www.europesays.com\/fi\/wp-json\/wp\/v2\/media?parent=66316"}],"wp:term":[{"taxonomy":"category","embeddable":true,"href":"https:\/\/www.europesays.com\/fi\/wp-json\/wp\/v2\/categories?post=66316"},{"taxonomy":"post_tag","embeddable":true,"href":"https:\/\/www.europesays.com\/fi\/wp-json\/wp\/v2\/tags?post=66316"}],"curies":[{"name":"wp","href":"https:\/\/api.w.org\/{rel}","templated":true}]}}