{"id":66318,"date":"2025-10-19T10:41:07","date_gmt":"2025-10-19T10:41:07","guid":{"rendered":"https:\/\/www.europesays.com\/fi\/66318\/"},"modified":"2025-10-19T10:41:07","modified_gmt":"2025-10-19T10:41:07","slug":"tekoalyn-vaikutus-nakyy-jo-tyomarkkinoilla","status":"publish","type":"post","link":"https:\/\/www.europesays.com\/fi\/66318\/","title":{"rendered":"Teko\u00e4lyn vaikutus n\u00e4kyy jo ty\u00f6markkinoilla"},"content":{"rendered":"<p class=\"ai-optimize-6 ai-optimize-introduction\">Teko\u00e4lyn on arvioitu mullistavan ty\u00f6markkinoita l\u00e4hivuosien aikana.<\/p>\n<p class=\"ai-optimize-7\">Ensimm\u00e4iset merkit ihmisty\u00f6ntekij\u00f6iden laajamittaisesta korvaamisesta teko\u00e4lyty\u00f6kaluilla saattavat olla jo n\u00e4kyviss\u00e4 Yhdysvalloissa, kertoo talouslehti <a href=\"https:\/\/www.economist.com\/graphic-detail\/2025\/10\/13\/can-ai-replace-junior-workers\" target=\"_blank\" rel=\"noopener nofollow\">The Economist<\/a>.<\/p>\n<p class=\"ai-optimize-8\">Erityisesti teko\u00e4ly n\u00e4ytt\u00e4\u00e4 vaikuttavan vastavalmistuneiden ty\u00f6paikkoihin tietotekniikan alan asiantuntijaorganisaatiossa.<\/p>\n<p class=\"ai-optimize-9\">Harvardin yliopiston tohtoriopiskelijat <strong>Seyed Hosseini<\/strong> ja <strong>Guy Lichtinger<\/strong> selvittiv\u00e4t tutkimuksessaan ty\u00f6paikkailmoitusdatan perusteella, milloin ja mitk\u00e4 yritykset alkoivat laajamittaisesti palkata teko\u00e4lyasiantuntijoita kehitt\u00e4m\u00e4\u00e4n j\u00e4rjestelmi\u00e4, joissa teko\u00e4ly\u00e4 hy\u00f6dynnet\u00e4\u00e4n yrityksen p\u00e4ivitt\u00e4isess\u00e4 toiminnassa.<\/p>\n<p class=\"ai-optimize-10\">Jos teko\u00e4lyll\u00e4 ei olisi ollut suurta vaikutusta ty\u00f6markkinoihin, olisi uusien ty\u00f6uran alkuvaiheessa oleville vastavalmistuneille sopivien ty\u00f6paikkojen m\u00e4\u00e4r\u00e4n pit\u00e4nyt olla suurin piirtein sama kaikissa yrityksiss\u00e4.<\/p>\n<p class=\"ai-optimize-11\">Tutkimuksessa selvisi, ett\u00e4 teko\u00e4lyyn panostaneet yritykset ovat viime vuosina palkanneet huomattavasti v\u00e4hemm\u00e4n uusia vastavalmistuneita ty\u00f6ntekij\u00f6it\u00e4 verrattuna niihin yrityksiin, jotka eiv\u00e4t ole palkanneet teko\u00e4lyasiantuntijoita.<\/p>\n<p class=\"ai-optimize-12\">Kokeneita ty\u00f6ntekij\u00f6it\u00e4 sen sijaan palkattiin yht\u00e4 paljon kaikissa yrityksiss\u00e4.<\/p>\n<p class=\"ai-optimize-13\">Tutkijat pohtivat, ett\u00e4 vastavalmistuneiden suhteellisen yksinkertaiset mutta aikaa viev\u00e4t ty\u00f6teht\u00e4v\u00e4t n\u00e4ytt\u00e4v\u00e4t olevan erityisen helposti teht\u00e4viss\u00e4 teko\u00e4lyty\u00f6kaluilla. Laajamittaisia irtisanomisia ei ole tutkijoiden mukaan juuri tehty, vaan uusia vastavalmistuneita ty\u00f6ntekij\u00f6it\u00e4 ei vain yksinkertaisesti ole palkattu.<\/p>\n<p class=\"ai-optimize-14\">Tutkijat kuitenkin huomauttavat, ett\u00e4 yksitt\u00e4isen tutkimuksen tulosten perusteella ei voi vet\u00e4\u00e4 suoria johtop\u00e4\u00e4t\u00f6ksi\u00e4 ty\u00f6markkinoiden tilanteesta.<\/p>\n","protected":false},"excerpt":{"rendered":"Teko\u00e4lyn on arvioitu mullistavan ty\u00f6markkinoita l\u00e4hivuosien aikana. Ensimm\u00e4iset merkit ihmisty\u00f6ntekij\u00f6iden laajamittaisesta korvaamisesta teko\u00e4lyty\u00f6kaluilla saattavat olla jo n\u00e4kyviss\u00e4 Yhdysvalloissa,&hellip;\n","protected":false},"author":2,"featured_media":66319,"comment_status":"","ping_status":"","sticky":false,"template":"","format":"standard","meta":{"footnotes":""},"categories":[76],"tags":[79,77,33,31,30,32,78,433],"class_list":{"0":"post-66318","1":"post","2":"type-post","3":"status-publish","4":"format-standard","5":"has-post-thumbnail","7":"category-talous","8":"tag-business","9":"tag-economy","10":"tag-fi","11":"tag-finland","12":"tag-finnish","13":"tag-suomi","14":"tag-talous","15":"tag-tekoaly"},"share_on_mastodon":{"url":"","error":""},"_links":{"self":[{"href":"https:\/\/www.europesays.com\/fi\/wp-json\/wp\/v2\/posts\/66318","targetHints":{"allow":["GET"]}}],"collection":[{"href":"https:\/\/www.europesays.com\/fi\/wp-json\/wp\/v2\/posts"}],"about":[{"href":"https:\/\/www.europesays.com\/fi\/wp-json\/wp\/v2\/types\/post"}],"author":[{"embeddable":true,"href":"https:\/\/www.europesays.com\/fi\/wp-json\/wp\/v2\/users\/2"}],"replies":[{"embeddable":true,"href":"https:\/\/www.europesays.com\/fi\/wp-json\/wp\/v2\/comments?post=66318"}],"version-history":[{"count":0,"href":"https:\/\/www.europesays.com\/fi\/wp-json\/wp\/v2\/posts\/66318\/revisions"}],"wp:featuredmedia":[{"embeddable":true,"href":"https:\/\/www.europesays.com\/fi\/wp-json\/wp\/v2\/media\/66319"}],"wp:attachment":[{"href":"https:\/\/www.europesays.com\/fi\/wp-json\/wp\/v2\/media?parent=66318"}],"wp:term":[{"taxonomy":"category","embeddable":true,"href":"https:\/\/www.europesays.com\/fi\/wp-json\/wp\/v2\/categories?post=66318"},{"taxonomy":"post_tag","embeddable":true,"href":"https:\/\/www.europesays.com\/fi\/wp-json\/wp\/v2\/tags?post=66318"}],"curies":[{"name":"wp","href":"https:\/\/api.w.org\/{rel}","templated":true}]}}