{"id":66329,"date":"2025-10-19T11:04:12","date_gmt":"2025-10-19T11:04:12","guid":{"rendered":"https:\/\/www.europesays.com\/fi\/66329\/"},"modified":"2025-10-19T11:04:12","modified_gmt":"2025-10-19T11:04:12","slug":"opeth-muistelee-ace-frehleyn-vaikutusta","status":"publish","type":"post","link":"https:\/\/www.europesays.com\/fi\/66329\/","title":{"rendered":"Opeth muistelee Ace Frehleyn vaikutusta"},"content":{"rendered":"<p>Ruotsalaisen <strong>Opeth<\/strong>-yhtyeen nokkamies <a href=\"https:\/\/kaaoszine.fi\/minulle-on-ollut-aina-hyvin-tarkeaa-etta-fanit-kuulevat-selkeasti-lyriikat-joita-orisen-opethin-mikael-akerfeldt-paljastaa-tarinansa-metallilaulajana\/\" rel=\"nofollow noopener\" target=\"_blank\">Mikael \u00c5kerfeldt<\/a> on julkaissut koskettavan <a href=\"https:\/\/www.instagram.com\/p\/DP5nQOSDMjd\/\" rel=\"nofollow noopener\" target=\"_blank\">muistokirjoituksen<\/a> alkuper\u00e4iselle <strong>Kiss<\/strong>-kitaristille Ace Frehleylle, joka <a href=\"https:\/\/kaaoszine.fi\/kissin-alkuperainen-kitaristi-ace-frehley-on-kuollut\/\" rel=\"nofollow noopener\" target=\"_blank\">menehtyi<\/a> torstaina 16. lokakuuta 74 vuoden i\u00e4ss\u00e4. Suru-uutinen tuli vain tunteja sen j\u00e4lkeen, kun TMZ raportoi Frehleyn joutuneen sairaalahoitoon aivoverenvuodon vuoksi, saatuaan kaatumisen seurauksena vakavan vamman studiollaan.<\/p>\n<p>\u00c5kerfeldt kirjoitti yhtyeens\u00e4 sosiaalisen median kanavissa:<\/p>\n<p>\u201dOn suuri suru ja j\u00e4rkytys sanoa hyv\u00e4stit ja \u2019kiitos\u2019 Paul \u2019Ace\u2019 Frehleylle. H\u00e4n oli rockin majakka kitaristeille ymp\u00e4ri maailman. Valtava vaikutus monille, erityisesti minulle ja Fredrikille [\u00c5kesson, Opethin kitaristi].<\/p>\n<p>Artikkeli jatkuu mainoksen j\u00e4lkeen<a class=\"gofollow\" data-track=\"MjcwMyw0MCwxLDYw\" href=\"https:\/\/www.johnsmithrockfrozen.fi\" rel=\"nofollow noopener\" target=\"_blank\"><img decoding=\"async\" src=\"https:\/\/www.europesays.com\/fi\/wp-content\/uploads\/2025\/10\/js-frozen-2025-900x400-1.jpg\"\/><\/a>Mainos p\u00e4\u00e4ttyy<\/p>\n<p>Minun mielest\u00e4ni Ace oli alkuper\u00e4isen nelikon siistein tyyppi. H\u00e4nell\u00e4 oli oma sw\u00e4g\u00e4ns\u00e4, joka melkein m\u00e4\u00e4ritteli koko termin. Kovaotteinen Keith Richards -hahmo, tosin hopeisissa meikeiss\u00e4 ja korokepohjakengiss\u00e4.\u201d<\/p>\n<p>\u00c5kerfeldt muisteli my\u00f6s, kuinka Kiss oli h\u00e4nen ja monien yst\u00e4vien ensimm\u00e4inen kosketus rock-maailmaan:<\/p>\n<p>\u201dKaikki lapsuuden yst\u00e4v\u00e4ni olivat Kiss-faneja, ja moni heist\u00e4 piti Acea lopullisena rockt\u00e4hten\u00e4. H\u00e4n oli yksinkertaisesti mahtava. Muistan h\u00e4net nyt paitsi kitaristina, jonka savuttava Gibson Les Paul heilui vasemmalta oikealle, my\u00f6s joviaalina tyyppin\u00e4, joka haastoi Gene Simmonin ja Paul Stanleyn j\u00e4ykki\u00e4 rokkaritapoja. \u2019Spaceman\u2019 oli kuitenkin ihminen.\u201d<\/p>\n<p>Artikkeli jatkuu mainoksen j\u00e4lkeen<a class=\"gofollow\" data-track=\"MjY4Niw0MSwxLDYw\" href=\"https:\/\/moysa.fi\/xxl-mosso-metalli\/\" rel=\"nofollow noopener\" target=\"_blank\"><img decoding=\"async\" src=\"https:\/\/www.europesays.com\/fi\/wp-content\/uploads\/2025\/09\/xxlmetalli-980x400-1.gif\"\/><\/a>Mainos p\u00e4\u00e4ttyy<\/p>\n<p>Lopuksi \u00c5kerfeldt kehotti katsomaan Frehleyn legendaarisen haastattelun Tom Snyderin kanssa vuodelta 1979, jossa t\u00e4m\u00e4n tarttuva nauru j\u00e4tti l\u00e4htem\u00e4tt\u00f6m\u00e4n vaikutuksen.<\/p>\n<p>\u201dAce Frehley\u00e4 j\u00e4\u00e4 kaipaamaan miljoonat. L\u00e4mmin osanottomme h\u00e4nen perheelleen, yst\u00e4villeen, kollegoilleen ja faneilleen. Paljon rakkautta, Opeth.\u201d<\/p>\n<p><a class=\"gofollow\" data-track=\"MjcxNyw0OCwxLDYw\" href=\"https:\/\/zrock.fi\/\" rel=\"nofollow noopener\" target=\"_blank\"><img decoding=\"async\" src=\"https:\/\/www.europesays.com\/fi\/wp-content\/uploads\/2025\/10\/zrock-980x400px.png\"\/><\/a><br \/>\nArtikkeli jatkuu mainoksen j\u00e4lkeen<a class=\"gofollow\" data-track=\"MjcxNyw0MiwxLDYw\" href=\"https:\/\/zrock.fi\/\" rel=\"nofollow noopener\" target=\"_blank\"><img decoding=\"async\" src=\"https:\/\/www.europesays.com\/fi\/wp-content\/uploads\/2025\/10\/zrock-980x400px.png\"\/><\/a>Mainos p\u00e4\u00e4ttyy<br \/>\n        <script async src=\"\/\/www.instagram.com\/embed.js\"><\/script><\/p>\n","protected":false},"excerpt":{"rendered":"Ruotsalaisen Opeth-yhtyeen nokkamies Mikael \u00c5kerfeldt on julkaissut koskettavan muistokirjoituksen alkuper\u00e4iselle Kiss-kitaristille Ace Frehleylle, joka menehtyi torstaina 16. lokakuuta&hellip;\n","protected":false},"author":2,"featured_media":66330,"comment_status":"","ping_status":"","sticky":false,"template":"","format":"standard","meta":{"footnotes":""},"categories":[130],"tags":[137,33,31,30,15024,32,109],"class_list":{"0":"post-66329","1":"post","2":"type-post","3":"status-publish","4":"format-standard","5":"has-post-thumbnail","7":"category-viihde","8":"tag-entertainment","9":"tag-fi","10":"tag-finland","11":"tag-finnish","12":"tag-opeth","13":"tag-suomi","14":"tag-viihde"},"share_on_mastodon":{"url":"","error":""},"_links":{"self":[{"href":"https:\/\/www.europesays.com\/fi\/wp-json\/wp\/v2\/posts\/66329","targetHints":{"allow":["GET"]}}],"collection":[{"href":"https:\/\/www.europesays.com\/fi\/wp-json\/wp\/v2\/posts"}],"about":[{"href":"https:\/\/www.europesays.com\/fi\/wp-json\/wp\/v2\/types\/post"}],"author":[{"embeddable":true,"href":"https:\/\/www.europesays.com\/fi\/wp-json\/wp\/v2\/users\/2"}],"replies":[{"embeddable":true,"href":"https:\/\/www.europesays.com\/fi\/wp-json\/wp\/v2\/comments?post=66329"}],"version-history":[{"count":0,"href":"https:\/\/www.europesays.com\/fi\/wp-json\/wp\/v2\/posts\/66329\/revisions"}],"wp:featuredmedia":[{"embeddable":true,"href":"https:\/\/www.europesays.com\/fi\/wp-json\/wp\/v2\/media\/66330"}],"wp:attachment":[{"href":"https:\/\/www.europesays.com\/fi\/wp-json\/wp\/v2\/media?parent=66329"}],"wp:term":[{"taxonomy":"category","embeddable":true,"href":"https:\/\/www.europesays.com\/fi\/wp-json\/wp\/v2\/categories?post=66329"},{"taxonomy":"post_tag","embeddable":true,"href":"https:\/\/www.europesays.com\/fi\/wp-json\/wp\/v2\/tags?post=66329"}],"curies":[{"name":"wp","href":"https:\/\/api.w.org\/{rel}","templated":true}]}}