{"id":66333,"date":"2025-10-19T11:08:11","date_gmt":"2025-10-19T11:08:11","guid":{"rendered":"https:\/\/www.europesays.com\/fi\/66333\/"},"modified":"2025-10-19T11:08:11","modified_gmt":"2025-10-19T11:08:11","slug":"trump-julkaisi-hairiintyneen-videon","status":"publish","type":"post","link":"https:\/\/www.europesays.com\/fi\/66333\/","title":{"rendered":"Trump julkaisi h\u00e4iriintyneen videon"},"content":{"rendered":"<p>Yhdysvaltalaiset kokoontuivat osoittamaan mielt\u00e4 Trumpin hallinnon autoritaarisuutta vastaan. Trump reagoi asiaan omalla tavallaan.<\/p>\n<p><img decoding=\"async\" class=\"image image-show image-preview\" src=\"https:\/\/www.europesays.com\/fi\/wp-content\/uploads\/2025\/10\/578c936a43ff266d8a797777c85d42007738cd01f54e46c582d308b24c31d5b0.jpg\" alt=\"\"\/><img decoding=\"async\" class=\"image image-show\" src=\"https:\/\/www.europesays.com\/fi\/wp-content\/uploads\/2025\/10\/1760872091_5_578c936a43ff266d8a797777c85d42007738cd01f54e46c582d308b24c31d5b0.jpg\" alt=\"\"\/><\/p>\n<p>Viranomaisten mukaan New Yorkissa mielenosoituksiin osallistui yli 100 000 ihmist\u00e4.  ZumaWire \/ MVPHOTOS<\/p>\n<p class=\"paragraph\">Jokaisessa Yhdysvaltain osavaltiossa n\u00e4htiin lauantaina presidentti <strong>Donald Trumpia<\/strong> vastustavia mielenosoituksia.<\/p>\n<p class=\"paragraph\">Kyseess\u00e4 oli toinen No Kings eli \u201dei kuninkaita\u201d -mielenosoitusaalto, joka j\u00e4rjestettiin ensimm\u00e4ist\u00e4 kertaa kes\u00e4kuussa.<\/p>\n<p class=\"paragraph\">J\u00e4rjest\u00e4jien mukaan mielenosoituksiin osallistui valtakunnallisesti jopa seitsem\u00e4n miljoonaa ihmist\u00e4, AFP kertoo, mutta lukua on vaikea todentaa. Guardianin <a href=\"https:\/\/www.theguardian.com\/us-news\/2025\/oct\/18\/no-kings-protests-events-states\" target=\"_blank\" rel=\"noopener nofollow\">mukaan<\/a> Harvard arvioi, ett\u00e4 kes\u00e4kuun mielenosoituksiin osallistui 2\u20134,8 miljoonaa ihmist\u00e4.<\/p>\n<p>Mielenosoittajia Los Angelesissa, miss\u00e4 naamioituneet maahanmuuttoviranomaiset ovat tehneet laajoja ratsioita. ZumaWire \/ MVPHOTOS<\/p>\n<p class=\"paragraph\">Nimens\u00e4 mukaisesti mielenosoittajat kritisoivat Trumpin hallinnon autoritaarisia toimia, erityisesti sananvapauden kaventumista, laajoja maahanmuuttoratsioita sek\u00e4 liittovaltion joukkojen k\u00e4ytt\u00f6\u00e4 maan omia kansalaisia vastaan.<\/p>\n<p class=\"paragraph\">Republikaanit pyrkiv\u00e4t etuk\u00e4teen maalaamaan mielenosoituksista kuvan anarkistien ja \u00e4\u00e4rivasemmiston johtamina mahdollisesti vaarallisina tapahtumina, mutta Fox Newsin <a href=\"https:\/\/www.foxnews.com\/politics\/protesters-nationwide-hold-no-kings-rallies-amid-government-shutdown\" target=\"_blank\" rel=\"noopener nofollow\">mukaan<\/a> mielenosoitukset sujuivat yleisesti ottaen rauhallisesti.<\/p>\n<p>Mielenosoittajia Chicagossa. Trumpin hallinto on viime viikkoina ottanut Chicagon maahanmuuttovastaisen kampanjansa keski\u00f6\u00f6n.  ZumaWire \/ MVPHOTOS<\/p>\n<p class=\"paragraph\">Tunnelmaa mielenosoituksissa on kuvailtu jopa karnevaalimaiseksi. Protestikylttien lis\u00e4ksi mielenosoituksissa n\u00e4htiin useita sammakkoasuihin pukeutuneita osallistujia. Sammakkoasut ovat levinneet Portlandista Oregonista, miss\u00e4 aktivistit ottivat asut k\u00e4ytt\u00f6\u00f6n alun perin vitsin\u00e4 Trumpin hallinnon pyrkimyksest\u00e4 kehyst\u00e4\u00e4 heid\u00e4t poliittista v\u00e4kivaltaa harjoittavina anarkisteina.<\/p>\n<p class=\"paragraph\">\u2013 Tuotte yhteen marxistit, sosialistit, Antifa-kannattajat, anarkistit ja \u00e4\u00e4rivasemmistolaisen demokraattipuolueen Hamas-my\u00f6nteisen siiven, edustajainhuoneen puhemies <strong>Mike Johnson<\/strong> sanoi lauantaina.<\/p>\n<p class=\"paragraph\">Johnson ja Trump ovat kutsuneet mielenosoituksia Hate America eli \u201dvihaa Amerikkaa\u201d -mielenosoituksiksi.<\/p>\n<p class=\"paragraph\">Trump julkaisi sosiaalisessa mediassa my\u00f6s sarjan teko\u00e4lyll\u00e4 luotuja videoita, joissa h\u00e4nell\u00e4 on kruunu. Yhdess\u00e4 videossa kruunup\u00e4inen Trump pudottaa h\u00e4vitt\u00e4j\u00e4koneella ulostetta mielenosoittajien p\u00e4\u00e4lle.<\/p>\n<p class=\"paragraph\">Mielenosoittajat pitiv\u00e4t hallinnon v\u00e4itteit\u00e4 naurettavina.<\/p>\n<p class=\"paragraph\">\u2013 Voimme v\u00e4itell\u00e4 politiikkatoimista ja eri tavoista, miten ongelmia voidaan ratkaista, mutta ihmisarvosta ei pit\u00e4isi joutua v\u00e4ittelem\u00e4\u00e4n, Utahin p\u00e4\u00e4kaupunki Salt Lake Cityssa mielenosoitukseen osallistunut juristi <strong>Chris Scharman<\/strong> <a href=\"https:\/\/www.nytimes.com\/2025\/10\/18\/us\/protests-trump-no-kings.html\" target=\"_blank\" rel=\"noopener nofollow\">sanoo<\/a> New York Timesille.<\/p>\n","protected":false},"excerpt":{"rendered":"Yhdysvaltalaiset kokoontuivat osoittamaan mielt\u00e4 Trumpin hallinnon autoritaarisuutta vastaan. Trump reagoi asiaan omalla tavallaan. Viranomaisten mukaan New Yorkissa mielenosoituksiin&hellip;\n","protected":false},"author":2,"featured_media":66334,"comment_status":"","ping_status":"","sticky":false,"template":"","format":"standard","meta":{"footnotes":""},"categories":[14],"tags":[35,22,23,26,27,33,31,30,17,24,25,28,29,15,18,21,637,144,32,19,20,56,16,59,60,61,143,751,145],"class_list":{"0":"post-66333","1":"post","2":"type-post","3":"status-publish","4":"format-standard","5":"has-post-thumbnail","7":"category-ulkomaat","8":"tag-24h","9":"tag-breaking-news","10":"tag-breakingnews","11":"tag-featured-news","12":"tag-featurednews","13":"tag-fi","14":"tag-finland","15":"tag-finnish","16":"tag-headlines","17":"tag-latest-news","18":"tag-latestnews","19":"tag-main-news","20":"tag-mainnews","21":"tag-news","22":"tag-otsikot","23":"tag-paauutiset","24":"tag-politiikka","25":"tag-presidentti","26":"tag-suomi","27":"tag-top-stories","28":"tag-topstories","29":"tag-ulkomaat","30":"tag-uutiset","31":"tag-world","32":"tag-world-news","33":"tag-worldnews","34":"tag-yhdysvaltain-politiikka","35":"tag-yhdysvaltalaiset-poliitikot","36":"tag-yhdysvaltalaiset-poliittiset-puolueet"},"share_on_mastodon":{"url":"","error":""},"_links":{"self":[{"href":"https:\/\/www.europesays.com\/fi\/wp-json\/wp\/v2\/posts\/66333","targetHints":{"allow":["GET"]}}],"collection":[{"href":"https:\/\/www.europesays.com\/fi\/wp-json\/wp\/v2\/posts"}],"about":[{"href":"https:\/\/www.europesays.com\/fi\/wp-json\/wp\/v2\/types\/post"}],"author":[{"embeddable":true,"href":"https:\/\/www.europesays.com\/fi\/wp-json\/wp\/v2\/users\/2"}],"replies":[{"embeddable":true,"href":"https:\/\/www.europesays.com\/fi\/wp-json\/wp\/v2\/comments?post=66333"}],"version-history":[{"count":0,"href":"https:\/\/www.europesays.com\/fi\/wp-json\/wp\/v2\/posts\/66333\/revisions"}],"wp:featuredmedia":[{"embeddable":true,"href":"https:\/\/www.europesays.com\/fi\/wp-json\/wp\/v2\/media\/66334"}],"wp:attachment":[{"href":"https:\/\/www.europesays.com\/fi\/wp-json\/wp\/v2\/media?parent=66333"}],"wp:term":[{"taxonomy":"category","embeddable":true,"href":"https:\/\/www.europesays.com\/fi\/wp-json\/wp\/v2\/categories?post=66333"},{"taxonomy":"post_tag","embeddable":true,"href":"https:\/\/www.europesays.com\/fi\/wp-json\/wp\/v2\/tags?post=66333"}],"curies":[{"name":"wp","href":"https:\/\/api.w.org\/{rel}","templated":true}]}}