{"id":66339,"date":"2025-10-19T11:22:08","date_gmt":"2025-10-19T11:22:08","guid":{"rendered":"https:\/\/www.europesays.com\/fi\/66339\/"},"modified":"2025-10-19T11:22:08","modified_gmt":"2025-10-19T11:22:08","slug":"simo-pokaa-naisia-siella-missa-ei-pitaisi","status":"publish","type":"post","link":"https:\/\/www.europesays.com\/fi\/66339\/","title":{"rendered":"Simo pokaa naisia siell\u00e4 miss\u00e4 ei pit\u00e4isi"},"content":{"rendered":"<p>Naisen kaipuu on kalvava tunne, mutta ehk\u00e4 sit\u00e4 sielunkumppania ja syd\u00e4men tykytysten kohdettaan kannattaisi haikailla pikkuisen sofistikoituneemmin kuin muuan Simo.<\/p>\n<p>Simon k\u00e4yt\u00f6s on her\u00e4tt\u00e4nyt somessa ansaittua huomiota.<\/p>\n<p>Simo nimitt\u00e4in pokaa siell\u00e4kin miss\u00e4 ei pit\u00e4isi.<\/p>\n<p>\u201dRakastan sinua\u201d<\/p>\n<p>Kaikki l\u00e4hti siit\u00e4 kun muuan Melina haki asuntoa vuokra-asuntoja v\u00e4litt\u00e4v\u00e4ss\u00e4 ryhm\u00e4ss\u00e4. H\u00e4n kertoi asiallisesti mit\u00e4 hakee, ja my\u00f6s itsest\u00e4\u00e4n.<\/p>\n<p>H\u00e4n lis\u00e4si my\u00f6s kuvan itsest\u00e4\u00e4n vuokralaisilmoituksen yhteyteen.<\/p>\n<p>Lue my\u00f6s: <a href=\"https:\/\/www.como.fi\/uutiset\/jo-toinen-tubettaja-kertoi-raskaasta-hairinnasta-hairintaa-on-paljon\/\" title=\"Jo toinen tubettaja kertoi raskaasta h\u00e4irinn\u00e4st\u00e4: \u201dH\u00e4irint\u00e4\u00e4 on paljon\u201d\" class=\"underline-custom !font-montserrat !font-bold !underline-offset-4 !decoration-4 !decoration-red-600 !text-md\" rel=\"nofollow noopener\" target=\"_blank\">Jo toinen tubettaja kertoi raskaasta h\u00e4irinn\u00e4st\u00e4: \u201dH\u00e4irint\u00e4\u00e4 on paljon\u201d<\/a><\/p>\n<p>Lue my\u00f6s: <a href=\"https:\/\/www.como.fi\/uutiset\/amanda-harkimo-hakee-talla-kuvalla-asuntoa-nyt-on-huomio-taattu\/\" title=\"Amanda Harkimo hakee t\u00e4ll\u00e4 kuvalla asuntoa \u2013 nyt on huomio taattu!\" class=\"underline-custom !font-montserrat !font-bold !underline-offset-4 !decoration-4 !decoration-red-600 !text-md\" rel=\"nofollow noopener\" target=\"_blank\">Amanda Harkimo hakee t\u00e4ll\u00e4 kuvalla asuntoa \u2013 nyt on huomio taattu!<\/a><\/p>\n<p>Sitten alkoi tapahtua.<\/p>\n<p>Simo The Pokaaja iski.<\/p>\n<p>-Rakkaus on viel tallella, let\u00b4s code, h\u00e4n heitti.<\/p>\n<p>Pian saapui jo painavampi viesti.<\/p>\n<p>-Rakastan sinua.<\/p>\n<p>Muut keskustelijat puuttuivat asiaan kohtuuvikkel\u00e4\u00e4n.<\/p>\n<p>-Simo, mik\u00e4 ihme kommentti t\u00e4m\u00e4 on, asuntoakaan ei en\u00e4\u00e4 n\u00e4emm\u00e4 saa hakea ilman ett\u00e4 joku vatip\u00e4\u00e4 tulee kommentoimaan, kirjoitti muuan ryhm\u00e4ss\u00e4 oleva.<\/p>\n<p>-Simo oletko koskaan kuullut seksuaalisesta h\u00e4irinn\u00e4st\u00e4? Sanoisitko oikeasti noin jollekin kadulla vastaantulevalle. Kannattaa mietti\u00e4 mit\u00e4 sanoo tuntemattomille, opastettiin lis\u00e4ksi.<\/p>\n<p>Melina kiitti osaaottavuudesta. Mutta Simo, The Pokaaja, ei v\u00e4litt\u00e4nyt.<\/p>\n<p>-I am still the greatest, h\u00e4n julisti.<\/p>\n<p>Simon kaltaisia on valitettavasti liikkeell\u00e4 muitakin, ja liian usein. Keskustelu k\u00e4ytiin er\u00e4\u00e4ss\u00e4 suomalaisessa somen asunnonhakuryhm\u00e4ss\u00e4 ja se kuratoitui netin outouksia kokoavalle sivustolle.<\/p>\n<p>Lue my\u00f6s: <a href=\"https:\/\/www.como.fi\/tilaa-comon-uutiskirje\/\" title=\"Tilaa Comon uutiskirje ja tied\u00e4t mist\u00e4 kahvitauolla puhutaan! Nappaa kotimaan tv-vinkit ja puheenaiheet suoraan s\u00e4hk\u00f6postiin t\u00e4st\u00e4.\" class=\"underline-custom !font-montserrat !font-bold !underline-offset-4 !decoration-4 !decoration-red-600 !text-md\" rel=\"nofollow noopener\" target=\"_blank\">Tilaa Comon uutiskirje ja tied\u00e4t mist\u00e4 kahvitauolla puhutaan! Nappaa kotimaan tv-vinkit ja puheenaiheet suoraan s\u00e4hk\u00f6postiin t\u00e4st\u00e4.<\/a><\/p>\n","protected":false},"excerpt":{"rendered":"Naisen kaipuu on kalvava tunne, mutta ehk\u00e4 sit\u00e4 sielunkumppania ja syd\u00e4men tykytysten kohdettaan kannattaisi haikailla pikkuisen sofistikoituneemmin kuin&hellip;\n","protected":false},"author":2,"featured_media":66340,"comment_status":"","ping_status":"","sticky":false,"template":"","format":"standard","meta":{"footnotes":""},"categories":[136],"tags":[407,137,33,31,30,408,3925,32,109],"class_list":{"0":"post-66339","1":"post","2":"type-post","3":"status-publish","4":"format-standard","5":"has-post-thumbnail","7":"category-julkkikset","8":"tag-celebrities","9":"tag-entertainment","10":"tag-fi","11":"tag-finland","12":"tag-finnish","13":"tag-julkkikset","14":"tag-kuluttaja","15":"tag-suomi","16":"tag-viihde"},"share_on_mastodon":{"url":"","error":""},"_links":{"self":[{"href":"https:\/\/www.europesays.com\/fi\/wp-json\/wp\/v2\/posts\/66339","targetHints":{"allow":["GET"]}}],"collection":[{"href":"https:\/\/www.europesays.com\/fi\/wp-json\/wp\/v2\/posts"}],"about":[{"href":"https:\/\/www.europesays.com\/fi\/wp-json\/wp\/v2\/types\/post"}],"author":[{"embeddable":true,"href":"https:\/\/www.europesays.com\/fi\/wp-json\/wp\/v2\/users\/2"}],"replies":[{"embeddable":true,"href":"https:\/\/www.europesays.com\/fi\/wp-json\/wp\/v2\/comments?post=66339"}],"version-history":[{"count":0,"href":"https:\/\/www.europesays.com\/fi\/wp-json\/wp\/v2\/posts\/66339\/revisions"}],"wp:featuredmedia":[{"embeddable":true,"href":"https:\/\/www.europesays.com\/fi\/wp-json\/wp\/v2\/media\/66340"}],"wp:attachment":[{"href":"https:\/\/www.europesays.com\/fi\/wp-json\/wp\/v2\/media?parent=66339"}],"wp:term":[{"taxonomy":"category","embeddable":true,"href":"https:\/\/www.europesays.com\/fi\/wp-json\/wp\/v2\/categories?post=66339"},{"taxonomy":"post_tag","embeddable":true,"href":"https:\/\/www.europesays.com\/fi\/wp-json\/wp\/v2\/tags?post=66339"}],"curies":[{"name":"wp","href":"https:\/\/api.w.org\/{rel}","templated":true}]}}