{"id":66343,"date":"2025-10-19T11:25:14","date_gmt":"2025-10-19T11:25:14","guid":{"rendered":"https:\/\/www.europesays.com\/fi\/66343\/"},"modified":"2025-10-19T11:25:14","modified_gmt":"2025-10-19T11:25:14","slug":"kotimainen-sarja-keraa-melkein-pelkastaan-kehuja-kolmas-kausi-tilaukseen","status":"publish","type":"post","link":"https:\/\/www.europesays.com\/fi\/66343\/","title":{"rendered":"Kotimainen sarja ker\u00e4\u00e4 melkein pelk\u00e4st\u00e4\u00e4n kehuja: \u201dKolmas kausi tilaukseen\u201d"},"content":{"rendered":"<p>Hormonit!-sarjan kakkoskausikin on uponnut suomalaisiin.<\/p>\n<p><img decoding=\"async\" class=\"image image-show image-preview\" src=\"https:\/\/www.europesays.com\/fi\/wp-content\/uploads\/2025\/10\/84d71678b79b0eb86a457bc0da816fba69190763aab74e665f2f3d2ebaff69f1.jpg\" alt=\"\"\/><img decoding=\"async\" class=\"image image-show\" src=\"https:\/\/www.europesays.com\/fi\/wp-content\/uploads\/2025\/10\/1760873114_970_84d71678b79b0eb86a457bc0da816fba69190763aab74e665f2f3d2ebaff69f1.jpg\" alt=\"\"\/><\/p>\n<p>Elenan (Karoliina Blackburn) ja Patrikin (Robin Svartstr\u00f6m) tuoreessa avoliitossa on heti haasteita. Johanna Vuoksenmaa, Yle<\/p>\n<p class=\"paragraph\">Monella kotimaisen Hormonit!-sarjan katsojalla on yksi yhteinen toive, jonka he ovat paljastaneet Ylen Areenan sivuilla <a href=\"https:\/\/www.facebook.com\/yleareena\" target=\"_blank\" rel=\"noopener nofollow\">Facebookissa<\/a>. Jatkoa toivotaan.<\/p>\n<p class=\"paragraph\">Mielipiteens\u00e4 ovat kertoneet muun muassa <strong>Merja<\/strong>, <strong>Tiina<\/strong>, <strong>Eija<\/strong>, <strong>Minna<\/strong>, <strong>Kirsti<\/strong>, <strong>Muusa<\/strong> ja muut.<\/p>\n<p class=\"paragraph\">\u2013\u2009Toivottavasti tulee kolmas kausi. <a href=\"https:\/\/www.iltalehti.fi\/henkilot\/Karoliina Blackburn\" class=\"article-link-person-page\" rel=\"nofollow noopener\" target=\"_blank\">Karoliina Blackburn<\/a>, jo Pirunpellon ajoista, muuan <strong>Jouni<\/strong> kertoo fanittavansa Elenana n\u00e4ht\u00e4v\u00e4\u00e4 Blackburnia syd\u00e4n-emojin kera.<\/p>\n<p class=\"paragraph\">Muissa rooleissa n\u00e4hd\u00e4\u00e4n muun muassa <strong>Robin Svartstr\u00f6m<\/strong>, <strong>Aaro Airola<\/strong>, <strong>Minttu Mustakallio<\/strong> ja <strong>Tiia Louste<\/strong>.<\/p>\n<p class=\"paragraph\">\u2013\u2009Todellakin loistava sarja, erinomaiset n\u00e4yttelij\u00e4t. Kolmas kausi tilaukseen, <strong>Johanna<\/strong> kehuu koko castingia eik\u00e4 ole ainoa.<\/p>\n<p class=\"paragraph\">\u2013\u2009Oivat n\u00e4yttelij\u00e4t, <strong>Tuija<\/strong> yhtyy puheeseen ja lis\u00e4\u00e4 viel\u00e4:<\/p>\n<p class=\"paragraph\">\u2013\u2009Oiva tarina. Erinomaisten sarjaan kuuluva. Lis\u00e4\u00e4, h\u00e4nkin toivoo.<\/p>\n<p class=\"paragraph\">Sarjan on ohjannut ja k\u00e4sikirjoittanut ykk\u00f6skauden tapaan <a href=\"https:\/\/www.iltalehti.fi\/henkilot\/Johanna Vuoksenmaa\" class=\"article-link-person-page\" rel=\"nofollow noopener\" target=\"_blank\">Johanna Vuoksenmaa<\/a>. <strong>Umaa<\/strong> pelotti t\u00e4m\u00e4n nyt n\u00e4ht\u00e4v\u00e4n toisen tuotantokauden aluksi, ett\u00e4 taso oli laskenut.<\/p>\n<p class=\"paragraph\">\u2013\u2009Mutta sitten l\u00e4hti ja olen katsonut l\u00e4hes nonstoppina kaikki jaksot, h\u00e4n kertoo muuttaneensa mielt\u00e4\u00e4n.<\/p>\n<p>Elenan kokeilut Iinan kanssa paljastuvat vahingossa Patrikille. Johanna Vuoksenmaa, Yle<\/p>\n<p class=\"paragraph\">Ihan kaikki eiv\u00e4t tietenk\u00e4\u00e4n n\u00e4kem\u00e4st\u00e4\u00e4n pid\u00e4. Esimerkiksi <strong>Marja-Liisasta<\/strong> koko sarja on pelkk\u00e4\u00e4 h\u00f6ss\u00f6tyst\u00e4. Siit\u00e4kin voi silti olla montaa mielt\u00e4, sill\u00e4 vaikkapa <strong>Eppu<\/strong> kuvailee tilanteita hauskoiksi, yhdeksi suhteiden sekamelskaksi.<\/p>\n<p class=\"paragraph\">\u2013\u2009Hienosti k\u00e4sitelty asioita, joita ihmiset oikeasti kokevat ja jotka heit\u00e4 askarruttavat, huumoria unohtamatta. Sarja, jonka sain miehenkin katsomaan, <strong>Nina<\/strong> kertoo.<\/p>\n<p class=\"paragraph\"><strong>Marja<\/strong> on samoilla linjoilla.<\/p>\n<p class=\"paragraph\">\u2013\u2009El\u00e4m\u00e4nmakuinen sarja. Dialogi on niin sujuvaa, ja hahmot ovat mielenkiintoisia. Niin samaistuttavaa. Katariina on aivan mahtava.<\/p>\n<p>Elenana kokee ep\u00e4varmuutta ja mustasukkaisuutta Patrikin rinnalla ja alkaa siksi testata omia halujaan. Johanna Vuoksenmaa, Yle<\/p>\n<p class=\"paragraph\">Mutta miten se kolmas tuotantokausi? Saadaanko sarjalle kovasti toivottua jatkoa?<\/p>\n<p class=\"paragraph\">\u2013\u2009Sarjan jatkosta ei viel\u00e4 tiedet\u00e4, mutta kerromme sarjan tekij\u00f6ille, ett\u00e4 kolmatta kautta kaivattaisiin, Ylen Areenasta luvataan.<\/p>\n<p class=\"paragraph\">Hormonit! t\u00e4n\u00e4\u00e4n TV1:ll\u00e4 kello 21.00 &amp; Areenassa. <a href=\"https:\/\/www.iltalehti.fi\/telkku\/\" rel=\"nofollow noopener\" target=\"_blank\">Katso kaikki\u00a0TV-ohjelmat ja l\u00e4hetysajat Telkun TV-oppaasta<\/a>.<\/p>\n","protected":false},"excerpt":{"rendered":"Hormonit!-sarjan kakkoskausikin on uponnut suomalaisiin. Elenan (Karoliina Blackburn) ja Patrikin (Robin Svartstr\u00f6m) tuoreessa avoliitossa on heti haasteita. Johanna&hellip;\n","protected":false},"author":2,"featured_media":66344,"comment_status":"","ping_status":"","sticky":false,"template":"","format":"standard","meta":{"footnotes":""},"categories":[133],"tags":[35,153,137,33,31,30,979,32,206,167,140,139,156,109],"class_list":{"0":"post-66343","1":"post","2":"type-post","3":"status-publish","4":"format-standard","5":"has-post-thumbnail","7":"category-televisiot","8":"tag-24h","9":"tag-audiovisuaalinen-media","10":"tag-entertainment","11":"tag-fi","12":"tag-finland","13":"tag-finnish","14":"tag-sahkoinen-media","15":"tag-suomi","16":"tag-televisiot","17":"tag-terveys","18":"tag-tv-ja-elokuvat","19":"tag-tv-ohjelmat","20":"tag-tv","21":"tag-viihde"},"share_on_mastodon":{"url":"","error":""},"_links":{"self":[{"href":"https:\/\/www.europesays.com\/fi\/wp-json\/wp\/v2\/posts\/66343","targetHints":{"allow":["GET"]}}],"collection":[{"href":"https:\/\/www.europesays.com\/fi\/wp-json\/wp\/v2\/posts"}],"about":[{"href":"https:\/\/www.europesays.com\/fi\/wp-json\/wp\/v2\/types\/post"}],"author":[{"embeddable":true,"href":"https:\/\/www.europesays.com\/fi\/wp-json\/wp\/v2\/users\/2"}],"replies":[{"embeddable":true,"href":"https:\/\/www.europesays.com\/fi\/wp-json\/wp\/v2\/comments?post=66343"}],"version-history":[{"count":0,"href":"https:\/\/www.europesays.com\/fi\/wp-json\/wp\/v2\/posts\/66343\/revisions"}],"wp:featuredmedia":[{"embeddable":true,"href":"https:\/\/www.europesays.com\/fi\/wp-json\/wp\/v2\/media\/66344"}],"wp:attachment":[{"href":"https:\/\/www.europesays.com\/fi\/wp-json\/wp\/v2\/media?parent=66343"}],"wp:term":[{"taxonomy":"category","embeddable":true,"href":"https:\/\/www.europesays.com\/fi\/wp-json\/wp\/v2\/categories?post=66343"},{"taxonomy":"post_tag","embeddable":true,"href":"https:\/\/www.europesays.com\/fi\/wp-json\/wp\/v2\/tags?post=66343"}],"curies":[{"name":"wp","href":"https:\/\/api.w.org\/{rel}","templated":true}]}}