{"id":66383,"date":"2025-10-19T12:26:07","date_gmt":"2025-10-19T12:26:07","guid":{"rendered":"https:\/\/www.europesays.com\/fi\/66383\/"},"modified":"2025-10-19T12:26:07","modified_gmt":"2025-10-19T12:26:07","slug":"media-rikolliskopla-tunkeutui-louvren-taidemuseoon-ja-anasti-napoleonin-arvoesineita-uutissuomalainen","status":"publish","type":"post","link":"https:\/\/www.europesays.com\/fi\/66383\/","title":{"rendered":"Media: Rikolliskopla tunkeutui Louvren taidemuseoon ja anasti Napoleonin arvoesineit\u00e4 | Uutissuomalainen"},"content":{"rendered":"<p>Louvren taidemuseo Pariisissa on joutunut ry\u00f6st\u00f6n tai murron kohteeksi t\u00e4n\u00e4 aamuna. Asiasta kertoo <a href=\"https:\/\/x.com\/datirachida\/status\/1979828402405404895\" rel=\"nofollow\">X:ss\u00e4<\/a> maan kulttuuriministeri Rachida Dati. Museo itse kertoo <a href=\"https:\/\/x.com\/MuseeLouvre\/status\/1979829326112858152\" rel=\"nofollow\">X:ss\u00e4<\/a> sulkeneensa ovensa loppup\u00e4iv\u00e4ksi poikkeuksellisten syiden vuoksi. Ministeri kertoo olevansa paikalla poliisin kanssa. Kenenk\u00e4\u00e4n ei kerrota loukkaantuneen tai haavoittuneen tilanteessa.<\/p>\n<p>Ministeri ja ranskankielinen media k\u00e4ytt\u00e4\u00e4 rikoksesta termi\u00e4, joka p\u00e4\u00e4s\u00e4\u00e4nt\u00f6isesti k\u00e4\u00e4ntyy ry\u00f6st\u00f6ksi, mutta toistaiseksi julkisuuteen kerrottujen tietojen perusteella on ep\u00e4selv\u00e4\u00e4, k\u00e4yttiv\u00e4tk\u00f6 varkaat rikoksessa v\u00e4kivaltaa tai v\u00e4kivallalla uhkailua.<\/p>\n<p>Uutistoimisto AFP:n poliisil\u00e4hteen mukaan pieni\u00e4 moottorisahoja k\u00e4ytt\u00e4nyt usean rikollisen kopla k\u00e4ytti tavarahissi\u00e4 p\u00e4\u00e4st\u00e4kseen kohteena olleeseen huoneeseen. He veiv\u00e4t mukanaan jalokivi- ja korusaaliin.<\/p>\n<p><a href=\"https:\/\/www.leparisien.fr\/paris-75\/le-musee-du-louvre-cible-dun-braquage-ce-dimanche-le-site-ferme-au-public-19-10-2025-DQII6PEIVVEDBM5KQMHDSCF6IM.php\" rel=\"nofollow noopener\" target=\"_blank\">Le Parisien<\/a> -lehden mukaan rikolliset veiv\u00e4t yhdeks\u00e4n esinett\u00e4, joiden joukossa oli Ranskan keisari Napoleon Bonapartelle ja t\u00e4m\u00e4n puolisolle kuuluneita esineit\u00e4. Mediatietojen perusteella Napoleoneille kuuluneita varastettuja koruja olivat ainakin rintaneula, kaulakoru ja tiara.<\/p>\n","protected":false},"excerpt":{"rendered":"Louvren taidemuseo Pariisissa on joutunut ry\u00f6st\u00f6n tai murron kohteeksi t\u00e4n\u00e4 aamuna. Asiasta kertoo X:ss\u00e4 maan kulttuuriministeri Rachida Dati.&hellip;\n","protected":false},"author":2,"featured_media":66384,"comment_status":"","ping_status":"","sticky":false,"template":"","format":"standard","meta":{"footnotes":""},"categories":[14],"tags":[22,23,26,27,33,31,30,17,55,53,24,25,28,29,15,18,21,122,54,52,38,32,19,20,546,56,16,59,60,61],"class_list":{"0":"post-66383","1":"post","2":"type-post","3":"status-publish","4":"format-standard","5":"has-post-thumbnail","7":"category-ulkomaat","8":"tag-breaking-news","9":"tag-breakingnews","10":"tag-featured-news","11":"tag-featurednews","12":"tag-fi","13":"tag-finland","14":"tag-finnish","15":"tag-headlines","16":"tag-lainvalvonta","17":"tag-laki-oikeus-ja-rikos","18":"tag-latest-news","19":"tag-latestnews","20":"tag-main-news","21":"tag-mainnews","22":"tag-news","23":"tag-otsikot","24":"tag-paauutiset","25":"tag-pelastaminen","26":"tag-pelastuspalvelut","27":"tag-poliisi","28":"tag-rikos","29":"tag-suomi","30":"tag-top-stories","31":"tag-topstories","32":"tag-turvallisuus","33":"tag-ulkomaat","34":"tag-uutiset","35":"tag-world","36":"tag-world-news","37":"tag-worldnews"},"share_on_mastodon":{"url":"","error":""},"_links":{"self":[{"href":"https:\/\/www.europesays.com\/fi\/wp-json\/wp\/v2\/posts\/66383","targetHints":{"allow":["GET"]}}],"collection":[{"href":"https:\/\/www.europesays.com\/fi\/wp-json\/wp\/v2\/posts"}],"about":[{"href":"https:\/\/www.europesays.com\/fi\/wp-json\/wp\/v2\/types\/post"}],"author":[{"embeddable":true,"href":"https:\/\/www.europesays.com\/fi\/wp-json\/wp\/v2\/users\/2"}],"replies":[{"embeddable":true,"href":"https:\/\/www.europesays.com\/fi\/wp-json\/wp\/v2\/comments?post=66383"}],"version-history":[{"count":0,"href":"https:\/\/www.europesays.com\/fi\/wp-json\/wp\/v2\/posts\/66383\/revisions"}],"wp:featuredmedia":[{"embeddable":true,"href":"https:\/\/www.europesays.com\/fi\/wp-json\/wp\/v2\/media\/66384"}],"wp:attachment":[{"href":"https:\/\/www.europesays.com\/fi\/wp-json\/wp\/v2\/media?parent=66383"}],"wp:term":[{"taxonomy":"category","embeddable":true,"href":"https:\/\/www.europesays.com\/fi\/wp-json\/wp\/v2\/categories?post=66383"},{"taxonomy":"post_tag","embeddable":true,"href":"https:\/\/www.europesays.com\/fi\/wp-json\/wp\/v2\/tags?post=66383"}],"curies":[{"name":"wp","href":"https:\/\/api.w.org\/{rel}","templated":true}]}}