{"id":66387,"date":"2025-10-19T12:28:11","date_gmt":"2025-10-19T12:28:11","guid":{"rendered":"https:\/\/www.europesays.com\/fi\/66387\/"},"modified":"2025-10-19T12:28:11","modified_gmt":"2025-10-19T12:28:11","slug":"raju-pelikielto-rangaistu-suomalaistahti-allistyi","status":"publish","type":"post","link":"https:\/\/www.europesays.com\/fi\/66387\/","title":{"rendered":"Raju pelikielto \u2013 Rangaistu suomalaist\u00e4hti \u00e4llistyi"},"content":{"rendered":"<p>Janne Kuokkaselle m\u00e4tk\u00e4istiin tuntuva pelikielto.<\/p>\n<p><img decoding=\"async\" class=\"image image-show image-preview\" src=\"https:\/\/www.europesays.com\/fi\/wp-content\/uploads\/2025\/10\/c292d4f22356aaa1a9bb3eb8b2f7bec26d24d3b02a21c2e8f3e3fb9a222d1a2b.jpg\" alt=\"\"\/><img decoding=\"async\" class=\"image image-show\" src=\"https:\/\/www.europesays.com\/fi\/wp-content\/uploads\/2025\/10\/1760876889_919_c292d4f22356aaa1a9bb3eb8b2f7bec26d24d3b02a21c2e8f3e3fb9a222d1a2b.jpg\" alt=\"\"\/><\/p>\n<p>Janne Kuokkanen pelasi viime kaudella Sveitsiss\u00e4. AOP<\/p>\n<p class=\"paragraph\">\u2013\u2009Liian paljon, se on aivan liian paljon.<\/p>\n<p class=\"paragraph\"><strong>Janne Kuokkasen<\/strong> oli vaikea sulattaa saamaansa pelikieltoa. <a href=\"https:\/\/www.expressen.se\/sport\/hockey\/shl\/shl-stjarnorna-anmalda-efter-lordagens-matcher\/\" target=\"_blank\" rel=\"noopener nofollow\">Expressen<\/a> uutisoi sunnuntaina, ett\u00e4 Malm\u00f6 Redhawksin suomalaishy\u00f6kk\u00e4\u00e4j\u00e4 sai per\u00e4ti nelj\u00e4n ottelun pelikiellon.<\/p>\n<p class=\"paragraph\">Rangaistus tuli lauantaina pelatun SHL-ottelun Malm\u00f6\u2013Skellefte\u00e5n tilanteesta. Kurinpitoryhm\u00e4 katsoi, ett\u00e4 Kuokkanen taklasi <strong>Oliver Okuliaria<\/strong> p\u00e4\u00e4h\u00e4n.<\/p>\n<p class=\"paragraph\">Tilanteen voi katsoa alla olevasta videosta. Jos upotus ei n\u00e4y, sen voi katsoa <a href=\"https:\/\/x.com\/TV4_Hockey\/status\/1979598994633359404\" target=\"_blank\" rel=\"noopener nofollow\">t\u00e4st\u00e4 linkist\u00e4<\/a>.<\/p>\n<p class=\"paragraph\">Sen enemp\u00e4\u00e4 Kuokkanen ei suostunut pelikieltoa kommentoimaan Expressenille.<\/p>\n<p class=\"paragraph\">T\u00e4ksi kaudeksi SHL:\u00e4\u00e4n palannut Kuokkanen lukeutuu Malm\u00f6n t\u00e4htipelaajiin. 12 ottelussa h\u00e4n on tehnyt yht\u00e4 monta (4+8) tehopistett\u00e4.<\/p>\n<p class=\"paragraph\">Leijonapaidassa Kuokkanen on n\u00e4hty viimeksi kaudella 2023\u201324.<\/p>\n<p><a href=\"https:\/\/www.iltalehti.fi\/jaakiekko\/a\/1ae71ab3-3179-4e5d-95ce-15a50bbf7509\" rel=\"nofollow noopener\" target=\"_blank\"><img decoding=\"async\" src=\"https:\/\/www.europesays.com\/fi\/wp-content\/uploads\/2025\/10\/4a4e280ca1a75d884de6ebd943738ae5d99be138803b843a647b7d7c8a538b0b.png\" alt=\"Osallistu arvontaan\"\/><\/a><\/p>\n","protected":false},"excerpt":{"rendered":"Janne Kuokkaselle m\u00e4tk\u00e4istiin tuntuva pelikielto. Janne Kuokkanen pelasi viime kaudella Sveitsiss\u00e4. AOP \u2013\u2009Liian paljon, se on aivan liian&hellip;\n","protected":false},"author":2,"featured_media":66388,"comment_status":"","ping_status":"","sticky":false,"template":"","format":"standard","meta":{"footnotes":""},"categories":[5],"tags":[35,1144,22,23,26,27,33,31,30,17,1143,24,25,41,28,29,1146,15,18,21,32,1145,19,20,16],"class_list":{"0":"post-66387","1":"post","2":"type-post","3":"status-publish","4":"format-standard","5":"has-post-thumbnail","7":"category-otsikot","8":"tag-24h","9":"tag-ammattilaisjaakiekko","10":"tag-breaking-news","11":"tag-breakingnews","12":"tag-featured-news","13":"tag-featurednews","14":"tag-fi","15":"tag-finland","16":"tag-finnish","17":"tag-headlines","18":"tag-jaakiekko","19":"tag-latest-news","20":"tag-latestnews","21":"tag-liikunta-ja-urheilu","22":"tag-main-news","23":"tag-mainnews","24":"tag-miesten-jaakiekko","25":"tag-news","26":"tag-otsikot","27":"tag-paauutiset","28":"tag-suomi","29":"tag-talviurheilu","30":"tag-top-stories","31":"tag-topstories","32":"tag-uutiset"},"share_on_mastodon":{"url":"","error":""},"_links":{"self":[{"href":"https:\/\/www.europesays.com\/fi\/wp-json\/wp\/v2\/posts\/66387","targetHints":{"allow":["GET"]}}],"collection":[{"href":"https:\/\/www.europesays.com\/fi\/wp-json\/wp\/v2\/posts"}],"about":[{"href":"https:\/\/www.europesays.com\/fi\/wp-json\/wp\/v2\/types\/post"}],"author":[{"embeddable":true,"href":"https:\/\/www.europesays.com\/fi\/wp-json\/wp\/v2\/users\/2"}],"replies":[{"embeddable":true,"href":"https:\/\/www.europesays.com\/fi\/wp-json\/wp\/v2\/comments?post=66387"}],"version-history":[{"count":0,"href":"https:\/\/www.europesays.com\/fi\/wp-json\/wp\/v2\/posts\/66387\/revisions"}],"wp:featuredmedia":[{"embeddable":true,"href":"https:\/\/www.europesays.com\/fi\/wp-json\/wp\/v2\/media\/66388"}],"wp:attachment":[{"href":"https:\/\/www.europesays.com\/fi\/wp-json\/wp\/v2\/media?parent=66387"}],"wp:term":[{"taxonomy":"category","embeddable":true,"href":"https:\/\/www.europesays.com\/fi\/wp-json\/wp\/v2\/categories?post=66387"},{"taxonomy":"post_tag","embeddable":true,"href":"https:\/\/www.europesays.com\/fi\/wp-json\/wp\/v2\/tags?post=66387"}],"curies":[{"name":"wp","href":"https:\/\/api.w.org\/{rel}","templated":true}]}}