{"id":66389,"date":"2025-10-19T12:40:07","date_gmt":"2025-10-19T12:40:07","guid":{"rendered":"https:\/\/www.europesays.com\/fi\/66389\/"},"modified":"2025-10-19T12:40:07","modified_gmt":"2025-10-19T12:40:07","slug":"vappu-pimia-ottaa-harrastuksessaan-suuren-riskin-aloitti-sen-nyt","status":"publish","type":"post","link":"https:\/\/www.europesays.com\/fi\/66389\/","title":{"rendered":"Vappu Pimi\u00e4 ottaa harrastuksessaan suuren riskin \u2013 aloitti sen nyt"},"content":{"rendered":"<p>Terveydest\u00e4\u00e4n kuntoilun avulla huolehtiva <strong>Vappu Pimi\u00e4<\/strong> on jatkanut nyt my\u00f6s talviharrastustaan. H\u00e4n on tehnyt sen julkaisussaan olevan videon perusteella omalla m\u00f6kkirannallaan.<\/p>\n<p>\u2013 Talviuintikauden voi julistaa alkaneeksi, kun vesimittari n\u00e4ytt\u00e4\u00e4 5 astetta! kertoo Vappu.<\/p>\n<p>Vappu on laittanut julkaisuunsa mukaan useampia hyvi\u00e4 neuvoja siit\u00e4, kuinka talviuinnin kohdalla on hyv\u00e4 toimia. Yksi niist\u00e4 paljastaa h\u00e4nen k\u00e4yv\u00e4n l\u00e4hes aina yksin talvella uimassa.<\/p>\n<p>Lue my\u00f6s: <a href=\"https:\/\/www.como.fi\/uutiset\/vappu-pimia-testasi-kasvojensa-ian-tulos-yllatti\/\" title=\"Vappu Pimi\u00e4 testasi kasvojensa i\u00e4n \u2013 tulos yll\u00e4tti\" class=\"underline-custom !font-montserrat !font-bold !underline-offset-4 !decoration-4 !decoration-red-600 !text-md\" rel=\"nofollow noopener\" target=\"_blank\">Vappu Pimi\u00e4 testasi kasvojensa i\u00e4n \u2013 tulos yll\u00e4tti<\/a><\/p>\n<p>\u2013 M\u00e4 itseasiassa tykk\u00e4\u00e4n, sitten kun j\u00e4\u00e4t ovat tulleet, tehd\u00e4 ensin pienen lenkin ja sitten j\u00e4\u00e4n hengailemaan portaista kiinni pit\u00e4en. Varsinkin kun k\u00e4yn l\u00e4hes aina yksin uimassa, niin koen sen my\u00f6s turvallisempana, ett\u00e4 pid\u00e4n kiinni portaista kun olen v\u00e4h\u00e4n pidempi\u00e4 aikoja vedess\u00e4, paljastaa Vappu.<\/p>\n<p>Suositusten mukaan avantouimaan ei pit\u00e4isi menn\u00e4 yksin, kuten Vappu tekee. N\u00e4in kerrotaan lukuisissa ohjeissa. Jos mukaan l\u00e4hteen toinenkin avantouimari, on h\u00e4nest\u00e4 apua vaaratilanteessa. <\/p>\n<p>Vaaratilanne voi sattua terveysalalla toimivan Pihlajalinna-yhti\u00f6n <a href=\"https:\/\/www.foreverclub.fi\/avantouinti\/\" target=\"_blank\" rel=\"noreferrer noopener nofollow\">sivustolta<\/a> l\u00f6ytyvien ohjeiden mukaan esimerkiksi elimist\u00f6n kokeman nopean l\u00e4mp\u00f6tilavaihtelun takia. T\u00e4ll\u00e4inen tilanne voi johtaa kylm\u00e4shokkiin.<\/p>\n<p>Vappu on kokenut avantouimari, joten h\u00e4nelle riski uida yksin avannossa on aloittelijoita pienempi. Jonkun Vapun seuraajan mielest\u00e4 sekin voi olla riski, jos menee avantouimisen j\u00e4lkeen saunaan. N\u00e4in Vappu paljastaa julkaisussaan joskus tekev\u00e4n.<\/p>\n<p>Lue my\u00f6s: <a href=\"https:\/\/www.como.fi\/uutiset\/ttkn-jattava-vappu-pimia-videossa-anssi-karkkyy\/\" title=\"TTK:n j\u00e4tt\u00e4v\u00e4 Vappu Pimi\u00e4 videossa: \u201dAnssi k\u00e4rkkyy\u201d\" class=\"underline-custom !font-montserrat !font-bold !underline-offset-4 !decoration-4 !decoration-red-600 !text-md\" rel=\"nofollow noopener\" target=\"_blank\">TTK:n j\u00e4tt\u00e4v\u00e4 Vappu Pimi\u00e4 videossa: \u201dAnssi k\u00e4rkkyy\u201d<\/a><\/p>\n<p>\u2013 Miten tuo, kun jotku sanoo, ett\u00e4 ei saisi menn\u00e4 avannosta suoraan saunaan, ett\u00e4 voi olla liian iso riski syd\u00e4melle, kommentoi joku huolissaan. \u00a0<\/p>\n<p>Jos upotus ei n\u00e4y, avaa se auki <a href=\"https:\/\/www.instagram.com\/reel\/DP8f5qQgoPI\/?utm_source=ig_web_copy_link&amp;igsh=MzRlODBiNWFlZA==\" target=\"_blank\" rel=\"noreferrer noopener nofollow\">t\u00e4st\u00e4<\/a>.<\/p>\n<p>Lue my\u00f6s: <a href=\"https:\/\/www.como.fi\/tilaa-comon-uutiskirje\/\" title=\"Tilaa Comon uutiskirje ja tied\u00e4t mist\u00e4 kahvitauolla puhutaan! Nappaa kotimaan tv-vinkit ja puheenaiheet suoraan s\u00e4hk\u00f6postiin t\u00e4st\u00e4.\" class=\"underline-custom !font-montserrat !font-bold !underline-offset-4 !decoration-4 !decoration-red-600 !text-md\" rel=\"nofollow noopener\" target=\"_blank\">Tilaa Comon uutiskirje ja tied\u00e4t mist\u00e4 kahvitauolla puhutaan! Nappaa kotimaan tv-vinkit ja puheenaiheet suoraan s\u00e4hk\u00f6postiin t\u00e4st\u00e4.<\/a><\/p>\n<p>\t\t\t\t<script async src=\"\/\/www.instagram.com\/embed.js\"><\/script><\/p>\n","protected":false},"excerpt":{"rendered":"Terveydest\u00e4\u00e4n kuntoilun avulla huolehtiva Vappu Pimi\u00e4 on jatkanut nyt my\u00f6s talviharrastustaan. H\u00e4n on tehnyt sen julkaisussaan olevan videon&hellip;\n","protected":false},"author":2,"featured_media":66390,"comment_status":"","ping_status":"","sticky":false,"template":"","format":"standard","meta":{"footnotes":""},"categories":[136],"tags":[407,137,33,31,30,408,32,7258,109],"class_list":{"0":"post-66389","1":"post","2":"type-post","3":"status-publish","4":"format-standard","5":"has-post-thumbnail","7":"category-julkkikset","8":"tag-celebrities","9":"tag-entertainment","10":"tag-fi","11":"tag-finland","12":"tag-finnish","13":"tag-julkkikset","14":"tag-suomi","15":"tag-vappu-pimiu00e4","16":"tag-viihde"},"share_on_mastodon":{"url":"","error":""},"_links":{"self":[{"href":"https:\/\/www.europesays.com\/fi\/wp-json\/wp\/v2\/posts\/66389","targetHints":{"allow":["GET"]}}],"collection":[{"href":"https:\/\/www.europesays.com\/fi\/wp-json\/wp\/v2\/posts"}],"about":[{"href":"https:\/\/www.europesays.com\/fi\/wp-json\/wp\/v2\/types\/post"}],"author":[{"embeddable":true,"href":"https:\/\/www.europesays.com\/fi\/wp-json\/wp\/v2\/users\/2"}],"replies":[{"embeddable":true,"href":"https:\/\/www.europesays.com\/fi\/wp-json\/wp\/v2\/comments?post=66389"}],"version-history":[{"count":0,"href":"https:\/\/www.europesays.com\/fi\/wp-json\/wp\/v2\/posts\/66389\/revisions"}],"wp:featuredmedia":[{"embeddable":true,"href":"https:\/\/www.europesays.com\/fi\/wp-json\/wp\/v2\/media\/66390"}],"wp:attachment":[{"href":"https:\/\/www.europesays.com\/fi\/wp-json\/wp\/v2\/media?parent=66389"}],"wp:term":[{"taxonomy":"category","embeddable":true,"href":"https:\/\/www.europesays.com\/fi\/wp-json\/wp\/v2\/categories?post=66389"},{"taxonomy":"post_tag","embeddable":true,"href":"https:\/\/www.europesays.com\/fi\/wp-json\/wp\/v2\/tags?post=66389"}],"curies":[{"name":"wp","href":"https:\/\/api.w.org\/{rel}","templated":true}]}}