{"id":66391,"date":"2025-10-19T12:43:09","date_gmt":"2025-10-19T12:43:09","guid":{"rendered":"https:\/\/www.europesays.com\/fi\/66391\/"},"modified":"2025-10-19T12:43:09","modified_gmt":"2025-10-19T12:43:09","slug":"sofia-zida-avautuu-yksinhuoltaja-arjestaan-teenko-kaiken-vaarin","status":"publish","type":"post","link":"https:\/\/www.europesays.com\/fi\/66391\/","title":{"rendered":"Sofia Zida avautuu yksinhuoltaja-arjestaan: &#8221;Teenk\u00f6 kaiken v\u00e4\u00e4rin?&#8221;"},"content":{"rendered":"<p>\n            20250814 HELSINKI. PETOLLISET-PRESSI. Sofia Zida. KUVA: ATTE KAJOVA<br \/>\n            Atte Kajova\n        <\/p>\n<p class=\"subtitle \">Petolliset-realityss\u00e4 mukana oleva Sofia Zida kuvailee omaavansa meksikolaisen temperamentin.<\/p>\n<p class=\"article-content article-content-width !bg-background\">Herkk\u00e4 ja r\u00e4iskyv\u00e4 ihminen, joka n\u00e4ytt\u00e4\u00e4 tunteensa.<\/p>\n<p class=\"italic m-italic article-content article-content-width !bg-background\">Videolla Christoffer Strandberg kertoo paljastuksia Petollisten kulisseista.\u00a0<\/p>\n<p class=\"article-content article-content-width !bg-background\">N\u00e4in itse\u00e4\u00e4n kuvailee Petollisten nelj\u00e4nteen kauteen osallistunut taiteilija .<\/p>\n<p class=\"article-content article-content-width !bg-background\">\u2013\tEn voi pid\u00e4tt\u00e4\u00e4 itkua. Jos itkett\u00e4\u00e4, se vain tulee. Kun n\u00e4in\u00a0Petollisten ensimm\u00e4isen jakson, tuli tunne, ett\u00e4 olisihan sit\u00e4 voinut v\u00e4h\u00e4n v\u00e4hemm\u00e4n itke\u00e4, Sofia tuumii.<\/p>\n<p class=\"article-content article-content-width !bg-background\">Vanajanlinnassa Petollisten kuvauksissa on psykologi, jolta kilpailijat saavat halutessaan keskusteluapua.\u00a0<\/p>\n<p class=\"article-content article-content-width !bg-background\">Sofia jutteli pari kertaa h\u00e4nen kanssaan, mutta suurimman avun h\u00e4n sai luovasta ty\u00f6st\u00e4.<\/p>\n<p class=\"article-content article-content-width !bg-background\">\u2013\tMinulla oli piirustustavarat mukana ja piirsin huoneessani vihkoon. Tein kuvausten aikana nelj\u00e4 taulua. Taide on terapiaa, h\u00e4n sanoo.\u00a0<\/p>\n<p>                <img decoding=\"async\" src=\"https:\/\/www.europesays.com\/fi\/wp-content\/uploads\/2025\/10\/1914011.webp\" width=\"576\" height=\"720\" alt=\"\u2013&#9;Jos menisin uudestaan Petollisiin, en tekisi mit\u00e4\u00e4n toisin. Olisin oma itseni, koska en osaa esitt\u00e4\u00e4 muuta, Sofia toteaa.\" loading=\"lazy\" \/>            <\/p>\n<p>\n            \u2013\tJos menisin uudestaan Petollisiin, en tekisi mit\u00e4\u00e4n toisin. Olisin oma itseni, koska en osaa esitt\u00e4\u00e4 muuta, Sofia toteaa.<br \/>\n            Saku Tiainen \/ Sanoma\n        <\/p>\n<p class=\"article-content article-content-width !bg-background\"> Linnassa Sofia k\u00e4rsi ik\u00e4v\u00e4st\u00e4.\u00a0H\u00e4n on 13-vuotiaan pojan \u00e4iti, ja pelin henkeen kuuluu, etteiv\u00e4t kilpailijat saa olla kuvauksista yhteydess\u00e4 ulkomaailmaan.<\/p>\n<p class=\"article-content article-content-width !bg-background\">\u2013\tOlemme tiivis kaksikko ja parivaljakko, koska el\u00e4mme kahdestaan. Piirt\u00e4misen lis\u00e4ksi ik\u00e4v\u00e4\u00e4 helpotti olemalla hetkess\u00e4. Tunnetta ei pid\u00e4 paeta, siin\u00e4 tuli olla.\u00a0<\/p>\n<p class=\"article-content article-content-width !bg-background\">\u00c4lypuhelimesta irtautuminen oli Sofialle hankalaa vain lapsen takia. Muutoin h\u00e4n nautti poikkeuksellisesta tilanteesta.<\/p>\n<p class=\"article-content article-content-width !bg-background\">\u2013\tOlen sit\u00e4 mielt\u00e4, ett\u00e4 minun pit\u00e4isi j\u00e4rjest\u00e4\u00e4 ajanjaksoja, jolloin en k\u00e4yt\u00e4 k\u00e4nnykk\u00e4\u00e4. Enp\u00e4 ole kuvausten j\u00e4lkeen j\u00e4rjest\u00e4nyt ja se johtunee siit\u00e4, ett\u00e4 puhelin on ty\u00f6v\u00e4lineeni.<\/p>\n<p class=\"article-content article-content-width !bg-background\">\u2013\tMutta ehdottomasti pit\u00e4isi ottaa vapaap\u00e4ivi\u00e4 k\u00e4nnyk\u00e4st\u00e4, koska se vaikuttaa uneen ja kaikkeen, Sofia soimaa itse\u00e4\u00e4n.<\/p>\n<p class=\"article-content article-content-width !bg-background\">Monien vanhempien tavoin h\u00e4n kokee \u00e4itin\u00e4 syyllisyytt\u00e4 lapsensa k\u00e4nnyk\u00e4n k\u00e4yt\u00f6st\u00e4.<\/p>\n<p class=\"article-content article-content-width !bg-background\">\u2013\tOlen aika vanhanaikainen. Kasvoin Vaasassa, ja pienen\u00e4 leikimme aina ulkona ja mets\u00e4ss\u00e4. Kunpa lapsuus ja nuoruus olisivat yh\u00e4 sit\u00e4.<\/p>\n<p class=\"article-content article-content-width !bg-background\">\u2013\tInstagramissa olen kirjoittanut yksin\u00e4isyydest\u00e4. Vaikka minulla on yst\u00e4vi\u00e4, olen yksinhuoltajana kuitenkin yksin. Minulla ei ole ket\u00e4\u00e4n, johon turvautua ja her\u00e4\u00e4 tunne, ett\u00e4 teenk\u00f6 kaiken v\u00e4\u00e4rin, Sofia avautuu vanhemmuuden haasteista.<\/p>\n<p>        <a itemprop=\"url\" href=\"https:\/\/www.seiska.fi\/katso\/sofia-zidalla-kilahtaa-petollisissa\/1963484\" rel=\"nofollow noopener\" target=\"_blank\"><\/p>\n<p>\nPetolliset\n<\/p>\n<p class=\"section-date\">\n        <strong class=\"article-section\" data-section=\"katso\"><br \/>\n            katso<br \/>\n        <\/strong><br \/>\n        16.10. 16:15\n    <\/p>\n<p>Sofia Zidalla kilahtaa Petollisissa\n    <\/p>\n<p itemprop=\"description\" class=\"subtitle \">\n    Vanajanlinnassa syttyy raju riita kisaajien v\u00e4lille.\n<\/p>\n<p>        <\/a><\/p>\n<p>Meksikolainen temperamentti<\/p>\n<p class=\"article-content article-content-width !bg-background\">Psykologisena pelin\u00e4 Petolliset on osallistujilleen haastava.<\/p>\n<p class=\"article-content article-content-width !bg-background\">Kun Sofia suljettiin linnaan vieraiden ihmisten joukkoon selviytym\u00e4\u00e4n armottomasta leikist\u00e4, v\u00e4liin h\u00e4neen iski h\u00e4t\u00e4.\u00a0Linnassa h\u00e4d\u00e4n tunne oli kestett\u00e4v\u00e4, sill\u00e4 pakoonkaan ei p\u00e4\u00e4ssyt.<\/p>\n<p class=\"article-content article-content-width !bg-background\">\u2013\tOlen el\u00e4m\u00e4ss\u00e4ni kokenut ahdistusta ja olen joutunut k\u00e4sittelem\u00e4\u00e4n vaikeita asioita. T\u00e4m\u00e4 ei siis ollut minulle uutta, Sofia kertoo.<\/p>\n<p>                <img decoding=\"async\" src=\"https:\/\/www.europesays.com\/fi\/wp-content\/uploads\/2025\/10\/1914267.webp\" width=\"576\" height=\"322\" alt=\"Petollisten nelj\u00e4nnell\u00e4 kaudella kisaavat Sofia Zidan lis\u00e4ksi Wallu Valpio, Ringa Ropo,, Mato Valtonen, Essi Hell\u00e9n, Jonsu Salomaa, Tuure Boelius, Pia Penttala, Susanna Penttil\u00e4, Kaitsu Rinkinen, Annimari Korte, Pernilla B\u00f6ckerman, Teemu Packal\u00e9n, Sergey Hilman, Tinke Anetj\u00e4rvi, Ville Skinnari, Saana Rossi, Sari Aalto, Viki Konssi sek\u00e4 Joona Puhakka.\" loading=\"lazy\" \/>            <\/p>\n<p>\n            Petollisten nelj\u00e4nnell\u00e4 kaudella kisaavat Sofia Zidan lis\u00e4ksi Wallu Valpio, Ringa Ropo,, Mato Valtonen, Essi Hell\u00e9n, Jonsu Salomaa, Tuure Boelius, Pia Penttala, Susanna Penttil\u00e4, Kaitsu Rinkinen, Annimari Korte, Pernilla B\u00f6ckerman, Teemu Packal\u00e9n, Sergey Hilman, Tinke Anetj\u00e4rvi, Ville Skinnari, Saana Rossi, Sari Aalto, Viki Konssi sek\u00e4 Joona Puhakka.<br \/>\n            Atte Kajova\n        <\/p>\n<p class=\"article-content article-content-width !bg-background\">Jo kouluaikoina Sofian oli vaikea ilmaista itse\u00e4\u00e4n sanallisesti.<\/p>\n<p class=\"article-content article-content-width !bg-background\">\u2013\tRyhm\u00e4ss\u00e4 minusta tulee tarkkailija. Katson, onko minun turvallista puhua. Petollisissa\u00a0oli vaikeaa, koska kehenk\u00e4\u00e4n ei voinut t\u00e4ysin luottaa.<\/p>\n<p class=\"article-content article-content-width !bg-background\">Sofia p\u00e4\u00e4tti selviyty\u00e4 psykologisessa peliss\u00e4 olemalla oma aito itsens\u00e4. Peli her\u00e4tti h\u00e4nen latinoluonteensa eloon.<\/p>\n<p class=\"article-content article-content-width !bg-background\">\u2013\tTunteet nousivat voimakkaasti pintaan ja v\u00e4lill\u00e4 tuntui, ett\u00e4 r\u00e4j\u00e4hd\u00e4n. Olen puoliksi meksikolainen, joten itsehillint\u00e4ni on heikohko. Menen nollasta sataan, mutta lepyn nopeasti.<\/p>\n<p>        <a itemprop=\"url\" href=\"https:\/\/www.seiska.fi\/katso\/petolliset-tuure-boelius-hyokkasi-omiaan-vastaan-joutui-puhutteluun\/1957660\" rel=\"nofollow noopener\" target=\"_blank\"><\/p>\n<p>\nPetolliset\n<\/p>\n<p class=\"section-date\">\n        <strong class=\"article-section\" data-section=\"katso\"><br \/>\n            katso<br \/>\n        <\/strong><br \/>\n        11.10. 21:00\n    <\/p>\n<p>Petolliset: Tuure Boelius hy\u00f6kk\u00e4si omiaan vastaan &#8211; joutui puhutteluun\n    <\/p>\n<p itemprop=\"description\" class=\"subtitle \">\n    Annimari Korte ja Viki Konssi saivat Tuure Boeliuksen puukosta selk\u00e4\u00e4ns\u00e4.\n<\/p>\n<p>        <\/a><\/p>\n<p>Ei keskiviivaa<\/p>\n<p class=\"article-content article-content-width !bg-background\">Sofialle luonteenomaiset kuuntelemisen taito ja tarkkaavaisuus osoittautuivat arvokkaiksi\u00a0Petollisissa.<\/p>\n<p class=\"article-content article-content-width !bg-background\">\u2013\tEn halua sanoa, ett\u00e4 olin peliss\u00e4 liian tunteikas. Olen onnellinen, ett\u00e4 tunnen, vaikka v\u00e4lill\u00e4 kaikki el\u00e4m\u00e4ss\u00e4 tuntuukin paskalta.<\/p>\n<p class=\"article-content article-content-width !bg-background\">\u2013\tMinulla ei ole keskiviivaa. Kun on hyv\u00e4 olo, on todella hyv\u00e4. Kun vajoan syv\u00e4lle, silloin todella vajoan, h\u00e4n kuvailee tunneskaalaansa.<\/p>\n<p class=\"article-content article-content-width !bg-background\">Sofia tekee ty\u00f6kseen taidetta.<\/p>\n<p class=\"article-content article-content-width !bg-background\">\u2013\tTaide ei ole helpoin ala, mutta sit\u00e4 edelleen teen. Valmistelen parhaillaan seuraavaa n\u00e4yttely\u00e4ni loppuvuodelle, Sofia kertoo innostuneena.<\/p>\n<p class=\"article-content article-content-width !bg-background\">Lis\u00e4ksi h\u00e4n tekee tilaust\u00f6it\u00e4, tuunaa hattuja sek\u00e4 valmistaa taidekortteja ja puukorvakoruja.<\/p>\n<p class=\"article-content article-content-width !bg-background\">\u2013\u00a0Luonto on vastapaino ty\u00f6lleni. Tarvitsen sit\u00e4. Tykk\u00e4\u00e4n olla kotona eli en roiku baareissa. Semmoiset ajat olen jo el\u00e4nyt, Sofia sanoo.\u00a0<\/p>\n<p class=\"italic m-italic article-content article-content-width !bg-background\">Petolliset lauantaisin Nelosella ja Ruudussa.\u00a0<\/p>\n<p>        <a itemprop=\"url\" href=\"https:\/\/www.seiska.fi\/katso\/christoffer-strandberg-paljastaa-mita-petollisten-kulisseissa-tapahtui\/1506859\" rel=\"nofollow noopener\" target=\"_blank\"><\/p>\n<p class=\"section-date\">\n        <strong class=\"article-section\" data-section=\"katso\"><br \/>\n            katso<br \/>\n        <\/strong><br \/>\n        3.11.2024 07:15\n    <\/p>\n<p>Christoffer Strandberg paljastaa, mit\u00e4 Petollisten kulisseissa tapahtui\n    <\/p>\n<p itemprop=\"description\" class=\"subtitle \">\n    Juontaja kiitt\u00e4\u00e4 erityisesti yhden kilpailijan toimintaa.\n<\/p>\n<p>        <\/a><\/p>\n","protected":false},"excerpt":{"rendered":"20250814 HELSINKI. PETOLLISET-PRESSI. Sofia Zida. KUVA: ATTE KAJOVA Atte Kajova Petolliset-realityss\u00e4 mukana oleva Sofia Zida kuvailee omaavansa meksikolaisen&hellip;\n","protected":false},"author":2,"featured_media":66392,"comment_status":"","ping_status":"","sticky":false,"template":"","format":"standard","meta":{"footnotes":""},"categories":[133],"tags":[9760,2454,137,33,31,30,2382,15030,10744,1127,14209,10742,3395,15027,6335,32,397,2042,15028,206,15029,156,5344,3342,109,12462],"class_list":{"0":"post-66391","1":"post","2":"type-post","3":"status-publish","4":"format-standard","5":"has-post-thumbnail","7":"category-televisiot","8":"tag-4-kausi","9":"tag-aitiys","10":"tag-entertainment","11":"tag-fi","12":"tag-finland","13":"tag-finnish","14":"tag-haastattelu","15":"tag-ikava","16":"tag-kannykka","17":"tag-lapsi","18":"tag-latino","19":"tag-matkapuhelin","20":"tag-petolliset","21":"tag-piirtaminen","22":"tag-sofia-zida","23":"tag-suomi","24":"tag-taide","25":"tag-taidenayttely","26":"tag-taitelija","27":"tag-televisiot","28":"tag-temperamentti","29":"tag-tv","30":"tag-vanajanlinna","31":"tag-vanhemmuus","32":"tag-viihde","33":"tag-yksinhuoltajuus"},"share_on_mastodon":{"url":"","error":""},"_links":{"self":[{"href":"https:\/\/www.europesays.com\/fi\/wp-json\/wp\/v2\/posts\/66391","targetHints":{"allow":["GET"]}}],"collection":[{"href":"https:\/\/www.europesays.com\/fi\/wp-json\/wp\/v2\/posts"}],"about":[{"href":"https:\/\/www.europesays.com\/fi\/wp-json\/wp\/v2\/types\/post"}],"author":[{"embeddable":true,"href":"https:\/\/www.europesays.com\/fi\/wp-json\/wp\/v2\/users\/2"}],"replies":[{"embeddable":true,"href":"https:\/\/www.europesays.com\/fi\/wp-json\/wp\/v2\/comments?post=66391"}],"version-history":[{"count":0,"href":"https:\/\/www.europesays.com\/fi\/wp-json\/wp\/v2\/posts\/66391\/revisions"}],"wp:featuredmedia":[{"embeddable":true,"href":"https:\/\/www.europesays.com\/fi\/wp-json\/wp\/v2\/media\/66392"}],"wp:attachment":[{"href":"https:\/\/www.europesays.com\/fi\/wp-json\/wp\/v2\/media?parent=66391"}],"wp:term":[{"taxonomy":"category","embeddable":true,"href":"https:\/\/www.europesays.com\/fi\/wp-json\/wp\/v2\/categories?post=66391"},{"taxonomy":"post_tag","embeddable":true,"href":"https:\/\/www.europesays.com\/fi\/wp-json\/wp\/v2\/tags?post=66391"}],"curies":[{"name":"wp","href":"https:\/\/api.w.org\/{rel}","templated":true}]}}