{"id":66393,"date":"2025-10-19T12:47:07","date_gmt":"2025-10-19T12:47:07","guid":{"rendered":"https:\/\/www.europesays.com\/fi\/66393\/"},"modified":"2025-10-19T12:47:07","modified_gmt":"2025-10-19T12:47:07","slug":"kupsin-kokoonpanosta-karuja-tietoja-hjkta-vastaan-ilman-tarkeinta-pelaajaansa-urheilu","status":"publish","type":"post","link":"https:\/\/www.europesays.com\/fi\/66393\/","title":{"rendered":"KuPSin kokoonpanosta karuja tietoja \u2013\u2009HJK:ta vastaan ilman t\u00e4rkeint\u00e4 pelaajaansa | Urheilu"},"content":{"rendered":"<p>Kuopion Palloseura joutuu pelaamaan jalkapallon Veikkausliigan mestaruussarjan sunnuntain huippuj\u00e4nnitt\u00e4v\u00e4n kierroksen ilman keskikent\u00e4n t\u00e4rkeint\u00e4 pelaajaansa. Loistavan kauden pelannut <strong>Jaakko Oksanen <\/strong>puuttuu KuPSin kokoonpanosta kokonaan illan HJK-ottelusta.<\/p>\n<p>Kuopiolaisten riveist\u00e4 uupuu toinenkin kuluvan kauden ratkaisija: hy\u00f6kk\u00e4\u00e4j\u00e4 <strong>Mohamed Toure<\/strong>, joka on tehnyt KuPSista eniten maaleja kuluneen liigakauden aikana.<\/p>\n<p>Lis\u00e4ksi viime kaudet KuPS-puolustusta johtanut <strong>Ibrahim Cisse <\/strong>on pelikiellon takia sivussa.<\/p>\n<p>Kotijoukkueen maalille tekee odotetun paluun pelikieltonsa j\u00e4lkeen <strong>Johannes Kreidl<\/strong>.<\/p>\n<p>Joukkueen puolustukseen on ilmoitettu nelikko <strong>Pa Konate<\/strong>, <strong>Samuli Miettinen<\/strong>, <strong>Taneli H\u00e4m\u00e4l\u00e4inen <\/strong>ja <strong>Bob Nii Armah<\/strong>.<\/p>\n<p>KuPSin keskikent\u00e4n muodostavat <strong>Doni Arifi<\/strong>, <strong>Samuel Pasanen <\/strong>ja <strong>Otto Ruoppi<\/strong>.<\/p>\n<p>Laidalla p\u00e4\u00e4asiassa puolustajana pelannut <strong>Clinton Antwi <\/strong>on merkitty hy\u00f6kk\u00e4\u00e4j\u00e4ksi <strong>Piotr Parzyszekin <\/strong>ja <strong>Paulius Golubickasin <\/strong>kanssa.<\/p>\n<p>KuPS johtaa Veikkausliigaa pisteen erolla Ilvekseen.<\/p>\n<p>KuPSin vaihtopelaajat: <strong>Agon Sadiku<\/strong>, <strong>Joslyn Luyeye-Lutumba<\/strong>, <strong>Sadat Seidu<\/strong>, <strong>Petteri Pennanen<\/strong>, <strong>Derrick Atta Agyei<\/strong>, <strong>Paulo Ricardo<\/strong>, <strong>Saku Savolainen <\/strong>ja <strong>Aatu Hakala<\/strong>.<\/p>\n<p class=\"diks-storyline__additional-information\">Savon Sanomat seuraa verkkosivuillaan hetki hetkelt\u00e4 ottelua KuPS\u2013HJK, joka alkaa Keskuskent\u00e4ll\u00e4 sunnuntaina 19.10.2025 kello 18.30.<\/p>\n","protected":false},"excerpt":{"rendered":"Kuopion Palloseura joutuu pelaamaan jalkapallon Veikkausliigan mestaruussarjan sunnuntain huippuj\u00e4nnitt\u00e4v\u00e4n kierroksen ilman keskikent\u00e4n t\u00e4rkeint\u00e4 pelaajaansa. Loistavan kauden pelannut Jaakko&hellip;\n","protected":false},"author":2,"featured_media":66394,"comment_status":"","ping_status":"","sticky":false,"template":"","format":"standard","meta":{"footnotes":""},"categories":[158],"tags":[33,31,30,43,3221,4141,41,159,44,32,860,160,161],"class_list":{"0":"post-66393","1":"post","2":"type-post","3":"status-publish","4":"format-standard","5":"has-post-thumbnail","7":"category-urheilu","8":"tag-fi","9":"tag-finland","10":"tag-finnish","11":"tag-jalkapallo","12":"tag-kuopion-palloseura-kups","13":"tag-kups","14":"tag-liikunta-ja-urheilu","15":"tag-sports","16":"tag-suomen-jalkapallo","17":"tag-suomi","18":"tag-tyoelama","19":"tag-urheilu","20":"tag-urheilutapahtumat"},"share_on_mastodon":{"url":"","error":""},"_links":{"self":[{"href":"https:\/\/www.europesays.com\/fi\/wp-json\/wp\/v2\/posts\/66393","targetHints":{"allow":["GET"]}}],"collection":[{"href":"https:\/\/www.europesays.com\/fi\/wp-json\/wp\/v2\/posts"}],"about":[{"href":"https:\/\/www.europesays.com\/fi\/wp-json\/wp\/v2\/types\/post"}],"author":[{"embeddable":true,"href":"https:\/\/www.europesays.com\/fi\/wp-json\/wp\/v2\/users\/2"}],"replies":[{"embeddable":true,"href":"https:\/\/www.europesays.com\/fi\/wp-json\/wp\/v2\/comments?post=66393"}],"version-history":[{"count":0,"href":"https:\/\/www.europesays.com\/fi\/wp-json\/wp\/v2\/posts\/66393\/revisions"}],"wp:featuredmedia":[{"embeddable":true,"href":"https:\/\/www.europesays.com\/fi\/wp-json\/wp\/v2\/media\/66394"}],"wp:attachment":[{"href":"https:\/\/www.europesays.com\/fi\/wp-json\/wp\/v2\/media?parent=66393"}],"wp:term":[{"taxonomy":"category","embeddable":true,"href":"https:\/\/www.europesays.com\/fi\/wp-json\/wp\/v2\/categories?post=66393"},{"taxonomy":"post_tag","embeddable":true,"href":"https:\/\/www.europesays.com\/fi\/wp-json\/wp\/v2\/tags?post=66393"}],"curies":[{"name":"wp","href":"https:\/\/api.w.org\/{rel}","templated":true}]}}