{"id":66454,"date":"2025-10-19T14:12:09","date_gmt":"2025-10-19T14:12:09","guid":{"rendered":"https:\/\/www.europesays.com\/fi\/66454\/"},"modified":"2025-10-19T14:12:09","modified_gmt":"2025-10-19T14:12:09","slug":"kiina-oli-iskea-suurta-nato-maata-vastaan-viime-viikolla","status":"publish","type":"post","link":"https:\/\/www.europesays.com\/fi\/66454\/","title":{"rendered":"Kiina oli iske\u00e4 suurta Nato-maata vastaan viime viikolla"},"content":{"rendered":"<p>Britannian turvallisuuspalvelun MI5:n johtajan mukaan saarivaltioon kohdistuva vihamielinen toiminta on kasvanut 35 prosentilla.<\/p>\n<p><img decoding=\"async\" class=\"image image-show image-preview\" src=\"https:\/\/www.europesays.com\/fi\/wp-content\/uploads\/2025\/10\/b10a38565cb0a1dd912c6cf7a94b2a4d05cb68b4c10b8eaa27f7c140565376c8.jpg\" alt=\"\"\/><img decoding=\"async\" class=\"image image-show\" src=\"https:\/\/www.europesays.com\/fi\/wp-content\/uploads\/2025\/10\/1760883129_546_b10a38565cb0a1dd912c6cf7a94b2a4d05cb68b4c10b8eaa27f7c140565376c8.jpg\" alt=\"\"\/><\/p>\n<p>MI5:n Ken McCallum kommentoi poikkeuksellisesti yksitt\u00e4ist\u00e4 tapausta mediassa. AOP<\/p>\n<p class=\"paragraph\">Britannian sis\u00e4isest\u00e4 turvallisuudesta vastaava turvallisuuspalvelu MI5 on est\u00e4nyt Kiinan juonen, jossa tarkoituksena oli hy\u00f6k\u00e4t\u00e4 Britannian kansallista turvallisuutta vastaan viime viikolla, <a href=\"https:\/\/www.dailymail.co.uk\/news\/article-15198223\/Spy-chief-MI5-thwarted-Chinese-plot-attack.html\" target=\"_blank\" rel=\"noopener nofollow\">kertoo<\/a> Daily Mail.<\/p>\n<p class=\"paragraph\">MI5:n p\u00e4\u00e4johtaja <strong>Ken McCallum<\/strong> paljasti Britanniaan kohdistuvan vihamielisen toiminnan kasvaneen 35 prosentilla.<\/p>\n<p class=\"paragraph\">\u2013 Meid\u00e4n on petrattava toimintaamme t\u00e4n\u00e4 uutena aikakautena, jossa p\u00e4\u00e4llekk\u00e4isi\u00e4 uhkia tapahtuu ennen\u00e4kem\u00e4tt\u00f6min m\u00e4\u00e4rin, h\u00e4n sanoo.<\/p>\n<p class=\"paragraph\">\u2013 Meid\u00e4n on varmistettava, ett\u00e4 Britannia on hankala kohde. Haluamme vihollistemme harkitsevan kahdesti ennen kuin ryhtyv\u00e4t toimiin meit\u00e4 vastaan.<\/p>\n<p class=\"paragraph\">McCallumin lausunto oli viittaus Britanniassa viimeisimp\u00e4n\u00e4 kuohuttaneeseen tapaukseen, jossa maan p\u00e4\u00e4ministeri <a href=\"https:\/\/www.iltalehti.fi\/henkilot\/Keir Starmer\" class=\"article-link-person-page\" rel=\"nofollow noopener\" target=\"_blank\">Keir Starmerin<\/a> hallitusta syytet\u00e4\u00e4n oikeusprosessiin vaikuttamisesta poliittisista syist\u00e4.<\/p>\n<p class=\"paragraph\">Taustalla on tapaus, jossa kahta miest\u00e4 ep\u00e4iltiin vakoilusta Kiinalle, mutta heid\u00e4n syytteens\u00e4 hyl\u00e4ttiin vain viikkoja ennen oikeudenk\u00e4ynti\u00e4.<\/p>\n<p class=\"paragraph\">Syy hylk\u00e4\u00e4miselle oli se, ett\u00e4 Englannin ja Walesin valtakunnansyytt\u00e4j\u00e4nvirasto CPS p\u00e4\u00e4tti, ettei Kiina ole uhka Britannian kansalliselle turvallisuudelle.<\/p>\n<p class=\"paragraph\">P\u00e4\u00e4t\u00f6s johti syyt\u00f6ksiin, joiden mukaan Starmerin johtama hallitus olisi keskeytt\u00e4nyt oikeusprosessin, koska se ei halunnut suututtaa Kiinan johtoa. Britannia on pyrkinyt viime aikoina parantamaan taloussuhteitaan Kiinan kanssa.<\/p>\n<p class=\"paragraph\">Kyseess\u00e4 oli Daily Mailin mukaan merkitt\u00e4v\u00e4 kannanotto McCallumilta. MI5:ll\u00e4 on pitk\u00e4aikaiset perinteet siit\u00e4, ett\u00e4 se ei kommentoi yksitt\u00e4isi\u00e4 tapauksia.<\/p>\n<p class=\"paragraph\">\u2013 Tietenkin olen turhautunut, kun mahdollisuuksia syytt\u00e4\u00e4 kansallista turvallisuutta uhkaavaa toimintaa ei jostain syyst\u00e4 hy\u00f6dynnet\u00e4, McCallum sanoi.<\/p>\n<p class=\"paragraph\">McCallum painotti, ett\u00e4 MI5 ja Britannian poliisilaitos tekev\u00e4t kovasti t\u00f6it\u00e4 syytteiden mahdollistamiseksi.<\/p>\n<p class=\"paragraph\">\u2013 Siksi on turhauttavaa, kun niin ei tapahdu. Pyyd\u00e4n kaikkia ottamaan huomioon, ett\u00e4 kyseess\u00e4 oli vakava h\u00e4iri\u00f6 Yhdistyneen kuningaskunnan kansallisen turvallisuuden kannalta.<\/p>\n<p class=\"paragraph\">Starmer on julkisesti <a href=\"https:\/\/www.reuters.com\/world\/uk\/starmer-denies-trying-appease-china-says-spying-case-dropped-legal-grounds-2025-10-08\/\" target=\"_blank\" rel=\"noopener nofollow\">kiist\u00e4nyt<\/a> sen, ett\u00e4 syytteiden hylk\u00e4\u00e4misen taustalla olisivat olleet poliittiset intressit.<\/p>\n<p class=\"paragraph\">H\u00e4n my\u00f6s <a href=\"https:\/\/www.reuters.com\/world\/uk\/uk-pm-starmer-says-he-will-publish-key-witness-statements-china-spy-case-2025-10-15\/\" target=\"_blank\" rel=\"noopener nofollow\">julkaisi<\/a> todisteena Britannian kansallisen turvallisuuden varaneuvonantaja <strong>Matthew Collinsin<\/strong> lausunnon, jossa Kiina todetaan suurimmaksi valtiolliseksi uhkaksi Britannian taloudelliselle turvallisuudelle.<\/p>\n","protected":false},"excerpt":{"rendered":"Britannian turvallisuuspalvelun MI5:n johtajan mukaan saarivaltioon kohdistuva vihamielinen toiminta on kasvanut 35 prosentilla. MI5:n Ken McCallum kommentoi poikkeuksellisesti&hellip;\n","protected":false},"author":2,"featured_media":66455,"comment_status":"","ping_status":"","sticky":false,"template":"","format":"standard","meta":{"footnotes":""},"categories":[5],"tags":[35,22,23,26,27,33,31,30,863,17,70,53,24,25,28,29,15,18,21,637,32,19,20,4385,16],"class_list":{"0":"post-66454","1":"post","2":"type-post","3":"status-publish","4":"format-standard","5":"has-post-thumbnail","7":"category-otsikot","8":"tag-24h","9":"tag-breaking-news","10":"tag-breakingnews","11":"tag-featured-news","12":"tag-featurednews","13":"tag-fi","14":"tag-finland","15":"tag-finnish","16":"tag-hallitus","17":"tag-headlines","18":"tag-kansainvalinen-politiikka","19":"tag-laki-oikeus-ja-rikos","20":"tag-latest-news","21":"tag-latestnews","22":"tag-main-news","23":"tag-mainnews","24":"tag-news","25":"tag-otsikot","26":"tag-paauutiset","27":"tag-politiikka","28":"tag-suomi","29":"tag-top-stories","30":"tag-topstories","31":"tag-ulkopolitiikka-ja-kansainvalinen-politiikka","32":"tag-uutiset"},"share_on_mastodon":{"url":"","error":""},"_links":{"self":[{"href":"https:\/\/www.europesays.com\/fi\/wp-json\/wp\/v2\/posts\/66454","targetHints":{"allow":["GET"]}}],"collection":[{"href":"https:\/\/www.europesays.com\/fi\/wp-json\/wp\/v2\/posts"}],"about":[{"href":"https:\/\/www.europesays.com\/fi\/wp-json\/wp\/v2\/types\/post"}],"author":[{"embeddable":true,"href":"https:\/\/www.europesays.com\/fi\/wp-json\/wp\/v2\/users\/2"}],"replies":[{"embeddable":true,"href":"https:\/\/www.europesays.com\/fi\/wp-json\/wp\/v2\/comments?post=66454"}],"version-history":[{"count":0,"href":"https:\/\/www.europesays.com\/fi\/wp-json\/wp\/v2\/posts\/66454\/revisions"}],"wp:featuredmedia":[{"embeddable":true,"href":"https:\/\/www.europesays.com\/fi\/wp-json\/wp\/v2\/media\/66455"}],"wp:attachment":[{"href":"https:\/\/www.europesays.com\/fi\/wp-json\/wp\/v2\/media?parent=66454"}],"wp:term":[{"taxonomy":"category","embeddable":true,"href":"https:\/\/www.europesays.com\/fi\/wp-json\/wp\/v2\/categories?post=66454"},{"taxonomy":"post_tag","embeddable":true,"href":"https:\/\/www.europesays.com\/fi\/wp-json\/wp\/v2\/tags?post=66454"}],"curies":[{"name":"wp","href":"https:\/\/api.w.org\/{rel}","templated":true}]}}