{"id":66456,"date":"2025-10-19T14:24:08","date_gmt":"2025-10-19T14:24:08","guid":{"rendered":"https:\/\/www.europesays.com\/fi\/66456\/"},"modified":"2025-10-19T14:24:08","modified_gmt":"2025-10-19T14:24:08","slug":"syke-sarjaan-palaava-nicke-lignell-sai-lohdullisen-neuvon-yllattavalta-taholta","status":"publish","type":"post","link":"https:\/\/www.europesays.com\/fi\/66456\/","title":{"rendered":"Syke-sarjaan palaava Nicke Lignell sai lohdullisen neuvon yll\u00e4tt\u00e4v\u00e4lt\u00e4 taholta"},"content":{"rendered":"<p>            Timo Korhonen\n        <\/p>\n<p class=\"subtitle \">Nicke Lignell on t\u00e4hditt\u00e4nyt Syke-sarjaa jo yli viiden vuoden ajan.<\/p>\n<p class=\"article-content article-content-width !bg-background\"> n\u00e4hd\u00e4\u00e4n j\u00e4lleen yleiskirurgi Jari Valkj\u00e4rven roolissa sairaalasarja Sykkeess\u00e4.<\/p>\n<p>Yht\u00e4 perhett\u00e4<\/p>\n<p class=\"article-content article-content-width !bg-background\">Nicke tuli sarjaan mukaan vuonna 2020. Ohjelma on pisin, jossa h\u00e4n on ollut n\u00e4yttelij\u00e4n\u00e4 mukana. Miss\u00e4\u00e4n vaiheessa ty\u00f6 ei ole tuntunut pakkopullalta.\u00a0<\/p>\n<p class=\"article-content article-content-width !bg-background\">\u2013 Ty\u00f6viikot eiv\u00e4t ole mahdottomia, sill\u00e4 hahmoja on niin paljon, Nicke kertoo ty\u00f6tahdistaan.<\/p>\n<p class=\"article-content article-content-width !bg-background\">\u2013 T\u00e4m\u00e4 on v\u00e4h\u00e4n klisee, mutta olemme kuin suurperhe. Tunnelma porukassamme on niin hyv\u00e4, ett\u00e4 harvoin se muuttuu rankaksi.<\/p>\n<p>        <a itemprop=\"url\" href=\"https:\/\/www.seiska.fi\/katso\/matti-ristiselta-henkilokohtainen-paljastus\/1941525\" rel=\"nofollow noopener\" target=\"_blank\"><\/p>\n<p>\nMatti Ristinen\n<\/p>\n<p class=\"section-date\">\n        <strong class=\"article-section\" data-section=\"katso\"><br \/>\n            katso<br \/>\n        <\/strong><br \/>\n        7.10. 10:15\n    <\/p>\n<p>Matti Ristiselt\u00e4 henkil\u00f6kohtainen paljastus\n    <\/p>\n<p itemprop=\"description\" class=\"subtitle \">\n    Matti Ristisen vapaa-aika kuluu yll\u00e4tt\u00e4viss\u00e4 puuhissa.\n<\/p>\n<p>        <\/a><\/p>\n<p>                <img decoding=\"async\" src=\"https:\/\/www.europesays.com\/fi\/wp-content\/uploads\/2025\/10\/1941885.webp\" width=\"576\" height=\"322\" alt=\"Sykkeen n\u00e4yttelij\u00e4tiimi on iso. Siksi yksitt\u00e4isen n\u00e4yttelij\u00e4n kuvaustahti ei muodostu kuormittavaksi.\" loading=\"lazy\" \/>            <\/p>\n<p>\n            Sykkeen n\u00e4yttelij\u00e4tiimi on iso. Siksi yksitt\u00e4isen n\u00e4yttelij\u00e4n kuvaustahti ei muodostu kuormittavaksi.<br \/>\n            Timo Korhonen\n        <\/p>\n<p>Valhetta vain<\/p>\n<p class=\"article-content article-content-width !bg-background\">Tiiviist\u00e4 ilmapiirist\u00e4 huolimatta ty\u00f6h\u00f6n liittyy my\u00f6s haasteita. Asiat pit\u00e4\u00e4 saada n\u00e4ytt\u00e4m\u00e4\u00e4n mahdollisimman aidoilta.<\/p>\n<p class=\"article-content article-content-width !bg-background\">\u2013 T\u00e4m\u00e4h\u00e4n on feikki\u00e4 alusta loppuun. Siit\u00e4 huolimatta yksitt\u00e4isest\u00e4 hetkest\u00e4 pit\u00e4isi saada uskottava ja rutiininomainen, n\u00e4yttelij\u00e4 selitt\u00e4\u00e4.<\/p>\n<p>        <a itemprop=\"url\" href=\"https:\/\/www.seiska.fi\/katso\/podcast-syke-nayttelijoilla-suhde\/1910750\" rel=\"nofollow noopener\" target=\"_blank\"><\/p>\n<p>\nPodcast:\n<\/p>\n<p class=\"section-date\">\n        <strong class=\"article-section\" data-section=\"katso\"><br \/>\n            katso<br \/>\n        <\/strong><br \/>\n        26.8. 13:15\n    <\/p>\n<p>Podcast: Syke-n\u00e4yttelij\u00f6ill\u00e4 suhde\n    <\/p>\n<p itemprop=\"description\" class=\"subtitle \">\n    Syke-podcastissa kuullaan yll\u00e4tt\u00e4v\u00e4 paljastus.\n<\/p>\n<p>        <\/a><\/p>\n<p>                <img decoding=\"async\" src=\"https:\/\/www.europesays.com\/fi\/wp-content\/uploads\/2025\/10\/1941899.webp\" width=\"576\" height=\"269\" alt=\"Nicke tiet\u00e4\u00e4, ett\u00e4 sairaalaty\u00f6ntekij\u00e4t tarkkailevat kotisohvilla sarjan aitoutta.\" loading=\"lazy\" \/>            <\/p>\n<p>\n            Nicke tiet\u00e4\u00e4, ett\u00e4 sairaalaty\u00f6ntekij\u00e4t tarkkailevat kotisohvilla sarjan aitoutta.<br \/>\n            Nelonen\n        <\/p>\n<p class=\"article-content article-content-width !bg-background\">Turhaa stressi\u00e4 aitoudesta Nicke ei kuitenkaan juuri ota. H\u00e4n paljastaa saaneensa asiaan oivallisen neuvon yll\u00e4tt\u00e4v\u00e4lt\u00e4 taholta.\u00a0<\/p>\n<p class=\"article-content article-content-width !bg-background\">\u2013 Yst\u00e4v\u00e4ni, el\u00e4k\u00f6itynyt fysiatri, toimii v\u00e4lill\u00e4 privakonsulttinani. H\u00e4n aikoinaan lohdutti, ettei haittaa, vaikka lausuisinkin jonkun asian eri tavalla kuin muut. Niinh\u00e4n se menee oikeassakin el\u00e4m\u00e4ss\u00e4, Nicke kertoo jatkaen:<\/p>\n<p class=\"article-content article-content-width !bg-background\">\u2013 On lohdullista ajatella, ettei ole yht\u00e4 oikeaa tai v\u00e4\u00e4r\u00e4\u00e4.\u00a0<\/p>\n<p>        <a itemprop=\"url\" href=\"https:\/\/www.seiska.fi\/terveys\/oho-nicke-lignell-teloi-itsensa-pelko-jai\/1941997\" rel=\"nofollow noopener\" target=\"_blank\"><\/p>\n<p>\nTeloi itsens\u00e4\n<\/p>\n<p class=\"section-date\">\n        <strong class=\"article-section\" data-section=\"terveys\"><br \/>\n            terveys<br \/>\n        <\/strong><br \/>\n        28.9. 21:30\n    <\/p>\n<p>Oho! Nicke Lignell teloi itsens\u00e4 \u2013 pelko j\u00e4i\n    <\/p>\n<p itemprop=\"description\" class=\"subtitle \">\n    Vanhuus ei tule yksin, sanotaan. Sen on joutunut huomaamaan my\u00f6s suosikkin\u00e4yttelij\u00e4 Nicke Lignell.\n<\/p>\n<p>        <\/a><\/p>\n","protected":false},"excerpt":{"rendered":"Timo Korhonen Nicke Lignell on t\u00e4hditt\u00e4nyt Syke-sarjaa jo yli viiden vuoden ajan. n\u00e4hd\u00e4\u00e4n j\u00e4lleen yleiskirurgi Jari Valkj\u00e4rven roolissa&hellip;\n","protected":false},"author":2,"featured_media":66457,"comment_status":"","ping_status":"","sticky":false,"template":"","format":"standard","meta":{"footnotes":""},"categories":[136],"tags":[407,137,33,31,30,408,4178,12135,12130,12131,11955,2158,9215,32,4137,12134,109],"class_list":{"0":"post-66456","1":"post","2":"type-post","3":"status-publish","4":"format-standard","5":"has-post-thumbnail","7":"category-julkkikset","8":"tag-celebrities","9":"tag-entertainment","10":"tag-fi","11":"tag-finland","12":"tag-finnish","13":"tag-julkkikset","14":"tag-laakari","15":"tag-leena-poysti","16":"tag-lena-merilainen","17":"tag-matti-ristinen","18":"tag-nicke-lignell","19":"tag-ruutu","20":"tag-sebastian-rejman","21":"tag-suomi","22":"tag-syke","23":"tag-syke-kausi-21","24":"tag-viihde"},"share_on_mastodon":{"url":"","error":""},"_links":{"self":[{"href":"https:\/\/www.europesays.com\/fi\/wp-json\/wp\/v2\/posts\/66456","targetHints":{"allow":["GET"]}}],"collection":[{"href":"https:\/\/www.europesays.com\/fi\/wp-json\/wp\/v2\/posts"}],"about":[{"href":"https:\/\/www.europesays.com\/fi\/wp-json\/wp\/v2\/types\/post"}],"author":[{"embeddable":true,"href":"https:\/\/www.europesays.com\/fi\/wp-json\/wp\/v2\/users\/2"}],"replies":[{"embeddable":true,"href":"https:\/\/www.europesays.com\/fi\/wp-json\/wp\/v2\/comments?post=66456"}],"version-history":[{"count":0,"href":"https:\/\/www.europesays.com\/fi\/wp-json\/wp\/v2\/posts\/66456\/revisions"}],"wp:featuredmedia":[{"embeddable":true,"href":"https:\/\/www.europesays.com\/fi\/wp-json\/wp\/v2\/media\/66457"}],"wp:attachment":[{"href":"https:\/\/www.europesays.com\/fi\/wp-json\/wp\/v2\/media?parent=66456"}],"wp:term":[{"taxonomy":"category","embeddable":true,"href":"https:\/\/www.europesays.com\/fi\/wp-json\/wp\/v2\/categories?post=66456"},{"taxonomy":"post_tag","embeddable":true,"href":"https:\/\/www.europesays.com\/fi\/wp-json\/wp\/v2\/tags?post=66456"}],"curies":[{"name":"wp","href":"https:\/\/api.w.org\/{rel}","templated":true}]}}