{"id":66466,"date":"2025-10-19T14:37:08","date_gmt":"2025-10-19T14:37:08","guid":{"rendered":"https:\/\/www.europesays.com\/fi\/66466\/"},"modified":"2025-10-19T14:37:08","modified_gmt":"2025-10-19T14:37:08","slug":"rovaniemella-oli-sunnuntain-vastaisena-yona-usean-henkilon-joukkotappelu-lappi","status":"publish","type":"post","link":"https:\/\/www.europesays.com\/fi\/66466\/","title":{"rendered":"Rovaniemell\u00e4 oli sunnuntain vastaisena y\u00f6n\u00e4 usean henkil\u00f6n joukkotappelu | Lappi"},"content":{"rendered":"<p class=\"aw-1gybjub aw-5vja16 ghpEtB kjanFo yle__article__paragraph\">Paikalle l\u00e4hetettiin useita poliisipartioita.<\/p>\n<p><img decoding=\"async\" alt=\"Siniseen vaatteeseen ommeltu hihamerkki, jossa lukee valkoisella poliisi ja polis.\" src=\"https:\/\/www.europesays.com\/fi\/wp-content\/uploads\/2025\/10\/39-116046364e4a6dc9d4cf.jpeg\" class=\"aw-1l9m598 hKVVvP\"\/><\/p>\n<p>Avaa kuvien katselu<\/p>\n<p>Poliisi joutui puuttumaan joukkotappeluun Rovaniemell\u00e4. Kuvituskuva. Kuva: Antti Mikkola \/ Yle<\/p>\n<p class=\"aw-1gybjub aw-1p7kakr ghpEtB jtovHP yle__article__paragraph\">H\u00e4t\u00e4keskus antoi Rovaniemen poliisille Rovaniemen keskustaan sunnuntaina y\u00f6ll\u00e4 teht\u00e4v\u00e4n, jonka mukaan k\u00e4ynniss\u00e4 on useamman henkil\u00f6n v\u00e4linen tappelu. Teht\u00e4v\u00e4lle liittyi useampi poliisin partio.<\/p>\n<p class=\"aw-1gybjub aw-1p7kakr ghpEtB jtovHP yle__article__paragraph\">Paikan p\u00e4\u00e4ll\u00e4 poliisille selvisi, ett\u00e4 tappelussa oli ollut osallisena useita henkil\u00f6it\u00e4. Poliisi jatkaa asian selvitt\u00e4mist\u00e4 eik\u00e4 t\u00e4ss\u00e4 vaiheessa tiedota enemp\u00e4\u00e4.<\/p>\n","protected":false},"excerpt":{"rendered":"Paikalle l\u00e4hetettiin useita poliisipartioita. Avaa kuvien katselu Poliisi joutui puuttumaan joukkotappeluun Rovaniemell\u00e4. Kuvituskuva. Kuva: Antti Mikkola \/ Yle&hellip;\n","protected":false},"author":2,"featured_media":66467,"comment_status":"","ping_status":"","sticky":false,"template":"","format":"standard","meta":{"footnotes":""},"categories":[12],"tags":[22,23,26,27,33,31,30,17,111,667,24,25,28,29,15,18,21,52,1057,32,19,20,16,40],"class_list":{"0":"post-66466","1":"post","2":"type-post","3":"status-publish","4":"format-standard","5":"has-post-thumbnail","7":"category-suomi","8":"tag-breaking-news","9":"tag-breakingnews","10":"tag-featured-news","11":"tag-featurednews","12":"tag-fi","13":"tag-finland","14":"tag-finnish","15":"tag-headlines","16":"tag-joukkotappelu","17":"tag-lappi","18":"tag-latest-news","19":"tag-latestnews","20":"tag-main-news","21":"tag-mainnews","22":"tag-news","23":"tag-otsikot","24":"tag-paauutiset","25":"tag-poliisi","26":"tag-rovaniemi","27":"tag-suomi","28":"tag-top-stories","29":"tag-topstories","30":"tag-uutiset","31":"tag-vakivalta"},"share_on_mastodon":{"url":"","error":""},"_links":{"self":[{"href":"https:\/\/www.europesays.com\/fi\/wp-json\/wp\/v2\/posts\/66466","targetHints":{"allow":["GET"]}}],"collection":[{"href":"https:\/\/www.europesays.com\/fi\/wp-json\/wp\/v2\/posts"}],"about":[{"href":"https:\/\/www.europesays.com\/fi\/wp-json\/wp\/v2\/types\/post"}],"author":[{"embeddable":true,"href":"https:\/\/www.europesays.com\/fi\/wp-json\/wp\/v2\/users\/2"}],"replies":[{"embeddable":true,"href":"https:\/\/www.europesays.com\/fi\/wp-json\/wp\/v2\/comments?post=66466"}],"version-history":[{"count":0,"href":"https:\/\/www.europesays.com\/fi\/wp-json\/wp\/v2\/posts\/66466\/revisions"}],"wp:featuredmedia":[{"embeddable":true,"href":"https:\/\/www.europesays.com\/fi\/wp-json\/wp\/v2\/media\/66467"}],"wp:attachment":[{"href":"https:\/\/www.europesays.com\/fi\/wp-json\/wp\/v2\/media?parent=66466"}],"wp:term":[{"taxonomy":"category","embeddable":true,"href":"https:\/\/www.europesays.com\/fi\/wp-json\/wp\/v2\/categories?post=66466"},{"taxonomy":"post_tag","embeddable":true,"href":"https:\/\/www.europesays.com\/fi\/wp-json\/wp\/v2\/tags?post=66466"}],"curies":[{"name":"wp","href":"https:\/\/api.w.org\/{rel}","templated":true}]}}