{"id":66505,"date":"2025-10-19T15:42:16","date_gmt":"2025-10-19T15:42:16","guid":{"rendered":"https:\/\/www.europesays.com\/fi\/66505\/"},"modified":"2025-10-19T15:42:16","modified_gmt":"2025-10-19T15:42:16","slug":"elamani-biisi-vieraan-kaytos-sai-katsojilta-tyrmayksen-ei-sovi-etikettiin","status":"publish","type":"post","link":"https:\/\/www.europesays.com\/fi\/66505\/","title":{"rendered":"El\u00e4m\u00e4ni biisi -vieraan k\u00e4yt\u00f6s sai katsojilta tyrm\u00e4yksen: &#8221;Ei sovi etikettiin&#8221;"},"content":{"rendered":"<p>Laulaja Meiju Suvas vieraili lauantain El\u00e4m\u00e4ni biisi -l\u00e4hetyksess\u00e4.<\/p>\n<p><img decoding=\"async\" class=\"image image-show image-preview\" src=\"https:\/\/www.europesays.com\/fi\/wp-content\/uploads\/2025\/10\/509d7c0b068fb8e25263315ad48b649ac4d70a59241ac37652b83be2b81bacb3.jpg\" alt=\"\"\/><img decoding=\"async\" class=\"image image-show\" src=\"https:\/\/www.europesays.com\/fi\/wp-content\/uploads\/2025\/10\/1759686488_248_509d7c0b068fb8e25263315ad48b649ac4d70a59241ac37652b83be2b81bacb3.jpg\" alt=\"\"\/><\/p>\n<p>Meiju Suvaksen k\u00e4yt\u00f6s puhuttaa El\u00e4m\u00e4ni biisi -vieraita. Pete Anikari<\/p>\n<p class=\"paragraph\">Yksi lauantain suoran El\u00e4m\u00e4ni biisi -l\u00e4hetyksen vieraista oli laulaja <a href=\"https:\/\/www.iltalehti.fi\/henkilot\/Meiju Suvas\" class=\"article-link-person-page\" rel=\"nofollow noopener\" target=\"_blank\">Meiju Suvas<\/a>. Suvaksen k\u00e4yt\u00f6s l\u00e4hetyksess\u00e4 on kirvoittanut kritiikki\u00e4 ohjelman katsojilta.<\/p>\n<p class=\"paragraph\">Suvas oli kanssavieraitaan puheliaampi ja el\u00e4v\u00e4isempi. L\u00e4hetyksen p\u00e4\u00e4tteeksi n\u00e4hdyn potpuriesityksen aikana <a href=\"https:\/\/areena.yle.fi\/1-4666758\" target=\"_blank\" rel=\"noopener nofollow\">Ylen kuvassa<\/a> n\u00e4kyi, ett\u00e4 Suvas kaivoi puhelimensa esiin ja kuvasi sek\u00e4 esiintymislavaa ett\u00e4 juontaja <strong>Katja St\u00e5hlia<\/strong> omalla puhelimellaan suoran l\u00e4hetyksen ollessa yh\u00e4 k\u00e4ynniss\u00e4.<\/p>\n<p class=\"paragraph\">\u2013 Meiju Suvas k\u00e4ytt\u00e4ytyi moukkamaisesti py\u00f6rien tuolillaan kuin v\u00e4kk\u00e4r\u00e4 ja kuvaten k\u00e4nnyk\u00e4ll\u00e4\u00e4n esitt\u00e4ji\u00e4, El\u00e4m\u00e4ni biisin virallisella <a href=\"https:\/\/www.facebook.com\/elamanibiisi\/posts\/pfbid02K1v9Zu2p9xrjFystAXvQFbEdf7mLm7bTgUP4PQuNddKuok4idXDRstJwk9spGoool\" target=\"_blank\" rel=\"noopener nofollow\">Facebook-sivulla<\/a> on kommentoitu.<\/p>\n<p class=\"paragraph\">\u2013 Niinp\u00e4, aika \u00e4rsytt\u00e4v\u00e4, Katja joutui huomauttamaan useamman kerran. Muut vieraat ihan ihania, toinen kommentoi.<\/p>\n<p class=\"paragraph\">\u2013 Meiju Suvas pilasi koko ohjelman, koko ajan \u00e4\u00e4ness\u00e4.<\/p>\n<p class=\"paragraph\">\u2013 Olen aina tyk\u00e4nnyt Meijusta ja h\u00e4nen musiikistaan, mutta eilisess\u00e4 jaksossa oli jotenkin outo.<\/p>\n<p>Katja St\u00e5hl kommentoi Meiju Suvaksen puuhia monta kertaa l\u00e4hetyksen aikana. Yle<\/p>\n<p class=\"paragraph\">Asiaa on puitu my\u00f6s viestisovellus Jodelissa.<\/p>\n<p class=\"paragraph\">\u2013 Miksi pit\u00e4\u00e4 omalla puhelimella kuvata, kun on suorassa l\u00e4hetyksess\u00e4 itse vieraana? er\u00e4s k\u00e4ytt\u00e4j\u00e4 kritisoi.<\/p>\n<p class=\"paragraph\">\u2013 Ei kyll\u00e4 mielest\u00e4ni oikein sovi etikettiin, sama k\u00e4ytt\u00e4j\u00e4 jatkaa.<\/p>\n<p class=\"paragraph\">Suvakselle on my\u00f6s puolustajia.<\/p>\n<p class=\"paragraph\">\u2013 El\u00e4v\u00e4inen ihminen Meiju, mutta totta kai sellainen joitakin \u00e4rsytt\u00e4\u00e4, Facebookissa kommentoidaan.<\/p>\n<p class=\"paragraph\">Suvaksen el\u00e4m\u00e4n biisiksi osoittautui Earth, Wind and Fire -yhtyeen kappale Fantasy. Lauantain l\u00e4hetyksen muut vieraat olivat kirjailija <strong>Raija Oranen<\/strong>, toimittaja <strong>Seija Vaaherkumpu<\/strong>, oopperalaulaja <strong>Jaakko Ryh\u00e4nen<\/strong> ja n\u00e4yttelij\u00e4 <strong>Heikki Kinnunen<\/strong>.<\/p>\n<p class=\"paragraph\">El\u00e4m\u00e4ni biisi lauantaisin TV1:ll\u00e4 kello 21 &amp; Areenassa. <a href=\"https:\/\/www.iltalehti.fi\/telkku\" rel=\"nofollow noopener\" target=\"_blank\">Katso kaikki TV-ohjelmat ja l\u00e4hetysajat Telkun TV-oppaasta<\/a>.<\/p>\n","protected":false},"excerpt":{"rendered":"Laulaja Meiju Suvas vieraili lauantain El\u00e4m\u00e4ni biisi -l\u00e4hetyksess\u00e4. Meiju Suvaksen k\u00e4yt\u00f6s puhuttaa El\u00e4m\u00e4ni biisi -vieraita. Pete Anikari Yksi&hellip;\n","protected":false},"author":2,"featured_media":53833,"comment_status":"","ping_status":"","sticky":false,"template":"","format":"standard","meta":{"footnotes":""},"categories":[136],"tags":[35,138,407,137,33,31,30,408,763,47,141,32,397,484,109],"class_list":{"0":"post-66505","1":"post","2":"type-post","3":"status-publish","4":"format-standard","5":"has-post-thumbnail","7":"category-julkkikset","8":"tag-24h","9":"tag-audio","10":"tag-celebrities","11":"tag-entertainment","12":"tag-fi","13":"tag-finland","14":"tag-finnish","15":"tag-julkkikset","16":"tag-kulttuuri-ja-viihde","17":"tag-musiikki","18":"tag-muusikot-bandit","19":"tag-suomi","20":"tag-taide","21":"tag-taiteellinen-ilmaisu-ja-mediat","22":"tag-viihde"},"share_on_mastodon":{"url":"","error":""},"_links":{"self":[{"href":"https:\/\/www.europesays.com\/fi\/wp-json\/wp\/v2\/posts\/66505","targetHints":{"allow":["GET"]}}],"collection":[{"href":"https:\/\/www.europesays.com\/fi\/wp-json\/wp\/v2\/posts"}],"about":[{"href":"https:\/\/www.europesays.com\/fi\/wp-json\/wp\/v2\/types\/post"}],"author":[{"embeddable":true,"href":"https:\/\/www.europesays.com\/fi\/wp-json\/wp\/v2\/users\/2"}],"replies":[{"embeddable":true,"href":"https:\/\/www.europesays.com\/fi\/wp-json\/wp\/v2\/comments?post=66505"}],"version-history":[{"count":0,"href":"https:\/\/www.europesays.com\/fi\/wp-json\/wp\/v2\/posts\/66505\/revisions"}],"wp:featuredmedia":[{"embeddable":true,"href":"https:\/\/www.europesays.com\/fi\/wp-json\/wp\/v2\/media\/53833"}],"wp:attachment":[{"href":"https:\/\/www.europesays.com\/fi\/wp-json\/wp\/v2\/media?parent=66505"}],"wp:term":[{"taxonomy":"category","embeddable":true,"href":"https:\/\/www.europesays.com\/fi\/wp-json\/wp\/v2\/categories?post=66505"},{"taxonomy":"post_tag","embeddable":true,"href":"https:\/\/www.europesays.com\/fi\/wp-json\/wp\/v2\/tags?post=66505"}],"curies":[{"name":"wp","href":"https:\/\/api.w.org\/{rel}","templated":true}]}}