{"id":66509,"date":"2025-10-19T15:46:08","date_gmt":"2025-10-19T15:46:08","guid":{"rendered":"https:\/\/www.europesays.com\/fi\/66509\/"},"modified":"2025-10-19T15:46:08","modified_gmt":"2025-10-19T15:46:08","slug":"kerry-king-tarttui-black-sabbath-ja-iron-maiden-herkkupaloihin-talta-naytti-meno-slayer-kitaristin-soolokeikalla","status":"publish","type":"post","link":"https:\/\/www.europesays.com\/fi\/66509\/","title":{"rendered":"Kerry King tarttui Black Sabbath- ja Iron Maiden -herkkupaloihin &#8211; t\u00e4lt\u00e4 n\u00e4ytti meno Slayer-kitaristin soolokeikalla"},"content":{"rendered":"<p>Slayer-kitaristi Kerry King esiintyi soolona Japanin Osakassa torstai-iltana. Slayerin ja soolokappaleidensa lis\u00e4ksi mies yhtyeineen esitti kovan luokan covereita, sill\u00e4 settilistalle oli valikoitunut Iron Maiden Purgatory sek\u00e4 Black Sabbathin Wicked World.<\/p>\n<p>Alta n\u00e4et keikan kokonaisuudessaan. Settilista l\u00f6ytyy puolestaan jutun lopusta.<\/p>\n<p><img loading=\"lazy\" decoding=\"async\" alt=\"YouTube video\" width=\"480\" height=\"360\" data-pin-nopin=\"true\" nopin=\"nopin\" class=\"perfmatters-lazy\" src=\"https:\/\/www.europesays.com\/fi\/wp-content\/uploads\/2025\/10\/1760888768_485_hqdefault.jpg\"\/><\/p>\n<p><strong>Settilista:<\/strong><br \/>1.\u00a0Where I Reign<br \/>2.\u00a0Rage<br \/>3.\u00a0Trophies Of The Tyrant<br \/>4.\u00a0Residue<br \/>5.\u00a0Two Fists<br \/>6.\u00a0Idle Hands<br \/>7.\u00a0Repentless\u00a0(Slayer)<br \/>8.\u00a0Toxic<br \/>9.\u00a0Tension<br \/>10.\u00a0Everything I Hate About You<br \/>11.\u00a0Disciple\u00a0(Slayer)<br \/>12.\u00a0Purgatory\u00a0(Iron Maiden)<br \/>13.\u00a0Chemical Warfare\u00a0(Slayer)<br \/>14.\u00a0Crucifixation<br \/>15.\u00a0At Dawn They Sleep\u00a0(Slayer)<br \/>16.\u00a0Wicked World\u00a0(Black Sabbath)<br \/>17.\u00a0Shrapnel<br \/>18.\u00a0Raining Blood\u00a0(Slayer)<br \/>19.\u00a0Black Magic\u00a0(Slayer)<br \/>20.\u00a0From Hell I Rise<\/p>\n","protected":false},"excerpt":{"rendered":"Slayer-kitaristi Kerry King esiintyi soolona Japanin Osakassa torstai-iltana. Slayerin ja soolokappaleidensa lis\u00e4ksi mies yhtyeineen esitti kovan luokan covereita,&hellip;\n","protected":false},"author":2,"featured_media":66510,"comment_status":"","ping_status":"","sticky":false,"template":"","format":"standard","meta":{"footnotes":""},"categories":[132],"tags":[137,33,31,30,195,47,32,109],"class_list":{"0":"post-66509","1":"post","2":"type-post","3":"status-publish","4":"format-standard","5":"has-post-thumbnail","7":"category-musiikki","8":"tag-entertainment","9":"tag-fi","10":"tag-finland","11":"tag-finnish","12":"tag-music","13":"tag-musiikki","14":"tag-suomi","15":"tag-viihde"},"share_on_mastodon":{"url":"","error":""},"_links":{"self":[{"href":"https:\/\/www.europesays.com\/fi\/wp-json\/wp\/v2\/posts\/66509","targetHints":{"allow":["GET"]}}],"collection":[{"href":"https:\/\/www.europesays.com\/fi\/wp-json\/wp\/v2\/posts"}],"about":[{"href":"https:\/\/www.europesays.com\/fi\/wp-json\/wp\/v2\/types\/post"}],"author":[{"embeddable":true,"href":"https:\/\/www.europesays.com\/fi\/wp-json\/wp\/v2\/users\/2"}],"replies":[{"embeddable":true,"href":"https:\/\/www.europesays.com\/fi\/wp-json\/wp\/v2\/comments?post=66509"}],"version-history":[{"count":0,"href":"https:\/\/www.europesays.com\/fi\/wp-json\/wp\/v2\/posts\/66509\/revisions"}],"wp:featuredmedia":[{"embeddable":true,"href":"https:\/\/www.europesays.com\/fi\/wp-json\/wp\/v2\/media\/66510"}],"wp:attachment":[{"href":"https:\/\/www.europesays.com\/fi\/wp-json\/wp\/v2\/media?parent=66509"}],"wp:term":[{"taxonomy":"category","embeddable":true,"href":"https:\/\/www.europesays.com\/fi\/wp-json\/wp\/v2\/categories?post=66509"},{"taxonomy":"post_tag","embeddable":true,"href":"https:\/\/www.europesays.com\/fi\/wp-json\/wp\/v2\/tags?post=66509"}],"curies":[{"name":"wp","href":"https:\/\/api.w.org\/{rel}","templated":true}]}}