{"id":6656,"date":"2025-08-15T14:43:08","date_gmt":"2025-08-15T14:43:08","guid":{"rendered":"https:\/\/www.europesays.com\/fi\/6656\/"},"modified":"2025-08-15T14:43:08","modified_gmt":"2025-08-15T14:43:08","slug":"jarkko-tamminen-nautintojen-aarella-salakuva","status":"publish","type":"post","link":"https:\/\/www.europesays.com\/fi\/6656\/","title":{"rendered":"Jarkko Tamminen nautintojen \u00e4\u00e4rell\u00e4 \u2013 salakuva!"},"content":{"rendered":"<p class=\"article-content article-content-width !bg-background\">Imitaattorina tunnettu <a alt=\"Haku\" class=\"text-primary-red font-extrabold\" href=\"https:\/\/www.seiska.fi\/haku?q=Jarkko Tamminen\" rel=\"nofollow noopener\" target=\"_blank\">Jarkko Tamminen<\/a> bongattiin nauttimassa<br \/>\nkeskiviikko-illastaan (13.8.) Turun Samppalinnan kes\u00e4teatterissa. Jarkko saapui<br \/>\nkatsomaan <a alt=\"Haku\" class=\"text-primary-red font-extrabold\" href=\"https:\/\/www.seiska.fi\/haku?q=Niina Lahtisen\" rel=\"nofollow noopener\" target=\"_blank\">Niina Lahtisen<\/a> k\u00e4sikirjoittamaa Jegallonica! \u2013 Turun oma prinsessa -musikaalikomediaa ilman seuralaisia, Seiskalle kerrotaan.<\/p>\n<p class=\"article-content article-content-width !bg-background\">Mustaan lippikseen ja siniseen paitaan sonnustautunut<br \/>\nmestari-imitaattori yritti olla her\u00e4tt\u00e4m\u00e4tt\u00e4 liiaksi huomiota, mutta istui<br \/>\nkatsomossa hyvill\u00e4 mielin.<\/p>\n<p class=\"article-content article-content-width !bg-background\"> \u2013\u00a0Esitys her\u00e4tti tunteita ja siin\u00e4 sai nauraa. Jarkkokin<br \/>\nnautti esityksest\u00e4, Seiskalle hiiskutaan.<\/p>\n<p>                <img decoding=\"async\" src=\"https:\/\/www.europesays.com\/fi\/wp-content\/uploads\/2025\/08\/1900169.webp\" width=\"576\" height=\"274\" alt=\"Taukojen aikana Jarkon huomio kiinnittyi k\u00e4nnykk\u00e4\u00e4n.\" loading=\"lazy\" \/>            <\/p>\n<p>\n            Taukojen aikana Jarkon huomio kiinnittyi k\u00e4nnykk\u00e4\u00e4n.<br \/>\n            Lukijan kuva \/ Seiska\n        <\/p>\n<p>Huumori puhuttelee<\/p>\n<p class=\"article-content article-content-width !bg-background\">Jarkon huumori puhuttelee vinkkariamme. Erityisesti<br \/>\ntietynlainen yksinkertaisuus iskee.<\/p>\n<p class=\"article-content article-content-width !bg-background\"> \u2013\u00a0H\u00e4nen imitaationsa ovat hauskoja, ja vaikka<br \/>\nsiell\u00e4 on vanhojakin vitsej\u00e4, ne on tuotu hyvin t\u00e4h\u00e4n p\u00e4iv\u00e4\u00e4n. Ja h\u00e4n on<br \/>\nmuutenkin hauskan oloinen tyyppi!<\/p>\n<p class=\"article-content article-content-width !bg-background\">Suosikit Jarkon imitaatio-repertuaarista on helppo nimet\u00e4.<\/p>\n<p class=\"article-content article-content-width !bg-background\"> \u2013 Tykk\u00e4\u00e4n h\u00e4nen <a alt=\"Haku\" class=\"text-primary-red font-extrabold\" href=\"https:\/\/www.seiska.fi\/haku?q=Andy McCoy\" rel=\"nofollow noopener\" target=\"_blank\">Andy McCoy<\/a>, <a alt=\"Haku\" class=\"text-primary-red font-extrabold\" href=\"https:\/\/www.seiska.fi\/haku?q=Kape&#010;Aihinen\" rel=\"nofollow noopener\" target=\"_blank\">Kape<br \/>\nAihinen<\/a> ja <a alt=\"Haku\" class=\"text-primary-red font-extrabold\" href=\"https:\/\/www.seiska.fi\/haku?q=Tami Tamminen\" rel=\"nofollow noopener\" target=\"_blank\">Tami Tamminen<\/a> -hahmoistaan.<\/p>\n<p class=\"article-content article-content-width !bg-background\">Jarkko pystyy muuntautumaan lavalla vaikka keneksi. Edell\u00e4 mainittujen lis\u00e4ksi h\u00e4nelt\u00e4<br \/>\nluonnistuu niin <a alt=\"Haku\" class=\"text-primary-red font-extrabold\" href=\"https:\/\/www.seiska.fi\/haku?q=Jorma Uotisen\" rel=\"nofollow noopener\" target=\"_blank\">Jorma Uotisen<\/a>, <a alt=\"Haku\" class=\"text-primary-red font-extrabold\" href=\"https:\/\/www.seiska.fi\/haku?q=Paula Koivuniemen\" rel=\"nofollow noopener\" target=\"_blank\">Paula Koivuniemen<\/a>\u00a0kuin esimerkiksi <a alt=\"Haku\" class=\"text-primary-red font-extrabold\" href=\"https:\/\/www.seiska.fi\/haku?q=Donald&#010;Trumpinkin\u00a0&lt;span data-lab-font_weight=\" font-weight-normal=\"\" rel=\"nofollow noopener\" target=\"_blank\">esitt\u00e4minen.&#8221;&gt;Donald<br \/>\nTrumpinkin\u00a0esitt\u00e4minen.<\/a><\/p>\n","protected":false},"excerpt":{"rendered":"Imitaattorina tunnettu Jarkko Tamminen bongattiin nauttimassa keskiviikko-illastaan (13.8.) Turun Samppalinnan kes\u00e4teatterissa. Jarkko saapui katsomaan Niina Lahtisen k\u00e4sikirjoittamaa Jegallonica!&hellip;\n","protected":false},"author":2,"featured_media":6657,"comment_status":"","ping_status":"","sticky":false,"template":"","format":"standard","meta":{"footnotes":""},"categories":[136],"tags":[407,137,33,31,30,3670,3671,3672,408,3669,32,3673,109],"class_list":{"0":"post-6656","1":"post","2":"type-post","3":"status-publish","4":"format-standard","5":"has-post-thumbnail","7":"category-julkkikset","8":"tag-celebrities","9":"tag-entertainment","10":"tag-fi","11":"tag-finland","12":"tag-finnish","13":"tag-imitaattori","14":"tag-jarkko-tamminen","15":"tag-jegallonica-turun-oma-prinsessa","16":"tag-julkkikset","17":"tag-niina-lahtinen","18":"tag-suomi","19":"tag-turun-samppalinnan-kesateatteri","20":"tag-viihde"},"share_on_mastodon":{"url":"","error":""},"_links":{"self":[{"href":"https:\/\/www.europesays.com\/fi\/wp-json\/wp\/v2\/posts\/6656","targetHints":{"allow":["GET"]}}],"collection":[{"href":"https:\/\/www.europesays.com\/fi\/wp-json\/wp\/v2\/posts"}],"about":[{"href":"https:\/\/www.europesays.com\/fi\/wp-json\/wp\/v2\/types\/post"}],"author":[{"embeddable":true,"href":"https:\/\/www.europesays.com\/fi\/wp-json\/wp\/v2\/users\/2"}],"replies":[{"embeddable":true,"href":"https:\/\/www.europesays.com\/fi\/wp-json\/wp\/v2\/comments?post=6656"}],"version-history":[{"count":0,"href":"https:\/\/www.europesays.com\/fi\/wp-json\/wp\/v2\/posts\/6656\/revisions"}],"wp:featuredmedia":[{"embeddable":true,"href":"https:\/\/www.europesays.com\/fi\/wp-json\/wp\/v2\/media\/6657"}],"wp:attachment":[{"href":"https:\/\/www.europesays.com\/fi\/wp-json\/wp\/v2\/media?parent=6656"}],"wp:term":[{"taxonomy":"category","embeddable":true,"href":"https:\/\/www.europesays.com\/fi\/wp-json\/wp\/v2\/categories?post=6656"},{"taxonomy":"post_tag","embeddable":true,"href":"https:\/\/www.europesays.com\/fi\/wp-json\/wp\/v2\/tags?post=6656"}],"curies":[{"name":"wp","href":"https:\/\/api.w.org\/{rel}","templated":true}]}}