{"id":66563,"date":"2025-10-19T17:00:09","date_gmt":"2025-10-19T17:00:09","guid":{"rendered":"https:\/\/www.europesays.com\/fi\/66563\/"},"modified":"2025-10-19T17:00:09","modified_gmt":"2025-10-19T17:00:09","slug":"mikko-parikka-sai-neljannen-lapsensa-yksi-asia-on-nyt-toisin","status":"publish","type":"post","link":"https:\/\/www.europesays.com\/fi\/66563\/","title":{"rendered":"Mikko Parikka sai nelj\u00e4nnen lapsensa \u2013 Yksi asia on nyt toisin"},"content":{"rendered":"<p>Mikko Parikka kertoo vauva-arjestaan.<\/p>\n<p><img decoding=\"async\" class=\"image image-show image-preview\" src=\"https:\/\/www.europesays.com\/fi\/wp-content\/uploads\/2025\/10\/d2b938048314dd51805f0d100def2f4acf5cad8e7d0cfbb56811779f32512f54.jpg\" alt=\"\"\/><img decoding=\"async\" class=\"image image-show\" src=\"https:\/\/www.europesays.com\/fi\/wp-content\/uploads\/2025\/10\/1760893209_285_d2b938048314dd51805f0d100def2f4acf5cad8e7d0cfbb56811779f32512f54.jpg\" alt=\"\"\/><\/p>\n<p>Mikko Parikka on t\u00e4t\u00e4 nyky\u00e4 nelj\u00e4n lapsen is\u00e4. MATTI MATIKAINEN<\/p>\n<p class=\"paragraph\">N\u00e4yttelij\u00e4 <a href=\"https:\/\/www.iltalehti.fi\/henkilot\/Mikko Parikka\" class=\"article-link-person-page\" rel=\"nofollow noopener\" target=\"_blank\">Mikko Parikka<\/a> kertoo Iltalehdelle kuulumisiaan tuoreen perheenlis\u00e4yksens\u00e4 my\u00f6t\u00e4. Sunnuntain Tanssii t\u00e4htien kanssa -l\u00e4hetyst\u00e4 seuraamaan saapunut Parikka sai vaimonsa, somevaikuttaja <strong>Sara Parikan<\/strong> kanssa hiljattain nelj\u00e4nnen lapsensa.<\/p>\n<p class=\"paragraph\">\u2013 Ollut todella ihanaa n\u00e4m\u00e4 ensimm\u00e4iset viikot, Parikka sanoo vauva-arjestaan Iltalehden haastattelussa.<\/p>\n<p class=\"paragraph\">Muutos kolmen lapsen perheest\u00e4 nelj\u00e4n lapsen perheeksi ei Parikan mukaan ole ollut suuri.<\/p>\n<p class=\"paragraph\">\u2013 Meill\u00e4 oli niin hirve\u00e4\u00e4 sekoilua muutenkin, ett\u00e4 menee samaan konkurssiin, Parikka nauraa.<\/p>\n<p class=\"paragraph\">Parikoilla on entuudestaan 11-, 9- ja 5-vuotiaat tytt\u00e4ret. Poikavauva syntyi aiemmin t\u00e4n\u00e4 syksyn\u00e4.<\/p>\n<p class=\"paragraph\">Yhden muutoksen Parikka on aiempien lastensa syntym\u00e4\u00e4n verrattuna huomannut. Kaksi ensimm\u00e4ist\u00e4 lasta syntyi niin pienell\u00e4 ik\u00e4erolla, ett\u00e4 kahdella vanhemmalla oli k\u00e4det t\u00e4ynn\u00e4 kahden pienen lapsen kanssa. Nyt vauvalla on kotona jopa viisi innokasta hoitajaa.<\/p>\n<p class=\"paragraph\">\u2013 Meill\u00e4 on enemm\u00e4nkin tappelua siit\u00e4, ett\u00e4 kuka saa pit\u00e4\u00e4 vauvaa syliss\u00e4, Parikka kuvailee.<\/p>\n<p>Mikko Parikan puoliso on somevaikuttaja ja n\u00e4yttelij\u00e4 Sara Parikka. Tomi Natri<\/p>\n<p class=\"paragraph\">Parikka kertoo voivansa itsekin hyvin kiireisen vauva- ja ty\u00f6arjen keskell\u00e4. El\u00e4m\u00e4 uunituoreen vauvan kanssa on jo aiemmilta kierroksilta tuttua puuhaa.<\/p>\n<p class=\"paragraph\">Salatuissa el\u00e4miss\u00e4 t\u00e4ll\u00e4 hetkell\u00e4 n\u00e4ht\u00e4v\u00e4 Parikka kertoo, ett\u00e4 joustavan ty\u00f6arjen ansiosta h\u00e4nell\u00e4 on mahdollisuus viett\u00e4\u00e4 paljon aikaa my\u00f6s kotona.<\/p>\n<p class=\"paragraph\">\u2013 On ollut vain tosi kivaa. Olemme todella onnellisia, Parikka sanoo.<\/p>\n","protected":false},"excerpt":{"rendered":"Mikko Parikka kertoo vauva-arjestaan. Mikko Parikka on t\u00e4t\u00e4 nyky\u00e4 nelj\u00e4n lapsen is\u00e4. MATTI MATIKAINEN N\u00e4yttelij\u00e4 Mikko Parikka kertoo&hellip;\n","protected":false},"author":2,"featured_media":66564,"comment_status":"","ping_status":"","sticky":false,"template":"","format":"standard","meta":{"footnotes":""},"categories":[136],"tags":[35,407,137,33,31,30,408,99,98,1999,32,140,139,109],"class_list":{"0":"post-66563","1":"post","2":"type-post","3":"status-publish","4":"format-standard","5":"has-post-thumbnail","7":"category-julkkikset","8":"tag-24h","9":"tag-celebrities","10":"tag-entertainment","11":"tag-fi","12":"tag-finland","13":"tag-finnish","14":"tag-julkkikset","15":"tag-lapset","16":"tag-perhe","17":"tag-suomalaiset-tv-ohjelmat","18":"tag-suomi","19":"tag-tv-ja-elokuvat","20":"tag-tv-ohjelmat","21":"tag-viihde"},"share_on_mastodon":{"url":"","error":""},"_links":{"self":[{"href":"https:\/\/www.europesays.com\/fi\/wp-json\/wp\/v2\/posts\/66563","targetHints":{"allow":["GET"]}}],"collection":[{"href":"https:\/\/www.europesays.com\/fi\/wp-json\/wp\/v2\/posts"}],"about":[{"href":"https:\/\/www.europesays.com\/fi\/wp-json\/wp\/v2\/types\/post"}],"author":[{"embeddable":true,"href":"https:\/\/www.europesays.com\/fi\/wp-json\/wp\/v2\/users\/2"}],"replies":[{"embeddable":true,"href":"https:\/\/www.europesays.com\/fi\/wp-json\/wp\/v2\/comments?post=66563"}],"version-history":[{"count":0,"href":"https:\/\/www.europesays.com\/fi\/wp-json\/wp\/v2\/posts\/66563\/revisions"}],"wp:featuredmedia":[{"embeddable":true,"href":"https:\/\/www.europesays.com\/fi\/wp-json\/wp\/v2\/media\/66564"}],"wp:attachment":[{"href":"https:\/\/www.europesays.com\/fi\/wp-json\/wp\/v2\/media?parent=66563"}],"wp:term":[{"taxonomy":"category","embeddable":true,"href":"https:\/\/www.europesays.com\/fi\/wp-json\/wp\/v2\/categories?post=66563"},{"taxonomy":"post_tag","embeddable":true,"href":"https:\/\/www.europesays.com\/fi\/wp-json\/wp\/v2\/tags?post=66563"}],"curies":[{"name":"wp","href":"https:\/\/api.w.org\/{rel}","templated":true}]}}