{"id":66578,"date":"2025-10-19T17:26:08","date_gmt":"2025-10-19T17:26:08","guid":{"rendered":"https:\/\/www.europesays.com\/fi\/66578\/"},"modified":"2025-10-19T17:26:08","modified_gmt":"2025-10-19T17:26:08","slug":"ttk-tanssija-saapui-lahetykseen-tunnistamattomana","status":"publish","type":"post","link":"https:\/\/www.europesays.com\/fi\/66578\/","title":{"rendered":"TTK-tanssija saapui l\u00e4hetykseen tunnistamattomana"},"content":{"rendered":"<p>Kastanja Rauhala muutti tyyli\u00e4\u00e4n.<\/p>\n<p><img decoding=\"async\" class=\"image image-show image-preview\" src=\"https:\/\/www.europesays.com\/fi\/wp-content\/uploads\/2025\/10\/217e8e58d6925bbd10e594418f0b1417c99e13d0d4040b29419ee2431a5246c7.jpg\" alt=\"\"\/><img decoding=\"async\" class=\"image image-show\" src=\"https:\/\/www.europesays.com\/fi\/wp-content\/uploads\/2025\/10\/1760894768_246_217e8e58d6925bbd10e594418f0b1417c99e13d0d4040b29419ee2431a5246c7.jpg\" alt=\"\"\/><\/p>\n<p>Kastanja Rauhala esitteli uutta tyyli\u00e4\u00e4n TTK-l\u00e4hetyksess\u00e4. MATTI MATIKAINEN<\/p>\n<p class=\"paragraph\">Tanssii t\u00e4htien kanssa -ohjelmassa kilpaileva tanssija <strong>Kastanja Rauhala<\/strong> on muuttanut tyyli\u00e4\u00e4n.<\/p>\n<p class=\"paragraph\">Aiemmin vaaleaverikk\u00f6n\u00e4 n\u00e4hty Rauhala saapui sunnuntain suoraan l\u00e4hetykseen mustissa hiuksissa. Rauhala esitteli tummaa poninh\u00e4nt\u00e4\u00e4ns\u00e4 kameroille l\u00e4hetyksen alussa.<\/p>\n<p class=\"paragraph\">Rauhala tanssii t\u00e4ll\u00e4 kaudella tubettaja <strong>Eric \u201dLakko\u201d Savolaisen<\/strong> parina. Tanssiparilta n\u00e4hd\u00e4\u00e4n t\u00e4m\u00e4n illan suorassa l\u00e4hetyksess\u00e4 jive.<\/p>\n<p>Tanssijan vaaleat hiukset ovat muuttuneet tummiksi. MATTI MATIKAINEN<\/p>\n<p class=\"paragraph\">TTK-kaudella on mukana viel\u00e4 seitsem\u00e4n parasta paria. Sunnuntain l\u00e4hetyksess\u00e4 kilpailijat muistelevat t\u00e4ysi-ik\u00e4istymisens\u00e4 aikaa.<\/p>\n<p class=\"paragraph\">Savolaisen ja Rauhalan lis\u00e4ksi l\u00e4hetyksess\u00e4 kilpailevat <strong>Kristiina M\u00e4kel\u00e4<\/strong> ja <strong>Sami Helenius<\/strong>, <strong>Paulus Arajuuri<\/strong> ja <strong>Liisa Set\u00e4l\u00e4<\/strong>, <strong>Pippa Laukka<\/strong> ja <strong>Marko Ker\u00e4nen<\/strong>, <strong>Johannes Holopainen<\/strong> ja <strong>Katri Riihilahti<\/strong>, <strong>Minna Kuukka<\/strong> ja <strong>Mikko Ahti<\/strong> sek\u00e4 <strong>Marko Anttila<\/strong> ja <strong>Kia Lehmuskoski<\/strong>.<\/p>\n<p>Viime viikon jaksossa Kastanja Rauhala n\u00e4htiin viel\u00e4 vaaleissa hiuksissa. Atte Kajova<\/p>\n<p class=\"paragraph\">Tanssii t\u00e4htien kanssa sunnuntaisin MTV3:lla kello 19.30 &amp; Katsomossa. <a href=\"https:\/\/www.iltalehti.fi\/telkku\" rel=\"nofollow noopener\" target=\"_blank\">Katso kaikki TV-ohjelmat ja l\u00e4hetysajat Telkun TV-oppaasta<\/a>.<\/p>\n","protected":false},"excerpt":{"rendered":"Kastanja Rauhala muutti tyyli\u00e4\u00e4n. Kastanja Rauhala esitteli uutta tyyli\u00e4\u00e4n TTK-l\u00e4hetyksess\u00e4. MATTI MATIKAINEN Tanssii t\u00e4htien kanssa -ohjelmassa kilpaileva tanssija&hellip;\n","protected":false},"author":2,"featured_media":66579,"comment_status":"","ping_status":"","sticky":false,"template":"","format":"standard","meta":{"footnotes":""},"categories":[136],"tags":[35,407,137,33,31,30,408,979,1999,32,2140,140,139,109],"class_list":{"0":"post-66578","1":"post","2":"type-post","3":"status-publish","4":"format-standard","5":"has-post-thumbnail","7":"category-julkkikset","8":"tag-24h","9":"tag-celebrities","10":"tag-entertainment","11":"tag-fi","12":"tag-finland","13":"tag-finnish","14":"tag-julkkikset","15":"tag-sahkoinen-media","16":"tag-suomalaiset-tv-ohjelmat","17":"tag-suomi","18":"tag-tosi-tv-ohjelmat","19":"tag-tv-ja-elokuvat","20":"tag-tv-ohjelmat","21":"tag-viihde"},"share_on_mastodon":{"url":"","error":""},"_links":{"self":[{"href":"https:\/\/www.europesays.com\/fi\/wp-json\/wp\/v2\/posts\/66578","targetHints":{"allow":["GET"]}}],"collection":[{"href":"https:\/\/www.europesays.com\/fi\/wp-json\/wp\/v2\/posts"}],"about":[{"href":"https:\/\/www.europesays.com\/fi\/wp-json\/wp\/v2\/types\/post"}],"author":[{"embeddable":true,"href":"https:\/\/www.europesays.com\/fi\/wp-json\/wp\/v2\/users\/2"}],"replies":[{"embeddable":true,"href":"https:\/\/www.europesays.com\/fi\/wp-json\/wp\/v2\/comments?post=66578"}],"version-history":[{"count":0,"href":"https:\/\/www.europesays.com\/fi\/wp-json\/wp\/v2\/posts\/66578\/revisions"}],"wp:featuredmedia":[{"embeddable":true,"href":"https:\/\/www.europesays.com\/fi\/wp-json\/wp\/v2\/media\/66579"}],"wp:attachment":[{"href":"https:\/\/www.europesays.com\/fi\/wp-json\/wp\/v2\/media?parent=66578"}],"wp:term":[{"taxonomy":"category","embeddable":true,"href":"https:\/\/www.europesays.com\/fi\/wp-json\/wp\/v2\/categories?post=66578"},{"taxonomy":"post_tag","embeddable":true,"href":"https:\/\/www.europesays.com\/fi\/wp-json\/wp\/v2\/tags?post=66578"}],"curies":[{"name":"wp","href":"https:\/\/api.w.org\/{rel}","templated":true}]}}