{"id":66584,"date":"2025-10-19T17:29:08","date_gmt":"2025-10-19T17:29:08","guid":{"rendered":"https:\/\/www.europesays.com\/fi\/66584\/"},"modified":"2025-10-19T17:29:08","modified_gmt":"2025-10-19T17:29:08","slug":"talta-naytti-tanssii-tahtien-kanssa-ohjelman-punaisella-matolla","status":"publish","type":"post","link":"https:\/\/www.europesays.com\/fi\/66584\/","title":{"rendered":"T\u00e4lt\u00e4 n\u00e4ytti Tanssii T\u00e4htien Kanssa -ohjelman punaisella matolla"},"content":{"rendered":"<p><strong class=\"typography-bold\">Katso, milt\u00e4 n\u00e4ytti Tanssii T\u00e4htien Kanssa -l\u00e4hetyksen etkoilla ja punaisella matolla.<\/strong><\/p>\n<p><a class=\"underline\" data-testid=\"external-link\" href=\"https:\/\/www.mtvuutiset.fi\/aihe\/tanssii-tahtien-kanssa\/2839810\" rel=\"noopener noreferrer nofollow\" data-sentry-component=\"ExternalLink\" data-sentry-source-file=\"ExternalLink.tsx\" target=\"_blank\">Tanssii T\u00e4htien Kanssa<\/a>\u00a0-kauden jaksossa sunnuntaina 19.10. sarja juhlii 18. kauttaan ja my\u00f6s t\u00e4htiparit tekev\u00e4t aikahypyn siihen hetkeen, kun he saavuttivat aikuisuuden rajapyykin.<\/p>\n<p><strong class=\"typography-bold\">MTV Uutiset oli paikan p\u00e4\u00e4ll\u00e4 haastattelemassa kutsuvieraita punaisella matolla ennen l\u00e4hetyksen alkua.<\/strong><\/p>\n<p>Yll\u00e4 olevalta videolta p\u00e4\u00e4set katsomaan, kuinka kutsuvieraat saapuivat TTK-studiolle sek\u00e4 n\u00e4kem\u00e4\u00e4n t\u00e4htihaastatteluja. Paikalla oli tuttuja t\u00e4hti\u00e4 muun muassa Salatut el\u00e4m\u00e4t -sarjasta sek\u00e4 Ensitreffit alttarilla -ohjelmasta.\u00a0<\/p>\n<p>T\u00e4htioppilaina n\u00e4hd\u00e4\u00e4n <a class=\"underline\" data-testid=\"external-link\" href=\"https:\/\/www.mtvuutiset.fi\/aihe\/johannes-holopainen\/8712216\" rel=\"noopener noreferrer nofollow\" data-sentry-component=\"ExternalLink\" data-sentry-source-file=\"ExternalLink.tsx\" target=\"_blank\"><strong class=\"typography-bold\">Johannes Holopainen,<\/strong><\/a> <a class=\"underline\" data-testid=\"external-link\" href=\"https:\/\/www.mtvuutiset.fi\/aihe\/kristiina-makela\/7079458\" rel=\"noopener noreferrer nofollow\" data-sentry-component=\"ExternalLink\" data-sentry-source-file=\"ExternalLink.tsx\" target=\"_blank\"><strong class=\"typography-bold\">Kristiina M\u00e4kel\u00e4<\/strong><\/a>,\u00a0<a class=\"underline\" data-testid=\"internal-link\" role=\"link\" data-sentry-element=\"Link\" data-sentry-component=\"InternalLink\" data-sentry-source-file=\"InternalLink.tsx\" href=\"https:\/\/www.mtvuutiset.fi\/aihe\/eric-lakko-savolainen\/9222936\" rel=\"nofollow noopener\" target=\"_blank\"><strong class=\"typography-bold\">Eric \u201dLakko\u201d Savolainen<\/strong><\/a><strong class=\"typography-bold\">, <\/strong><a class=\"underline\" data-testid=\"external-link\" href=\"https:\/\/www.mtvuutiset.fi\/aihe\/minna-kuukka\/7144284\" rel=\"noopener noreferrer nofollow\" data-sentry-component=\"ExternalLink\" data-sentry-source-file=\"ExternalLink.tsx\" target=\"_blank\"><strong class=\"typography-bold\">Minna Kuukka<\/strong><\/a>, <a class=\"underline\" data-testid=\"external-link\" href=\"https:\/\/www.mtvuutiset.fi\/aihe\/marko-anttila\/7425584\" rel=\"noopener noreferrer nofollow\" data-sentry-component=\"ExternalLink\" data-sentry-source-file=\"ExternalLink.tsx\" target=\"_blank\"><strong class=\"typography-bold\">Marko &#8221;M\u00f6rk\u00f6&#8221; Anttila<\/strong><\/a>,\u00a0<a class=\"underline\" data-testid=\"external-link\" href=\"https:\/\/www.mtvuutiset.fi\/aihe\/paulus-arajuuri\/7647134\" rel=\"noopener noreferrer nofollow\" data-sentry-component=\"ExternalLink\" data-sentry-source-file=\"ExternalLink.tsx\" target=\"_blank\"><strong class=\"typography-bold\">Paulus Arajuuri<\/strong><\/a> ja <a class=\"underline\" data-testid=\"external-link\" href=\"https:\/\/www.mtvuutiset.fi\/aihe\/pippa-laukka\/7128858\" rel=\"noopener noreferrer nofollow\" data-sentry-component=\"ExternalLink\" data-sentry-source-file=\"ExternalLink.tsx\" target=\"_blank\"><strong class=\"typography-bold\">Pippa Laukka<\/strong><\/a>.<\/p>\n<p>Ohjelman juontajina loistavat tuttuun tapaan <strong class=\"typography-bold\">Vappu Pimi\u00e4<\/strong> ja <strong class=\"typography-bold\">Ernest Lawson<\/strong>.\u00a0<\/p>\n<p><strong class=\"typography-bold\">Tanssii T\u00e4htien Kanssa klo 19.30 <\/strong><a class=\"underline\" data-testid=\"external-link\" href=\"https:\/\/www.mtv.fi\/ohjelma\/5d872b916e7968c4206a\/tanssii-tahtien-kanssa\" rel=\"noopener noreferrer nofollow\" data-sentry-component=\"ExternalLink\" data-sentry-source-file=\"ExternalLink.tsx\" target=\"_blank\"><strong class=\"typography-bold\">MTV Katsomossa<\/strong><\/a><strong class=\"typography-bold\"> ja MTV3-kanavalla!<\/strong><\/p>\n","protected":false},"excerpt":{"rendered":"Katso, milt\u00e4 n\u00e4ytti Tanssii T\u00e4htien Kanssa -l\u00e4hetyksen etkoilla ja punaisella matolla. Tanssii T\u00e4htien Kanssa\u00a0-kauden jaksossa sunnuntaina 19.10. sarja&hellip;\n","protected":false},"author":2,"featured_media":60066,"comment_status":"","ping_status":"","sticky":false,"template":"","format":"standard","meta":{"footnotes":""},"categories":[133],"tags":[137,33,31,30,32,206,156,109],"class_list":{"0":"post-66584","1":"post","2":"type-post","3":"status-publish","4":"format-standard","5":"has-post-thumbnail","7":"category-televisiot","8":"tag-entertainment","9":"tag-fi","10":"tag-finland","11":"tag-finnish","12":"tag-suomi","13":"tag-televisiot","14":"tag-tv","15":"tag-viihde"},"share_on_mastodon":{"url":"","error":""},"_links":{"self":[{"href":"https:\/\/www.europesays.com\/fi\/wp-json\/wp\/v2\/posts\/66584","targetHints":{"allow":["GET"]}}],"collection":[{"href":"https:\/\/www.europesays.com\/fi\/wp-json\/wp\/v2\/posts"}],"about":[{"href":"https:\/\/www.europesays.com\/fi\/wp-json\/wp\/v2\/types\/post"}],"author":[{"embeddable":true,"href":"https:\/\/www.europesays.com\/fi\/wp-json\/wp\/v2\/users\/2"}],"replies":[{"embeddable":true,"href":"https:\/\/www.europesays.com\/fi\/wp-json\/wp\/v2\/comments?post=66584"}],"version-history":[{"count":0,"href":"https:\/\/www.europesays.com\/fi\/wp-json\/wp\/v2\/posts\/66584\/revisions"}],"wp:featuredmedia":[{"embeddable":true,"href":"https:\/\/www.europesays.com\/fi\/wp-json\/wp\/v2\/media\/60066"}],"wp:attachment":[{"href":"https:\/\/www.europesays.com\/fi\/wp-json\/wp\/v2\/media?parent=66584"}],"wp:term":[{"taxonomy":"category","embeddable":true,"href":"https:\/\/www.europesays.com\/fi\/wp-json\/wp\/v2\/categories?post=66584"},{"taxonomy":"post_tag","embeddable":true,"href":"https:\/\/www.europesays.com\/fi\/wp-json\/wp\/v2\/tags?post=66584"}],"curies":[{"name":"wp","href":"https:\/\/api.w.org\/{rel}","templated":true}]}}