{"id":66585,"date":"2025-10-19T17:31:08","date_gmt":"2025-10-19T17:31:08","guid":{"rendered":"https:\/\/www.europesays.com\/fi\/66585\/"},"modified":"2025-10-19T17:31:08","modified_gmt":"2025-10-19T17:31:08","slug":"kauhun-momentum-jatkuu-black-phone-2-avasi-loistavalla-tuloksella","status":"publish","type":"post","link":"https:\/\/www.europesays.com\/fi\/66585\/","title":{"rendered":"Kauhun momentum jatkuu &#8211; Black Phone 2 avasi loistavalla tuloksella"},"content":{"rendered":"<p>Black Phone 2:n arvioidaan tekev\u00e4n viikonlopun aikana Yhdysvalloissa yli 24 miljoonan dollarin avaustuloksen.<\/p>\n<p><strong>Scott Derricksonin <\/strong>ohjaama kauhujatko-osa tuotti perjantaina 10,7 miljoonaa dollaria 3\u202f411 teatterissa ja lauantaikin n\u00e4ytt\u00e4\u00e4 hyv\u00e4lt\u00e4. Arvioitu viikontuotto on n. 24,4 miljoonaa dollaria.<\/p>\n<p>The Black Phone (2021) avasi jenkeiss\u00e4 23,6 miljoonalla. Globaalisti elokuva tuotti 161,4 miljoonaa dollaria, joka on kauhuelokuvalle loistava tulos. Kakkososa on viel\u00e4kin kovemmassa vauhdissa.<\/p>\n<p>Lue my\u00f6s: <a href=\"https:\/\/www.episodi.fi\/uutiset\/tanaan-ensi-iltansa-saavan-black-phone-2-elokuvan-ohjaaja-inspiraationa-toimi-oma-lapsuuteni\/\" title=\"T\u00e4n\u00e4\u00e4n ensi-iltansa saavan Black Phone 2 -elokuvan ohjaaja: \u201dInspiraationa toimi oma lapsuuteni\u201d\" class=\"underline-custom !font-montserrat !font-bold !underline-offset-4 !decoration-4 !decoration-episodi-blue !text-md\" rel=\"nofollow noopener\" target=\"_blank\">T\u00e4n\u00e4\u00e4n ensi-iltansa saavan Black Phone 2 -elokuvan ohjaaja: \u201dInspiraationa toimi oma lapsuuteni\u201d<\/a><\/p>\n<p>Lue my\u00f6s: <a href=\"https:\/\/www.episodi.fi\/uutiset\/black-phone-2-on-nahty-kriitikot-pitavat-alkuperaista-parempana\/\" title=\"Black Phone 2 on n\u00e4hty \u2013 Kriitikot pit\u00e4v\u00e4t alkuper\u00e4ist\u00e4 parempana\" class=\"underline-custom !font-montserrat !font-bold !underline-offset-4 !decoration-4 !decoration-episodi-blue !text-md\" rel=\"nofollow noopener\" target=\"_blank\">Black Phone 2 on n\u00e4hty \u2013 Kriitikot pit\u00e4v\u00e4t alkuper\u00e4ist\u00e4 parempana<\/a><\/p>\n<p>Black Phonet tuottanut Blumhouse ei ole ylt\u00e4nyt 40 miljoonan dollarin jenkkituottoihin tai 100 miljoonan globaaliin tulokseen sitten vuoden 2023 Five Nights at Freddy\u2019s -hittielokuvan. Viime kes\u00e4n M3GAN 2.0 j\u00e4i tavoitteista.<\/p>\n<p>Black Phone 2:n budjetti on n. 30 miljoonaa dollaria ja se jatkaa kuluvan vuoden kauhuelokuvien momentumia.<\/p>\n<p>Sinners, Weapons, Kirottu 4: Viimeiset riitit ja Final Destination: Bloodlines ovat tehneet kovaa tili\u00e4, etenkin budjetteihin n\u00e4hden.<\/p>\n<p><strong>Ethan Hawken<\/strong> t\u00e4hditt\u00e4m\u00e4 Black Phone 2 sai Suomen ensi-iltansa perjantaina 17.10.<\/p>\n<p>L\u00e4hde: <a href=\"https:\/\/www.thewrap.com\/black-phone-2-saturday-box-office\/\" rel=\"nofollow noopener\" target=\"_blank\">The Wrap<\/a><\/p>\n","protected":false},"excerpt":{"rendered":"Black Phone 2:n arvioidaan tekev\u00e4n viikonlopun aikana Yhdysvalloissa yli 24 miljoonan dollarin avaustuloksen. Scott Derricksonin ohjaama kauhujatko-osa tuotti&hellip;\n","protected":false},"author":2,"featured_media":42949,"comment_status":"","ping_status":"","sticky":false,"template":"","format":"standard","meta":{"footnotes":""},"categories":[131],"tags":[155,137,33,173,31,30,172,32,11288,109],"class_list":{"0":"post-66585","1":"post","2":"type-post","3":"status-publish","4":"format-standard","5":"has-post-thumbnail","7":"category-elokuvat","8":"tag-elokuvat","9":"tag-entertainment","10":"tag-fi","11":"tag-film","12":"tag-finland","13":"tag-finnish","14":"tag-movies","15":"tag-suomi","16":"tag-the-black-phone-2","17":"tag-viihde"},"share_on_mastodon":{"url":"","error":""},"_links":{"self":[{"href":"https:\/\/www.europesays.com\/fi\/wp-json\/wp\/v2\/posts\/66585","targetHints":{"allow":["GET"]}}],"collection":[{"href":"https:\/\/www.europesays.com\/fi\/wp-json\/wp\/v2\/posts"}],"about":[{"href":"https:\/\/www.europesays.com\/fi\/wp-json\/wp\/v2\/types\/post"}],"author":[{"embeddable":true,"href":"https:\/\/www.europesays.com\/fi\/wp-json\/wp\/v2\/users\/2"}],"replies":[{"embeddable":true,"href":"https:\/\/www.europesays.com\/fi\/wp-json\/wp\/v2\/comments?post=66585"}],"version-history":[{"count":0,"href":"https:\/\/www.europesays.com\/fi\/wp-json\/wp\/v2\/posts\/66585\/revisions"}],"wp:featuredmedia":[{"embeddable":true,"href":"https:\/\/www.europesays.com\/fi\/wp-json\/wp\/v2\/media\/42949"}],"wp:attachment":[{"href":"https:\/\/www.europesays.com\/fi\/wp-json\/wp\/v2\/media?parent=66585"}],"wp:term":[{"taxonomy":"category","embeddable":true,"href":"https:\/\/www.europesays.com\/fi\/wp-json\/wp\/v2\/categories?post=66585"},{"taxonomy":"post_tag","embeddable":true,"href":"https:\/\/www.europesays.com\/fi\/wp-json\/wp\/v2\/tags?post=66585"}],"curies":[{"name":"wp","href":"https:\/\/api.w.org\/{rel}","templated":true}]}}