{"id":66594,"date":"2025-10-19T17:40:10","date_gmt":"2025-10-19T17:40:10","guid":{"rendered":"https:\/\/www.europesays.com\/fi\/66594\/"},"modified":"2025-10-19T17:40:10","modified_gmt":"2025-10-19T17:40:10","slug":"roihahtaako-gazan-sota-taas-nain-arvioi-asiantuntija","status":"publish","type":"post","link":"https:\/\/www.europesays.com\/fi\/66594\/","title":{"rendered":"Roihahtaako Gazan sota taas? N\u00e4in arvioi asiantuntija"},"content":{"rendered":"<p>Asiantuntijan mukaan paljon riippuu siit\u00e4, onko Trumpin hallinto valmis rajoittamaan Israelin toimia. <\/p>\n<p><img decoding=\"async\" class=\"image image-show image-preview\" src=\"https:\/\/www.europesays.com\/fi\/wp-content\/uploads\/2025\/10\/1fe1517f36ee4edfd5cdc69ba01db2889909b8db4eeb628372f68e0b455892c2.jpg\" alt=\"\"\/><img decoding=\"async\" class=\"image image-show\" src=\"https:\/\/www.europesays.com\/fi\/wp-content\/uploads\/2025\/10\/1760895610_376_1fe1517f36ee4edfd5cdc69ba01db2889909b8db4eeb628372f68e0b455892c2.jpg\" alt=\"\"\/><\/p>\n<p>Netanjahu vieraili Valkoisessa talossa syyskuun lopulla.  ZumaWire \/ MVPHOTOS<\/p>\n<p class=\"paragraph\">Israel teki sunnuntaina j\u00e4lleen ilmaiskuja Gazassa, ja Israel ja Hamas syytt\u00e4v\u00e4t toisiaan tulitaukosopimuksen rikkomisesta. Helsingin yliopiston L\u00e4hi-id\u00e4n tutkimuksen professori <strong>Hannu Juusolan<\/strong> mukaan tulitaukosopimus on vaakalaudalla.<\/p>\n<p class=\"paragraph\">\u2013 Pid\u00e4n viel\u00e4 todenn\u00e4k\u00f6isemp\u00e4n\u00e4, ett\u00e4 tilannetta pystyt\u00e4\u00e4n jollain tavalla hallitsemaan, vaikka toisaalta rapautumisprosessi n\u00e4ytt\u00e4\u00e4 jo alkaneen, h\u00e4n arvioi.<\/p>\n<p class=\"paragraph\">Israelin asevoimat v\u00e4itt\u00e4\u00e4 tehneens\u00e4 sunnuntain pommitukset vastauksena Hamasin aiemmin aamulla tekemiin hy\u00f6kk\u00e4yksiin Israelin joukkoja vastaan alueella, joka tulitaukosopimuksen mukaan on yh\u00e4 Israelin hallinnassa. Gazan terveysministeri\u00f6n mukaan ainakin kaksi ihmist\u00e4 kuoli ilmaiskuissa Pohjois-Gazassa, Reuters kertoo.<\/p>\n<p class=\"paragraph\">Israelin p\u00e4\u00e4ministeri <strong>Benjamin Netanjahu<\/strong> ohjeisti maan asevoimia \u201dvoimakkaisiin toimiin\u201d vastauksena Hamasin tulitaukorikkomukseen. \u00c4\u00e4rioikeistolainen kansallisen turvallisuuden ministeri <strong>Itamar Ben-Gvir<\/strong> puolestaan <a href=\"https:\/\/x.com\/itamarbengvir\/status\/1979831920281420124\" target=\"_blank\" rel=\"noopener nofollow\">vaati<\/a> Israelin asevoimia palaamaan sotatoimiin \u201dt\u00e4ydell\u00e4 voimalla\u201d.<\/p>\n<p>Israel on tuhonnut sodan aikana yli 80 prosenttia kaikista Gazan rakennuksista.  ZumaWire \/ MVPHOTOS<\/p>\n<p>Tulitaukorikkomukset<\/p>\n<p class=\"paragraph\">Tulitaukorikkomuksia on vaikea todentaa, sill\u00e4 Israel ei viel\u00e4k\u00e4\u00e4n p\u00e4\u00e4st\u00e4 mediaa Gazaan. Juusolan mukaan vaikuttaa kuitenkin todenn\u00e4k\u00f6iselt\u00e4, ettei kumpikaan osapuolista ole pit\u00e4nyt kiinni kaikista tulitauon yksityiskohdista.<\/p>\n<p class=\"paragraph\">\u2013 Yleens\u00e4 t\u00e4m\u00e4nlaisissa tulitaukosopimuksissa kaikki ei koskaan mene suunnitelman mukaisesti. Kysymys on siit\u00e4, mist\u00e4 halutaan tehd\u00e4 ongelmia, Juusola sanoo.<\/p>\n<p class=\"paragraph\">Hamas ei ole esimerkiksi viel\u00e4 palauttanut kaikkia kuolleiden panttivankien ruumiita, mutta Juusolan mukaan on mahdotonta sanoa, onko kyse tahallisesta politiikasta vai siit\u00e4, ett\u00e4 ruumiita on vaikea l\u00f6yt\u00e4\u00e4 talojen raunioista.<\/p>\n<p class=\"paragraph\">\u2013 Viime k\u00e4dess\u00e4 on poliittinen kysymys, halutaanko siit\u00e4 pit\u00e4\u00e4 kiinni.<\/p>\n<p class=\"paragraph\">Yhdysvaltain ulkoministeri\u00f6 kertoi lauantaina \u201duskottavista tiedoista\u201d, joiden mukaan Hamas suunnittelee hy\u00f6kk\u00e4yst\u00e4 Gazan siviilej\u00e4 vastaan. Juusolan mukaan asemiaan sodan aikana menett\u00e4nyt Hamas on ensisijaisesti ottanut yhteen Gazan muiden aseistautuneiden ryhmien kanssa, joista osa on Israelin aseistamia.<\/p>\n<p>Juusola toimii L\u00e4hi-id\u00e4n tutkimuksen professorina Helsingin yliopistossa.  PEKKA KARHUNEN\/KL<\/p>\n<p>Paluu sotatoimiin?<\/p>\n<p class=\"paragraph\">Juusolan mukaan olennaista on, tuleeko Yhdysvaltain presidentti <strong>Donald Trumpin<\/strong> hallinto jollain tavalla est\u00e4m\u00e4\u00e4n tilanteen eskaloitumista.<\/p>\n<p class=\"paragraph\">\u2013 Trumpin politiikassa on koko ajan vaihdellut, asetetaanko Netanjahulle rajoja vai annetaanko taas tilaa. Tulitaukosopimuksessa h\u00e4n asettui jyrk\u00e4sti Netanjahua vastaan. Nyt taas n\u00e4hd\u00e4\u00e4n, haluaako Trump antaa taas kerran Netanjahulle tilaa, Juusola sanoo.<\/p>\n<p class=\"paragraph\">\u2013 On itsest\u00e4\u00e4nselv\u00e4\u00e4, ett\u00e4 Israelin hallitus hy\u00f6tyy, jos mahdollisuus sotimiseen palautuu. Silloin he p\u00e4\u00e4sisiv\u00e4t k\u00e4ytt\u00e4m\u00e4\u00e4n v\u00e4kivaltaa ilman, ett\u00e4 Hamasilla on mink\u00e4\u00e4nlaisia kortteja k\u00e4siss\u00e4\u00e4n.<\/p>\n<p class=\"paragraph\">Uutta sodanjulistusta tai avointa irtisanoutumista sopimuksesta ei Juusolan mukaan kuitenkaan kannata odottaa.<\/p>\n<p class=\"paragraph\">\u2013 En usko, ett\u00e4 Israel vet\u00e4ytyisi t\u00e4st\u00e4 sopimuksesta, vaan he pikemminkin antavat vaikutelman siit\u00e4, ett\u00e4 Hamas ei pid\u00e4 siit\u00e4 kiinni t\u00e4ysim\u00e4\u00e4r\u00e4isesti, mill\u00e4 he oikeuttavat iskunsa.<\/p>\n","protected":false},"excerpt":{"rendered":"Asiantuntijan mukaan paljon riippuu siit\u00e4, onko Trumpin hallinto valmis rajoittamaan Israelin toimia. Netanjahu vieraili Valkoisessa talossa syyskuun lopulla.&hellip;\n","protected":false},"author":2,"featured_media":66595,"comment_status":"","ping_status":"","sticky":false,"template":"","format":"standard","meta":{"footnotes":""},"categories":[5],"tags":[35,802,22,23,26,27,33,31,30,17,24,25,803,28,29,15,18,21,142,637,144,32,19,20,16],"class_list":{"0":"post-66594","1":"post","2":"type-post","3":"status-publish","4":"format-standard","5":"has-post-thumbnail","7":"category-otsikot","8":"tag-24h","9":"tag-armeijat-ja-aseelliset-joukot","10":"tag-breaking-news","11":"tag-breakingnews","12":"tag-featured-news","13":"tag-featurednews","14":"tag-fi","15":"tag-finland","16":"tag-finnish","17":"tag-headlines","18":"tag-latest-news","19":"tag-latestnews","20":"tag-levottomuudet-ja-sodat","21":"tag-main-news","22":"tag-mainnews","23":"tag-news","24":"tag-otsikot","25":"tag-paauutiset","26":"tag-poliitikot","27":"tag-politiikka","28":"tag-presidentti","29":"tag-suomi","30":"tag-top-stories","31":"tag-topstories","32":"tag-uutiset"},"share_on_mastodon":{"url":"","error":""},"_links":{"self":[{"href":"https:\/\/www.europesays.com\/fi\/wp-json\/wp\/v2\/posts\/66594","targetHints":{"allow":["GET"]}}],"collection":[{"href":"https:\/\/www.europesays.com\/fi\/wp-json\/wp\/v2\/posts"}],"about":[{"href":"https:\/\/www.europesays.com\/fi\/wp-json\/wp\/v2\/types\/post"}],"author":[{"embeddable":true,"href":"https:\/\/www.europesays.com\/fi\/wp-json\/wp\/v2\/users\/2"}],"replies":[{"embeddable":true,"href":"https:\/\/www.europesays.com\/fi\/wp-json\/wp\/v2\/comments?post=66594"}],"version-history":[{"count":0,"href":"https:\/\/www.europesays.com\/fi\/wp-json\/wp\/v2\/posts\/66594\/revisions"}],"wp:featuredmedia":[{"embeddable":true,"href":"https:\/\/www.europesays.com\/fi\/wp-json\/wp\/v2\/media\/66595"}],"wp:attachment":[{"href":"https:\/\/www.europesays.com\/fi\/wp-json\/wp\/v2\/media?parent=66594"}],"wp:term":[{"taxonomy":"category","embeddable":true,"href":"https:\/\/www.europesays.com\/fi\/wp-json\/wp\/v2\/categories?post=66594"},{"taxonomy":"post_tag","embeddable":true,"href":"https:\/\/www.europesays.com\/fi\/wp-json\/wp\/v2\/tags?post=66594"}],"curies":[{"name":"wp","href":"https:\/\/api.w.org\/{rel}","templated":true}]}}