{"id":66598,"date":"2025-10-19T17:57:07","date_gmt":"2025-10-19T17:57:07","guid":{"rendered":"https:\/\/www.europesays.com\/fi\/66598\/"},"modified":"2025-10-19T17:57:07","modified_gmt":"2025-10-19T17:57:07","slug":"george-lucas-on-jattanyt-star-warsin-taakseen-ohjaajalegenda-puhui-disney-kaupasta-ja-elamastaan-sen-jalkeen","status":"publish","type":"post","link":"https:\/\/www.europesays.com\/fi\/66598\/","title":{"rendered":"George Lucas on j\u00e4tt\u00e4nyt Star Warsin taakseen \u2013 ohjaajalegenda puhui Disney-kaupasta ja el\u00e4m\u00e4st\u00e4\u00e4n sen j\u00e4lkeen"},"content":{"rendered":"<p>Kun <strong>George Lucas<\/strong> myi Lucasfilmin Disneylle 4,05 miljardin dollarin kauppahinnalla vuonna 2012, se merkitsi yhden aikakauden p\u00e4\u00e4ttymist\u00e4. 81-vuotias elokuvantekij\u00e4 kertoi vastik\u00e4\u00e4n The Wall Street Journalin haastattelussa, ett\u00e4 h\u00e4n on todella j\u00e4tt\u00e4nyt Star Wars -universumin taakseen.<\/p>\n<p>\u2013 Disney otti ohjat ja antoi sille oman visionsa. Sellaista tapahtuu. Totta kai min\u00e4 olen siirtynyt eteenp\u00e4in. Minulla on el\u00e4m\u00e4, Lucas toteaa.<\/p>\n<p>Vaikka Lucas on aiemmin arvostellut Disneyn tapaa vied\u00e4 saagaa uuteen suuntaan, h\u00e4n vaikuttaa nyt hyv\u00e4ksyneen tilanteen. Vuodesta 2012 l\u00e4htien yhti\u00f6 on tuottanut kriitikoiden ylist\u00e4m\u00e4t sarjat kuten Andor ja The Mandalorian, sek\u00e4 my\u00f6s elokuvia, joita ei otettu kaikkien fanien keskuudessa hyvin vastaan.<\/p>\n<p>Lucas n\u00e4ytt\u00e4\u00e4 luopuneen luomansa universumin kommentoinnista. Sen sijaan h\u00e4n keskittyy muihin asioihin, kuten Lucas Museum of Narrative Art -taidemuseoon Los Angelesissa. Noin miljardin dollarin arvoinen museo sis\u00e4lt\u00e4\u00e4 33 galleriaa, joista vain yksi on omistettu Star Warsille.<\/p>\n<p>\u2013 Se on yksi 33:sta ja tein sen vastahakoisesti. En halunnut, ett\u00e4 ihmiset tulevat museoon ja kysyv\u00e4t: \u201dMiss\u00e4 Star Wars on?\u201d<\/p>\n<p>Lucas vaikuttaa haluvavan tulla muistetuksi muustakin kuin kaukaisesta galaksista.<\/p>\n<p>L\u00e4hde: <a href=\"https:\/\/www.moviezine.se\/nyheter\/george-lucas-ar-fardig-med-star-wars-jag-har-ett-liv\" target=\"_blank\" rel=\"noreferrer noopener nofollow\">MovieZine<\/a><\/p>\n<p>Lue my\u00f6s: <a href=\"https:\/\/www.episodi.fi\/uutiskirje\/?uutiskirjemainos=tekstilinkkimainos\" title=\"Tilaa Episodin uutiskirje ja voit voittaa leffalippuja! Nappaa tv-vinkit suoraan s\u00e4hk\u00f6postiin t\u00e4st\u00e4.\" class=\"underline-custom !font-montserrat !font-bold !underline-offset-4 !decoration-4 !decoration-episodi-blue !text-md\" rel=\"nofollow noopener\" target=\"_blank\">Tilaa Episodin uutiskirje ja voit voittaa leffalippuja! Nappaa katseluvinkit suoraan s\u00e4hk\u00f6postiin t\u00e4st\u00e4.<\/a><\/p>\n","protected":false},"excerpt":{"rendered":"Kun George Lucas myi Lucasfilmin Disneylle 4,05 miljardin dollarin kauppahinnalla vuonna 2012, se merkitsi yhden aikakauden p\u00e4\u00e4ttymist\u00e4. 81-vuotias&hellip;\n","protected":false},"author":2,"featured_media":66599,"comment_status":"","ping_status":"","sticky":false,"template":"","format":"standard","meta":{"footnotes":""},"categories":[131],"tags":[155,137,33,173,31,30,3516,172,3519,32,109],"class_list":{"0":"post-66598","1":"post","2":"type-post","3":"status-publish","4":"format-standard","5":"has-post-thumbnail","7":"category-elokuvat","8":"tag-elokuvat","9":"tag-entertainment","10":"tag-fi","11":"tag-film","12":"tag-finland","13":"tag-finnish","14":"tag-george-lucas","15":"tag-movies","16":"tag-star-wars","17":"tag-suomi","18":"tag-viihde"},"share_on_mastodon":{"url":"","error":""},"_links":{"self":[{"href":"https:\/\/www.europesays.com\/fi\/wp-json\/wp\/v2\/posts\/66598","targetHints":{"allow":["GET"]}}],"collection":[{"href":"https:\/\/www.europesays.com\/fi\/wp-json\/wp\/v2\/posts"}],"about":[{"href":"https:\/\/www.europesays.com\/fi\/wp-json\/wp\/v2\/types\/post"}],"author":[{"embeddable":true,"href":"https:\/\/www.europesays.com\/fi\/wp-json\/wp\/v2\/users\/2"}],"replies":[{"embeddable":true,"href":"https:\/\/www.europesays.com\/fi\/wp-json\/wp\/v2\/comments?post=66598"}],"version-history":[{"count":0,"href":"https:\/\/www.europesays.com\/fi\/wp-json\/wp\/v2\/posts\/66598\/revisions"}],"wp:featuredmedia":[{"embeddable":true,"href":"https:\/\/www.europesays.com\/fi\/wp-json\/wp\/v2\/media\/66599"}],"wp:attachment":[{"href":"https:\/\/www.europesays.com\/fi\/wp-json\/wp\/v2\/media?parent=66598"}],"wp:term":[{"taxonomy":"category","embeddable":true,"href":"https:\/\/www.europesays.com\/fi\/wp-json\/wp\/v2\/categories?post=66598"},{"taxonomy":"post_tag","embeddable":true,"href":"https:\/\/www.europesays.com\/fi\/wp-json\/wp\/v2\/tags?post=66598"}],"curies":[{"name":"wp","href":"https:\/\/api.w.org\/{rel}","templated":true}]}}