{"id":66606,"date":"2025-10-19T18:04:08","date_gmt":"2025-10-19T18:04:08","guid":{"rendered":"https:\/\/www.europesays.com\/fi\/66606\/"},"modified":"2025-10-19T18:04:08","modified_gmt":"2025-10-19T18:04:08","slug":"pekka-toveri-venalaisvakoojiin-puututtava-euroopassa","status":"publish","type":"post","link":"https:\/\/www.europesays.com\/fi\/66606\/","title":{"rendered":"Pekka Toveri: Ven\u00e4l\u00e4isvakoojiin puututtava Euroopassa"},"content":{"rendered":"<p class=\"ai-optimize-6 ai-optimize-introduction\">Kokoomuksen europarlamentaarikko, kenraalimajuri evp. <strong>Pekka Toveri<\/strong> per\u00e4\u00e4nkuuluttaa ven\u00e4l\u00e4isen tiedustelun toimintamahdollisuuksiin puuttumista Euroopassa. H\u00e4nest\u00e4 tiedustelutoiminnan uhkaan on suhtauduttu t\u00e4h\u00e4n menness\u00e4 liian keve\u00e4sti.<\/p>\n<p class=\"ai-optimize-7\">Toveri viittaa puuttumisen tarpeella\u00a0<a href=\"https:\/\/www.hs.fi\/maailma\/art-2000011555878.html\" target=\"_blank\" rel=\"noopener nofollow\">Helsingin Sanomien<\/a> haastatteluun, jossa Yhdysvaltain keskustiedustelupalvelu CIA:n entinen operaatioupseeri\u00a0<strong>Sean Wiswesser\u00a0<\/strong>arvioi, ettei ven\u00e4l\u00e4isill\u00e4 vakoilijoilla ole mink\u00e4\u00e4nlaisia rajoja toiminnassaan.<\/p>\n<p class=\"ai-optimize-8\">\u2013 En usko, ett\u00e4 Ven\u00e4j\u00e4ll\u00e4 on mit\u00e4\u00e4n rajoitteita, Wiswesser toteaa haastattelussa.<\/p>\n<p class=\"article-body mb-nof-24 px-nof-16 ai-optimize-9\">Ex-upseerin mukaan Ven\u00e4j\u00e4n tiedustelupalveluiden tarkoituksena on l\u00e4nsimaisen demokratian ja kansalaisluottamuksen heikent\u00e4minen. Toiminta on h\u00e4nest\u00e4 pohjimmiltaan opportunistista, ja tiedustelupalvelut pyrkiv\u00e4t hy\u00f6dynt\u00e4m\u00e4\u00e4n kaikki eteen tulevat mahdollisuudet.<\/p>\n<p class=\"article-body mb-nof-24 px-nof-16 ai-optimize-10\">\u2013 Jos he n\u00e4kev\u00e4t hajaannusta, ja heill\u00e4 on mahdollisuus k\u00e4ytt\u00e4\u00e4 sit\u00e4 hyv\u00e4kseen, heit\u00e4 ei kiinnosta kenen poliitikon tai puolueen asiaa he ajavat.<\/p>\n<p class=\"ai-optimize-11\">Europarlamentaarikko Toveri n\u00e4kee arvion h\u00e4lytt\u00e4v\u00e4n\u00e4.<\/p>\n<p class=\"ai-optimize-12\">\u2013 Ja juuri t\u00e4m\u00e4n takia ven\u00e4l\u00e4isten toimintamahdollisuuksiin Euroopassa tulisi puuttua.\u00a0 L\u00e4hetyst\u00f6t minimivahvuuksille ja viisumik\u00e4yt\u00e4nt\u00f6jen merkitt\u00e4v\u00e4 kirist\u00e4minen olisi hyv\u00e4 alku, h\u00e4n linjaa viestipalvelu X:ss\u00e4.<\/p>\n<blockquote class=\"twitter-tweet\" data-width=\"550\" data-dnt=\"true\">\n<p lang=\"fi\" dir=\"ltr\">&#8221;Ei mit\u00e4\u00e4n rajoja, CIA:n ex-upseeri kuvaa Ven\u00e4j\u00e4n tiedustelutoimintaa.&#8221;<br \/>Ja juuri t\u00e4m\u00e4n takia ven\u00e4l\u00e4isten toimintamahdollisuuksiin Euroopassa tulisi puuttua. L\u00e4hetyst\u00f6t minimivahvuuksille ja viisumik\u00e4yt\u00e4nt\u00f6jen merkitt\u00e4v\u00e4 kirist\u00e4minen olisi hyv\u00e4 alku.<a href=\"https:\/\/t.co\/VcHcMLn0xM\" rel=\"nofollow\">https:\/\/t.co\/VcHcMLn0xM<\/a><\/p>\n<p>\u2014 Pekka Toveri (@PToveri) <a href=\"https:\/\/twitter.com\/PToveri\/status\/1979805911888867612?ref_src=twsrc%5Etfw\" rel=\"nofollow noopener\" target=\"_blank\">October 19, 2025<\/a><\/p>\n<\/blockquote>\n<p>\t\t\t\t<script async src=\"https:\/\/platform.twitter.com\/widgets.js\" charset=\"utf-8\"><\/script><\/p>\n","protected":false},"excerpt":{"rendered":"Kokoomuksen europarlamentaarikko, kenraalimajuri evp. Pekka Toveri per\u00e4\u00e4nkuuluttaa ven\u00e4l\u00e4isen tiedustelun toimintamahdollisuuksiin puuttumista Euroopassa. H\u00e4nest\u00e4 tiedustelutoiminnan uhkaan on suhtauduttu t\u00e4h\u00e4n&hellip;\n","protected":false},"author":2,"featured_media":66607,"comment_status":"","ping_status":"","sticky":false,"template":"","format":"standard","meta":{"footnotes":""},"categories":[14],"tags":[22,23,26,27,33,31,30,17,24,25,28,29,15,18,21,32,5658,19,20,56,16,547,59,60,61],"class_list":{"0":"post-66606","1":"post","2":"type-post","3":"status-publish","4":"format-standard","5":"has-post-thumbnail","7":"category-ulkomaat","8":"tag-breaking-news","9":"tag-breakingnews","10":"tag-featured-news","11":"tag-featurednews","12":"tag-fi","13":"tag-finland","14":"tag-finnish","15":"tag-headlines","16":"tag-latest-news","17":"tag-latestnews","18":"tag-main-news","19":"tag-mainnews","20":"tag-news","21":"tag-otsikot","22":"tag-paauutiset","23":"tag-suomi","24":"tag-tiedustelu","25":"tag-top-stories","26":"tag-topstories","27":"tag-ulkomaat","28":"tag-uutiset","29":"tag-venaja","30":"tag-world","31":"tag-world-news","32":"tag-worldnews"},"share_on_mastodon":{"url":"","error":""},"_links":{"self":[{"href":"https:\/\/www.europesays.com\/fi\/wp-json\/wp\/v2\/posts\/66606","targetHints":{"allow":["GET"]}}],"collection":[{"href":"https:\/\/www.europesays.com\/fi\/wp-json\/wp\/v2\/posts"}],"about":[{"href":"https:\/\/www.europesays.com\/fi\/wp-json\/wp\/v2\/types\/post"}],"author":[{"embeddable":true,"href":"https:\/\/www.europesays.com\/fi\/wp-json\/wp\/v2\/users\/2"}],"replies":[{"embeddable":true,"href":"https:\/\/www.europesays.com\/fi\/wp-json\/wp\/v2\/comments?post=66606"}],"version-history":[{"count":0,"href":"https:\/\/www.europesays.com\/fi\/wp-json\/wp\/v2\/posts\/66606\/revisions"}],"wp:featuredmedia":[{"embeddable":true,"href":"https:\/\/www.europesays.com\/fi\/wp-json\/wp\/v2\/media\/66607"}],"wp:attachment":[{"href":"https:\/\/www.europesays.com\/fi\/wp-json\/wp\/v2\/media?parent=66606"}],"wp:term":[{"taxonomy":"category","embeddable":true,"href":"https:\/\/www.europesays.com\/fi\/wp-json\/wp\/v2\/categories?post=66606"},{"taxonomy":"post_tag","embeddable":true,"href":"https:\/\/www.europesays.com\/fi\/wp-json\/wp\/v2\/tags?post=66606"}],"curies":[{"name":"wp","href":"https:\/\/api.w.org\/{rel}","templated":true}]}}