{"id":66647,"date":"2025-10-19T19:10:08","date_gmt":"2025-10-19T19:10:08","guid":{"rendered":"https:\/\/www.europesays.com\/fi\/66647\/"},"modified":"2025-10-19T19:10:08","modified_gmt":"2025-10-19T19:10:08","slug":"ttk-katsojat-poyristyivat-jorma-uotiselle-siis-mita","status":"publish","type":"post","link":"https:\/\/www.europesays.com\/fi\/66647\/","title":{"rendered":"TTK-katsojat p\u00f6yristyiv\u00e4t Jorma Uotiselle: \u201dSiis mit\u00e4?\u201d"},"content":{"rendered":"<p>TTK-tuomareiden antamat pisteet ihmetytt\u00e4v\u00e4t katsojia.<\/p>\n<p><img decoding=\"async\" class=\"image image-show image-preview\" src=\"https:\/\/www.europesays.com\/fi\/wp-content\/uploads\/2025\/10\/a818c7294bb62e4c546d7106eb271a3d2d0f471ec578914625649c88dae3b974.jpg\" alt=\"\"\/><img decoding=\"async\" class=\"image image-show\" src=\"https:\/\/www.europesays.com\/fi\/wp-content\/uploads\/2025\/10\/1760901008_288_a818c7294bb62e4c546d7106eb271a3d2d0f471ec578914625649c88dae3b974.jpg\" alt=\"\"\/><\/p>\n<p>Jorma Uotisen kitsas pistem\u00e4\u00e4r\u00e4 suututti katsojat. MATTI MATIKAINEN<\/p>\n<p class=\"paragraph\">Jalkapalloilija <strong>Paulus Arajuuri<\/strong> ja tanssinopettaja <strong>Liisa Set\u00e4l\u00e4<\/strong> esittiv\u00e4t sunnuntain Tanssii t\u00e4htien kanssa -l\u00e4hetyksess\u00e4 quickstepin.<\/p>\n<p class=\"paragraph\">Pari sai tuomaristolta varsin hyv\u00e4\u00e4 palautetta, mutta tuomariston pisteet hajaantuivat. <strong>Jukka Haapalainen<\/strong> antoi parille t\u00e4yden kympin, <strong>Helena Ahti-Hallberg<\/strong> yhdeks\u00e4n pistett\u00e4 ja <a href=\"https:\/\/www.iltalehti.fi\/henkilot\/Jorma Uotinen\" class=\"article-link-person-page\" rel=\"nofollow noopener\" target=\"_blank\">Jorma Uotinen<\/a> vain kahdeksan pistett\u00e4.<\/p>\n<p class=\"paragraph\">Hajauma on ep\u00e4tyypillinen, sill\u00e4 useimmiten ohjelmassa tuomarien pisteet pysyv\u00e4t yhden pisteen sis\u00e4ll\u00e4.<\/p>\n<p>Paulus ja Liisa ansaitsivat quickstepist\u00e4\u00e4n kympin, ysin ja kasin. MATTI MATIKAINEN<\/p>\n<p class=\"paragraph\">Ohjelman katsojat kritisoivat Uotisen antamaa pistem\u00e4\u00e4r\u00e4\u00e4 anonyymiss\u00e4 viestipalvelu Jodelissa.<\/p>\n<p class=\"paragraph\">\u2013 Typer\u00e4 Jorma.<\/p>\n<p class=\"paragraph\">\u2013 Hyv\u00e4 Jukka, asiaa! Jormalla jokin oma kapina menossa.<\/p>\n<p class=\"paragraph\">\u2013 Siis mit\u00e4 n\u00e4m\u00e4 Jorman pisteet ovat? Ihan kuin h\u00e4n antaisi eri arvosanan ihan vain l\u00e4p\u00e4ll\u00e4, eik\u00e4 oikeasti tanssia ajatellen.<\/p>\n<p class=\"paragraph\">\u2013 Helenalta ihan oikeat pisteet! Jukan kymppi oli v\u00e4h\u00e4n ylimitoitettu, mutta Jorman kasi oli outoakin oudompi.<\/p>\n<p class=\"paragraph\">\u2013 \u00c4rsytt\u00e4\u00e4, kun n\u00e4m\u00e4 pisteet eiv\u00e4t ole linjassa.<\/p>\n<p class=\"paragraph\">\u2013 Onpas hajontaa pisteiss\u00e4.<\/p>\n<p class=\"paragraph\">\u2013 Nyt oli oudot pisteet.<\/p>\n<p class=\"paragraph\">My\u00f6s <a href=\"https:\/\/www.facebook.com\/TanssiiTahtienKanssa\/posts\/pfbid0HSHrJKMAXFZpvKfDTXkMZRRc9zrFMGKhv6e9nMi9vR2mtrpkzQER1GUVVLRhJfgrl\" rel=\"noopener nofollow\" target=\"_blank\">Facebook-k\u00e4ytt\u00e4j\u00e4t<\/a> ovat puineet asiaa.<\/p>\n<p class=\"paragraph\">\u2013 Mit\u00e4 Jorma meinaa? er\u00e4s k\u00e4ytt\u00e4j\u00e4 ihmettelee Pauluksen ja Liisan saamia pisteit\u00e4.<\/p>\n<p class=\"paragraph\">\u2013 He olisivat ansainneet kymppirivin, toinen kirjoittaa.<\/p>\n<p>Jukka Haapalaisen, Helena Ahti-Hallbergin ja Jorma Uotisen pisteiss\u00e4 oli hajontaa. Atte Kajova<\/p>\n<p class=\"paragraph\">Moni katsoja on sit\u00e4 mielt\u00e4, ett\u00e4 my\u00f6s aiemmin jaksossa esiintynyt <strong>Eric \u201dLakko\u201d Savolainen<\/strong> olisi ansainnut suorituksestaan kympin. Lakko ja <strong>Kastanja Rauhala<\/strong> saivat kaikilta tuomareilta yhdeksik\u00f6t. Kaikkien tuomareiden pisteet yhteenlaskettuna Lakko ja Marko Anttila saivat samat kokonaispisteet tansseistaan, yhteens\u00e4 27 pistett\u00e4.<\/p>\n<p class=\"paragraph\">Tanssii t\u00e4htien kanssa sunnuntaisin MTV3:lla kello 19.30 &amp; Katsomossa. <a href=\"https:\/\/www.iltalehti.fi\/telkku\" rel=\"nofollow noopener\" target=\"_blank\">Katso kaikki TV-ohjelmat ja l\u00e4hetysajat Telkun TV-oppaasta<\/a>.<\/p>\n","protected":false},"excerpt":{"rendered":"TTK-tuomareiden antamat pisteet ihmetytt\u00e4v\u00e4t katsojia. Jorma Uotisen kitsas pistem\u00e4\u00e4r\u00e4 suututti katsojat. MATTI MATIKAINEN Jalkapalloilija Paulus Arajuuri ja tanssinopettaja&hellip;\n","protected":false},"author":2,"featured_media":66648,"comment_status":"","ping_status":"","sticky":false,"template":"","format":"standard","meta":{"footnotes":""},"categories":[136],"tags":[35,138,407,137,33,31,30,408,979,1999,32,140,139,109],"class_list":{"0":"post-66647","1":"post","2":"type-post","3":"status-publish","4":"format-standard","5":"has-post-thumbnail","7":"category-julkkikset","8":"tag-24h","9":"tag-audio","10":"tag-celebrities","11":"tag-entertainment","12":"tag-fi","13":"tag-finland","14":"tag-finnish","15":"tag-julkkikset","16":"tag-sahkoinen-media","17":"tag-suomalaiset-tv-ohjelmat","18":"tag-suomi","19":"tag-tv-ja-elokuvat","20":"tag-tv-ohjelmat","21":"tag-viihde"},"share_on_mastodon":{"url":"","error":""},"_links":{"self":[{"href":"https:\/\/www.europesays.com\/fi\/wp-json\/wp\/v2\/posts\/66647","targetHints":{"allow":["GET"]}}],"collection":[{"href":"https:\/\/www.europesays.com\/fi\/wp-json\/wp\/v2\/posts"}],"about":[{"href":"https:\/\/www.europesays.com\/fi\/wp-json\/wp\/v2\/types\/post"}],"author":[{"embeddable":true,"href":"https:\/\/www.europesays.com\/fi\/wp-json\/wp\/v2\/users\/2"}],"replies":[{"embeddable":true,"href":"https:\/\/www.europesays.com\/fi\/wp-json\/wp\/v2\/comments?post=66647"}],"version-history":[{"count":0,"href":"https:\/\/www.europesays.com\/fi\/wp-json\/wp\/v2\/posts\/66647\/revisions"}],"wp:featuredmedia":[{"embeddable":true,"href":"https:\/\/www.europesays.com\/fi\/wp-json\/wp\/v2\/media\/66648"}],"wp:attachment":[{"href":"https:\/\/www.europesays.com\/fi\/wp-json\/wp\/v2\/media?parent=66647"}],"wp:term":[{"taxonomy":"category","embeddable":true,"href":"https:\/\/www.europesays.com\/fi\/wp-json\/wp\/v2\/categories?post=66647"},{"taxonomy":"post_tag","embeddable":true,"href":"https:\/\/www.europesays.com\/fi\/wp-json\/wp\/v2\/tags?post=66647"}],"curies":[{"name":"wp","href":"https:\/\/api.w.org\/{rel}","templated":true}]}}