{"id":66649,"date":"2025-10-19T19:11:07","date_gmt":"2025-10-19T19:11:07","guid":{"rendered":"https:\/\/www.europesays.com\/fi\/66649\/"},"modified":"2025-10-19T19:11:07","modified_gmt":"2025-10-19T19:11:07","slug":"videoanalyysi-koko-maailma-ihmettelee-miten-helposti-louvren-ryosto-onnistui-uutisia-lyhyesti","status":"publish","type":"post","link":"https:\/\/www.europesays.com\/fi\/66649\/","title":{"rendered":"Videoanalyysi: Koko maailma ihmettelee, miten helposti Louvren ry\u00f6st\u00f6 onnistui | Uutisia lyhyesti"},"content":{"rendered":"<p class=\"aw-1gybjub aw-5vja16 ghpEtB kjanFo yle__article__paragraph\">Louvren museon murto ja varkaus osoittavat, miten Ranska on laiminly\u00f6nyt museoidensa turvallisuutta, kirjoittaa Ylen Ranskan-toimittaja Miina V\u00e4is\u00e4nen.<\/p>\n<p>PARIISI Voit katsoa Ylen Ranskan-toimittajan Miina V\u00e4is\u00e4sen raportin \/ analyysin klikkaamalla videon p\u00e4\u00e4kuvaa.<img decoding=\"async\" alt=\"kuvassa toimittaja Miina V\u00e4is\u00e4nen.\" src=\"https:\/\/www.europesays.com\/fi\/wp-content\/uploads\/2025\/10\/39-135227566f00ded3c4cd.jpeg\" class=\"aw-1l9m598 hKVVvP\"\/><\/p>\n<p>21:00\u2022P\u00e4ivitetty 21:14<\/p>\n<p class=\"aw-1gybjub aw-1p7kakr ghpEtB jtovHP yle__article__paragraph\"><strong class=\"aw-ak79eh KyCXm yle__article__strong\">PARIISI<\/strong> Louvren taidemuseo ry\u00f6stettiin sunnuntaiaamuna museon avautumisen aikaan, kun kolme tai nelj\u00e4 henkil\u00f6\u00e4 murtautui rakennukseen rakennuksen etel\u00e4isest\u00e4 siiven puoleisen ikkunan kautta k\u00e4ytt\u00e4en tavarahissi\u00e4.<\/p>\n<p class=\"aw-1gybjub aw-1p7kakr ghpEtB jtovHP yle__article__paragraph\">Varkaat k\u00e4yttiv\u00e4t moottorisahoja ja pakenivat paikalta moottoripy\u00f6rien kanssa. Koko tapahtuma kesti vain noin nelj\u00e4 minuuttia.<\/p>\n<p class=\"aw-1gybjub aw-1p7kakr ghpEtB jtovHP yle__article__paragraph\">Museo on t\u00e4ll\u00e4 hetkell\u00e4 suljettuna.<\/p>\n<p class=\"aw-1gybjub aw-1p7kakr ghpEtB jtovHP yle__article__paragraph\">Varkaat ottivat mukaansa yhdeks\u00e4n <strong class=\"aw-ak79eh KyCXm yle__article__strong\">Napoleon Bonaparten<\/strong> ja t\u00e4m\u00e4n l\u00e4heisten koruja sek\u00e4 kruunun, joka kuului Napoleonin vaimolle <strong class=\"aw-ak79eh KyCXm yle__article__strong\">Eug\u00e9nielle<\/strong>. Kruunu tippui matkalla ja l\u00f6ytyi my\u00f6hemmin rikkoutuneena.<\/p>\n<p><img decoding=\"async\" alt=\"Louvren taidemuseo.\" src=\"https:\/\/www.europesays.com\/fi\/wp-content\/uploads\/2025\/10\/39-154063468f512d265f9e.jpeg\" loading=\"lazy\" class=\"aw-1l9m598 hKVVvP\"\/><\/p>\n<p>Avaa kuvien katselu<\/p>\n<p>Louvren taidemuseosta varastettiin mittaamattoman arvokkaita esineit\u00e4 sunnuntaina. Kuva: Miina V\u00e4is\u00e4nen \/ Yle<\/p>\n<p class=\"aw-1gybjub aw-1p7kakr ghpEtB jtovHP yle__article__paragraph\">Louvren museo pyysi alkuvuodesta apua Ranskan valtiolta turvallisuutensa parantamiseen. Ranskan kulttuuriministeri <strong class=\"aw-ak79eh KyCXm yle__article__strong\">Rachida Datin<\/strong> mukaan Ranska on jo vuosikymmenien ajan laiminly\u00f6nyt museoidensa turvallisuutta. My\u00f6s Ranskan sis\u00e4ministeri <strong class=\"aw-ak79eh KyCXm yle__article__strong\">Laurent Nunez<\/strong> on ilmaissut huolensa museoiden haavoittuvaisuudesta Ranskassa.<\/p>\n<p class=\"aw-1gybjub aw-1p7kakr ghpEtB jtovHP yle__article__paragraph\">Louvresta ry\u00f6stettiin kuuluisa, <strong class=\"aw-ak79eh KyCXm yle__article__strong\">Leonardo da Vincin<\/strong> Mona Lisa -taidemaalaus vuonna 1911. Se oli kateissa noin kolme vuotta ennen kuin palautui museolle<\/p>\n<p class=\"aw-1gybjub aw-1p7kakr ghpEtB jtovHP yle__article__paragraph\">Louvrea pidet\u00e4\u00e4n maailman suosituimpana museona. Museossa vieraili vuonna 2024 l\u00e4hes yhdeks\u00e4n miljoonaa k\u00e4vij\u00e4\u00e4.<\/p>\n<p class=\"aw-1gybjub aw-1p7kakr ghpEtB jtovHP yle__article__paragraph\">Korjaus 19.10. kello 21.13: Varkaat poistuivat paikalta moottoripy\u00f6rien, eiv\u00e4t moottorisahojen kanssa.<\/p>\n","protected":false},"excerpt":{"rendered":"Louvren museon murto ja varkaus osoittavat, miten Ranska on laiminly\u00f6nyt museoidensa turvallisuutta, kirjoittaa Ylen Ranskan-toimittaja Miina V\u00e4is\u00e4nen. PARIISI&hellip;\n","protected":false},"author":2,"featured_media":66650,"comment_status":"","ping_status":"","sticky":false,"template":"","format":"standard","meta":{"footnotes":""},"categories":[135],"tags":[389,387,388,390,137,33,31,30,32,394,393,391,392,56,16,109],"class_list":{"0":"post-66649","1":"post","2":"type-post","3":"status-publish","4":"format-standard","5":"has-post-thumbnail","7":"category-taiteet-ja-suunnittelu","8":"tag-arts","9":"tag-arts-and-design","10":"tag-artsanddesign","11":"tag-design","12":"tag-entertainment","13":"tag-fi","14":"tag-finland","15":"tag-finnish","16":"tag-suomi","17":"tag-suunnittelu","18":"tag-taiteet","19":"tag-taiteet-ja-suunnittelu","20":"tag-taiteetsuunnittelu","21":"tag-ulkomaat","22":"tag-uutiset","23":"tag-viihde"},"share_on_mastodon":{"url":"","error":""},"_links":{"self":[{"href":"https:\/\/www.europesays.com\/fi\/wp-json\/wp\/v2\/posts\/66649","targetHints":{"allow":["GET"]}}],"collection":[{"href":"https:\/\/www.europesays.com\/fi\/wp-json\/wp\/v2\/posts"}],"about":[{"href":"https:\/\/www.europesays.com\/fi\/wp-json\/wp\/v2\/types\/post"}],"author":[{"embeddable":true,"href":"https:\/\/www.europesays.com\/fi\/wp-json\/wp\/v2\/users\/2"}],"replies":[{"embeddable":true,"href":"https:\/\/www.europesays.com\/fi\/wp-json\/wp\/v2\/comments?post=66649"}],"version-history":[{"count":0,"href":"https:\/\/www.europesays.com\/fi\/wp-json\/wp\/v2\/posts\/66649\/revisions"}],"wp:featuredmedia":[{"embeddable":true,"href":"https:\/\/www.europesays.com\/fi\/wp-json\/wp\/v2\/media\/66650"}],"wp:attachment":[{"href":"https:\/\/www.europesays.com\/fi\/wp-json\/wp\/v2\/media?parent=66649"}],"wp:term":[{"taxonomy":"category","embeddable":true,"href":"https:\/\/www.europesays.com\/fi\/wp-json\/wp\/v2\/categories?post=66649"},{"taxonomy":"post_tag","embeddable":true,"href":"https:\/\/www.europesays.com\/fi\/wp-json\/wp\/v2\/tags?post=66649"}],"curies":[{"name":"wp","href":"https:\/\/api.w.org\/{rel}","templated":true}]}}