{"id":66651,"date":"2025-10-19T19:13:09","date_gmt":"2025-10-19T19:13:09","guid":{"rendered":"https:\/\/www.europesays.com\/fi\/66651\/"},"modified":"2025-10-19T19:13:09","modified_gmt":"2025-10-19T19:13:09","slug":"tama-pari-putosi-ttksta-mtv-uutiset","status":"publish","type":"post","link":"https:\/\/www.europesays.com\/fi\/66651\/","title":{"rendered":"T\u00e4m\u00e4 pari putosi TTK:sta | MTV Uutiset"},"content":{"rendered":"<p><strong class=\"typography-bold\">Tanssii T\u00e4htien Kanssa -kisan joutui seitsem\u00e4nness\u00e4 livess\u00e4 j\u00e4tt\u00e4m\u00e4\u00e4n Pippa Laukka.\u00a0<\/strong><\/p>\n<p>Syksyn viides pari joutui j\u00e4tt\u00e4m\u00e4\u00e4n hyv\u00e4stit <a class=\"underline\" data-testid=\"internal-link\" role=\"link\" data-sentry-element=\"Link\" data-sentry-component=\"InternalLink\" data-sentry-source-file=\"InternalLink.tsx\" href=\"https:\/\/www.mtvuutiset.fi\/aihe\/tanssii-tahtien-kanssa\/2839810\" rel=\"nofollow noopener\" target=\"_blank\">Tanssii T\u00e4htien Kanssa<\/a> -parketeille sunnuntaina 19. lokakuuta.\u00a0<\/p>\n<p>T\u00e4ll\u00e4 kertaa tuomaripisteiden ja yleis\u00f6\u00e4\u00e4nien yhteism\u00e4\u00e4r\u00e4ll\u00e4 kisasta joutuivat l\u00e4htem\u00e4\u00e4n kotimatkalle <a class=\"underline\" data-testid=\"internal-link\" role=\"link\" data-sentry-element=\"Link\" data-sentry-component=\"InternalLink\" data-sentry-source-file=\"InternalLink.tsx\" href=\"https:\/\/www.mtvuutiset.fi\/aihe\/pippa-laukka\/7128858\" rel=\"nofollow noopener\" target=\"_blank\"><strong class=\"typography-bold\">Pippa Laukka<\/strong><\/a> ja <a class=\"underline\" data-testid=\"internal-link\" role=\"link\" data-sentry-element=\"Link\" data-sentry-component=\"InternalLink\" data-sentry-source-file=\"InternalLink.tsx\" href=\"https:\/\/www.mtvuutiset.fi\/aihe\/marko-keranen\/8482162\" rel=\"nofollow noopener\" target=\"_blank\"><strong class=\"typography-bold\">Marko Ker\u00e4nen<\/strong><\/a>.<\/p>\n<p>Katso parin haastattelu heti TTK-l\u00e4hetyksen j\u00e4lkeen <a class=\"underline\" data-testid=\"internal-link\" role=\"link\" data-sentry-element=\"Link\" data-sentry-component=\"InternalLink\" data-sentry-source-file=\"InternalLink.tsx\" href=\"https:\/\/www.mtvuutiset.fi\/artikkeli\/suora-lahetys-noin-kello-21-30-pudonnut-ttk-pari-kertoo-tunnelmistaan\/9242126\" rel=\"nofollow noopener\" target=\"_blank\"><strong class=\"typography-bold\">t\u00e4\u00e4lt\u00e4<\/strong><\/a> tai <a class=\"underline\" data-testid=\"external-link\" href=\"http:\/\/www.mtv.fi\/\" rel=\"noopener noreferrer nofollow\" data-sentry-component=\"ExternalLink\" data-sentry-source-file=\"ExternalLink.tsx\" target=\"_blank\">MTV Katsomosta<\/a>.\u00a0<\/p>\n<p>Ensi sunnuntaina TTK:ssa n\u00e4hd\u00e4\u00e4n Roosa nauha -erikoisl\u00e4hetys.<\/p>\n<p><strong class=\"typography-bold\">Tanssii T\u00e4htien Kanssa sunnuntaisin klo 19.30 <\/strong><a class=\"underline\" data-testid=\"external-link\" href=\"https:\/\/www.mtv.fi\/sarja\/tanssii-tahtien-kanssa-3608?utm_medium=internal&amp;utm_source=mtvuutiset\" rel=\"noopener noreferrer nofollow\" data-sentry-component=\"ExternalLink\" data-sentry-source-file=\"ExternalLink.tsx\" target=\"_blank\"><strong class=\"typography-bold\">MTV Katsomossa<\/strong><\/a><strong class=\"typography-bold\"> ja MTV3-kanavalla.<\/strong><\/p>\n","protected":false},"excerpt":{"rendered":"Tanssii T\u00e4htien Kanssa -kisan joutui seitsem\u00e4nness\u00e4 livess\u00e4 j\u00e4tt\u00e4m\u00e4\u00e4n Pippa Laukka.\u00a0 Syksyn viides pari joutui j\u00e4tt\u00e4m\u00e4\u00e4n hyv\u00e4stit Tanssii T\u00e4htien&hellip;\n","protected":false},"author":2,"featured_media":33709,"comment_status":"","ping_status":"","sticky":false,"template":"","format":"standard","meta":{"footnotes":""},"categories":[133],"tags":[137,33,31,30,32,206,156,109],"class_list":{"0":"post-66651","1":"post","2":"type-post","3":"status-publish","4":"format-standard","5":"has-post-thumbnail","7":"category-televisiot","8":"tag-entertainment","9":"tag-fi","10":"tag-finland","11":"tag-finnish","12":"tag-suomi","13":"tag-televisiot","14":"tag-tv","15":"tag-viihde"},"share_on_mastodon":{"url":"","error":""},"_links":{"self":[{"href":"https:\/\/www.europesays.com\/fi\/wp-json\/wp\/v2\/posts\/66651","targetHints":{"allow":["GET"]}}],"collection":[{"href":"https:\/\/www.europesays.com\/fi\/wp-json\/wp\/v2\/posts"}],"about":[{"href":"https:\/\/www.europesays.com\/fi\/wp-json\/wp\/v2\/types\/post"}],"author":[{"embeddable":true,"href":"https:\/\/www.europesays.com\/fi\/wp-json\/wp\/v2\/users\/2"}],"replies":[{"embeddable":true,"href":"https:\/\/www.europesays.com\/fi\/wp-json\/wp\/v2\/comments?post=66651"}],"version-history":[{"count":0,"href":"https:\/\/www.europesays.com\/fi\/wp-json\/wp\/v2\/posts\/66651\/revisions"}],"wp:featuredmedia":[{"embeddable":true,"href":"https:\/\/www.europesays.com\/fi\/wp-json\/wp\/v2\/media\/33709"}],"wp:attachment":[{"href":"https:\/\/www.europesays.com\/fi\/wp-json\/wp\/v2\/media?parent=66651"}],"wp:term":[{"taxonomy":"category","embeddable":true,"href":"https:\/\/www.europesays.com\/fi\/wp-json\/wp\/v2\/categories?post=66651"},{"taxonomy":"post_tag","embeddable":true,"href":"https:\/\/www.europesays.com\/fi\/wp-json\/wp\/v2\/tags?post=66651"}],"curies":[{"name":"wp","href":"https:\/\/api.w.org\/{rel}","templated":true}]}}