{"id":66666,"date":"2025-10-19T19:35:09","date_gmt":"2025-10-19T19:35:09","guid":{"rendered":"https:\/\/www.europesays.com\/fi\/66666\/"},"modified":"2025-10-19T19:35:09","modified_gmt":"2025-10-19T19:35:09","slug":"kayttajaraportit-kasautuvat-osa-iphone-17-pro-puhelimista-nayttaa-karsivan-rajusta-rungon-varjaytymisongelmasta","status":"publish","type":"post","link":"https:\/\/www.europesays.com\/fi\/66666\/","title":{"rendered":"K\u00e4ytt\u00e4j\u00e4raportit kasautuvat \u2013 osa iPhone 17 Pro -puhelimista n\u00e4ytt\u00e4\u00e4 k\u00e4rsiv\u00e4n rajusta rungon v\u00e4rj\u00e4ytymisongelmasta"},"content":{"rendered":"<p><a href=\"https:\/\/mobiili.fi\/wp-content\/uploads\/2025\/10\/IMG_0024-scaled.jpg\" data-lightbox=\"image\" rel=\"nofollow noopener\" target=\"_blank\"><img fetchpriority=\"high\" decoding=\"async\" aria-describedby=\"caption-attachment-267238\" class=\"size-large wp-image-267238\" src=\"data:image\/svg+xml,%3Csvg%20xmlns=\" http:=\"\" alt=\"T\u00e4lt\u00e4 iPhone 17 Pro -puhelinten kosmisen oranssin ja mustansinisen v\u00e4rivaihtoehdon pit\u00e4isi n\u00e4ytt\u00e4\u00e4.\" width=\"1200\" height=\"993\" data-lazy- data-lazy- data-lazy-src=\"https:\/\/www.europesays.com\/fi\/wp-content\/uploads\/2025\/10\/IMG_0024-1200x993.jpg\"\/><\/a><\/p>\n<p id=\"caption-attachment-267238\" class=\"wp-caption-text\">T\u00e4lt\u00e4 iPhone 17 Pro -puhelinten kosmisen oranssin ja mustansinisen v\u00e4rivaihtoehdon pit\u00e4isi n\u00e4ytt\u00e4\u00e4.<\/p>\n<p>Applen syksyn 2025 iPhone-uutuudet eli iPhone 17, iPhone Air, iPhone 17 Pro ja iPhone 17 Pro Max tulivat saataville 19. syyskuuta.<\/p>\n<p><a href=\"https:\/\/mobiili.fi\/2025\/09\/23\/tubettaja-testasi-iphone-17-pro-puhelinten-naarmuuntuminen-aito-huolenaihe\/\" rel=\"nofollow noopener\" target=\"_blank\">Nopeasti myyntiintulon j\u00e4lkeen esiin nousivat iPhone 17 Pro -puhelinten uuteen alumiinirunkoon liittyv\u00e4t kest\u00e4vyyshuolet<\/a>. Erityisesti kamerakohouman jyrk\u00e4t reunat ovat osoittautuneet alttiiksi naarmuuntumiselle, sill\u00e4 anodisointi ei niiss\u00e4 tarjoa yht\u00e4 kest\u00e4v\u00e4\u00e4 lopputulosta kuin muilta osin.<\/p>\n<p>Kun uusien iPhone-mallien myyntiintulosta on ehtinyt nyt kulua hieman pidempi tovi, on verkossa noussut esille toinenkin uuteen alumiinirunkoon liittyv\u00e4 ongelma.<\/p>\n<p style=\"width: 98%; text-align: center; font-size:13px; border-bottom: 1px solid #C8C8C8; line-height: 0.1em; margin: 8px 1% 16px 1%;\">MAINOS (ARTIKKELI JATKUU ALLA)<\/p>\n<p>Jo useammat k\u00e4ytt\u00e4j\u00e4t erityisesti iPhone 17 Pro -puhelinten kosmisen oranssin v\u00e4rivaihtoehdon osalta ovat raportoineet alumiinirungon v\u00e4rimuutoksesta.<\/p>\n<p>Oransseista iPhone 17 Pro -puhelimista on tullut v\u00e4rin muuttumisen my\u00f6t\u00e4 ennemminkin pinkkej\u00e4 tai ruusukultaisia.<\/p>\n<p><a href=\"https:\/\/www.reddit.com\/r\/iphone\/comments\/1o6h9pd\/update_on_orange_iphone_17_pro_max_that_turned\/\" rel=\"nofollow noopener\" target=\"_blank\">Asiasta on k\u00e4yty aktiivista keskustelua esimerkiksi Reddit-yhteis\u00f6palvelussa<\/a>, mutta raportteja on saatu my\u00f6s <a href=\"https:\/\/www.facebook.com\/photo.php?fbid=765131926524022&amp;set=a.719802107723671&amp;type=3&amp;ref=embed_post\" rel=\"nofollow noopener\" target=\"_blank\">Facebookin<\/a> ja <a href=\"https:\/\/forums.macrumors.com\/threads\/17-pro-blue-camera-bump-patina.2468850\/\" rel=\"nofollow noopener\" target=\"_blank\">MacRumorsin keskustelupalstan<\/a> kautta.<\/p>\n<p style=\"width: 98%; text-align: center; font-size:13px; border-bottom: 1px solid #C8C8C8; line-height: 0.1em; margin: 8px 1% 16px 1%;\">MAINOS (ARTIKKELI JATKUU ALLA)<\/p>\n<p>K\u00e4ytt\u00e4j\u00e4t ovat raportoineet mahdolliseksi syyksi UV-valon, sill\u00e4 useilla iPhonen rungon v\u00e4ritys on muuttunut puhelimen oltua jonkun aikaa auringossa. Kerrotun mukaan v\u00e4rimuutos on l\u00e4htenyt liikkeelle kamerakohoumasta ja levinnyt t\u00e4m\u00e4n j\u00e4lkeen laajemmin alumiinirunkoon.<\/p>\n<p>Ongelman laajamittaisuudesta ei ole tietoa, eik\u00e4 Apple ole toistaiseksi kommentoinut v\u00e4rj\u00e4ytymist\u00e4. N\u00e4ht\u00e4v\u00e4sti kaikkia iPhone 17 Pro -yksil\u00f6it\u00e4 ongelma ei kuitenkaan koske. Tiedossa ei ole, mist\u00e4 ongelma johtuu, mutta n\u00e4ht\u00e4v\u00e4sti ainakin osassa iPhone 17 Pro -puhelimia alumiinirungon v\u00e4rik\u00e4sittely ei ole onnistunut kest\u00e4v\u00e4ll\u00e4 tavalla.<\/p>\n<p>Selv\u00e4sti eniten raportteja alumiinirungon v\u00e4rin muuttumisesta on n\u00e4hty oranssin v\u00e4rivaihtoehdon osalta, mutta my\u00f6s mustansinisen iPhone 17 Pro -v\u00e4rin osalta on raportoitu yksitt\u00e4isist\u00e4 v\u00e4rimuutoksista.<\/p>\n<blockquote class=\"reddit-embed-bq\" style=\"height:500px\">\n<p><a href=\"https:\/\/www.reddit.com\/r\/iphone\/comments\/1o6h9pd\/update_on_orange_iphone_17_pro_max_that_turned\/\" rel=\"nofollow noopener\" target=\"_blank\">Update on Orange IPhone 17 Pro Max that Turned Rose Gold<\/a><br \/>by<a href=\"https:\/\/www.reddit.com\/user\/DakAttack316\/\" rel=\"nofollow noopener\" target=\"_blank\">u\/DakAttack316<\/a> in<a href=\"https:\/\/www.reddit.com\/r\/iphone\/\" rel=\"nofollow noopener\" target=\"_blank\">iphone<\/a><\/p>\n<\/blockquote>\n<p style=\"width: 98%; text-align: center; font-size:13px; border-bottom: 1px solid #C8C8C8; line-height: 0.1em; margin: 8px 1% 16px 1%;\">MAINOS (ARTIKKELI JATKUU ALLA)<\/p>\n<p>Mainos: <a href=\"https:\/\/hinta.fi\/?src=gPp6fX03\" target=\"_blank\" rel=\"nofollow noopener\">Noin 1 600 000 tuotteen hintavertailu ja hintaseuranta &#8211; katso Hinta.fist\u00e4 mist\u00e4 saat halvimmalla<\/a><\/p>\n","protected":false},"excerpt":{"rendered":"T\u00e4lt\u00e4 iPhone 17 Pro -puhelinten kosmisen oranssin ja mustansinisen v\u00e4rivaihtoehdon pit\u00e4isi n\u00e4ytt\u00e4\u00e4. Applen syksyn 2025 iPhone-uutuudet eli iPhone&hellip;\n","protected":false},"author":2,"featured_media":66667,"comment_status":"","ping_status":"","sticky":false,"template":"","format":"standard","meta":{"footnotes":""},"categories":[85],"tags":[33,31,30,419,418,32,91,92],"class_list":{"0":"post-66666","1":"post","2":"type-post","3":"status-publish","4":"format-standard","5":"has-post-thumbnail","7":"category-mobiili","8":"tag-fi","9":"tag-finland","10":"tag-finnish","11":"tag-mobiili","12":"tag-mobile","13":"tag-suomi","14":"tag-technology","15":"tag-teknologia"},"share_on_mastodon":{"url":"","error":""},"_links":{"self":[{"href":"https:\/\/www.europesays.com\/fi\/wp-json\/wp\/v2\/posts\/66666","targetHints":{"allow":["GET"]}}],"collection":[{"href":"https:\/\/www.europesays.com\/fi\/wp-json\/wp\/v2\/posts"}],"about":[{"href":"https:\/\/www.europesays.com\/fi\/wp-json\/wp\/v2\/types\/post"}],"author":[{"embeddable":true,"href":"https:\/\/www.europesays.com\/fi\/wp-json\/wp\/v2\/users\/2"}],"replies":[{"embeddable":true,"href":"https:\/\/www.europesays.com\/fi\/wp-json\/wp\/v2\/comments?post=66666"}],"version-history":[{"count":0,"href":"https:\/\/www.europesays.com\/fi\/wp-json\/wp\/v2\/posts\/66666\/revisions"}],"wp:featuredmedia":[{"embeddable":true,"href":"https:\/\/www.europesays.com\/fi\/wp-json\/wp\/v2\/media\/66667"}],"wp:attachment":[{"href":"https:\/\/www.europesays.com\/fi\/wp-json\/wp\/v2\/media?parent=66666"}],"wp:term":[{"taxonomy":"category","embeddable":true,"href":"https:\/\/www.europesays.com\/fi\/wp-json\/wp\/v2\/categories?post=66666"},{"taxonomy":"post_tag","embeddable":true,"href":"https:\/\/www.europesays.com\/fi\/wp-json\/wp\/v2\/tags?post=66666"}],"curies":[{"name":"wp","href":"https:\/\/api.w.org\/{rel}","templated":true}]}}