{"id":66690,"date":"2025-10-19T20:07:10","date_gmt":"2025-10-19T20:07:10","guid":{"rendered":"https:\/\/www.europesays.com\/fi\/66690\/"},"modified":"2025-10-19T20:07:10","modified_gmt":"2025-10-19T20:07:10","slug":"slipknotin-taistelu-slipknot-com-sivustosta-kaaoszine","status":"publish","type":"post","link":"https:\/\/www.europesays.com\/fi\/66690\/","title":{"rendered":"Slipknotin taistelu Slipknot.com-sivustosta &#8211; KaaosZine"},"content":{"rendered":"<p>Maskip\u00e4isen metallin j\u00e4ttil\u00e4inen <strong>Slipknot<\/strong> on j\u00e4tt\u00e4nyt kanteen henkil\u00f6\u00e4 vastaan, jonka b\u00e4ndi syytt\u00e4\u00e4 <a href=\"https:\/\/slipknot.com\" rel=\"nofollow noopener\" target=\"_blank\">Slipknot.com<\/a>-verkkotunnuksen kaappaamisesta ja sen k\u00e4ytt\u00e4misest\u00e4 piraattituotteiden mainostamiseen. Kanne j\u00e4tettiin keskiviikkona 15. lokakuuta, ja yhtye pyrkii saamaan verkkotunnuksen hallintaansa itselleen.<\/p>\n<p>Kyseinen henkil\u00f6 on hallinnut osoitetta jo vuodesta 2001 l\u00e4htien, mik\u00e4 on pakottanut yhtyeen toimimaan vaihtoehtoisella osoitteella <a href=\"https:\/\/slipknot1.com\" rel=\"nofollow noopener\" target=\"_blank\">slipknot1.com<\/a>. <a href=\"https:\/\/www.billboard.com\/pro\/slipknot-lawsuit-website-cyber-squatter\/\" rel=\"nofollow noopener\" target=\"_blank\">Billboardin<\/a> mukaan yhtyeen asianajaja Craig Reilly kommentoi kanteessa seuraavasti:<\/p>\n<blockquote class=\"wp-block-quote is-layout-flow wp-block-quote-is-layout-flow\">\n<p>\u201dVerkkotunnus rekister\u00f6itiin tarkoituksena hy\u00f6ty\u00e4 kantajan hyv\u00e4st\u00e4 maineesta ja huijata pahaa-aavistamattomat vierailijat \u2013 jotka luulevat vierailevansa Slipknotin virallisella verkkosivustolla \u2013 klikkaamaan hakutuloksia ja sponsoroituja linkkej\u00e4.\u201d<\/p>\n<p>Artikkeli jatkuu mainoksen j\u00e4lkeen<br \/>\nMainos p\u00e4\u00e4ttyy<\/p>\n<\/blockquote>\n<p>Kanteessa v\u00e4itet\u00e4\u00e4n lis\u00e4ksi, ett\u00e4 Slipknot.com sis\u00e4lt\u00e4\u00e4 klikkausperusteisia mainoksia, jotka ohjaavat k\u00e4ytt\u00e4ji\u00e4 v\u00e4\u00e4rennettyjen oheis-tuotteiden pariin. T\u00e4m\u00e4n vuoksi yhtye syytt\u00e4\u00e4 verkkotunnuksen haltijaa my\u00f6s tavaramerkkirikkomuksesta ja ep\u00e4reilusta kilpailusta, ja hakee samalla m\u00e4\u00e4rittelem\u00e4tt\u00f6mi\u00e4 rahallisia korvauksia.<\/p>\n<p><strong>Slipknot<\/strong> ei ole toistaiseksi antanut tarkempia kommentteja asian etenemisest\u00e4.<\/p>\n<p><strong>Slipknotin <\/strong>oikeustaistelut eiv\u00e4t ole aiemmin rajoittuneet vain ulkopuolisiin tahoihin. Vuonna 2019 yhtye ajautui oikeuteen my\u00f6s oman perkussionistinsa Chris Fehnin <a href=\"https:\/\/kaaoszine.fi\/chris-fehnin-ja-slipknotin-valisessa-oikeuskiistassa-saavutettu-sovinto\/\" rel=\"nofollow noopener\" target=\"_blank\">kanssa<\/a>, joka haastoi b\u00e4ndin oikeuteen syytt\u00e4en muita j\u00e4seni\u00e4 taloudellisesta ep\u00e4rehellisyydest\u00e4 ja piiloyhti\u00f6iden perustamisesta h\u00e4nen tiet\u00e4m\u00e4tt\u00e4\u00e4n. Fehnin ja yhtyeen v\u00e4liset erimielisyydet johtivat lopulta muusikon eroon <strong>Slipknotista<\/strong>, ja oikeusprosessi p\u00e4\u00e4ttyi osapuolten sovintoon vuonna 2020.<\/p>\n<p>Artikkeli jatkuu mainoksen j\u00e4lkeenMainos p\u00e4\u00e4ttyy<\/p>\n<p><a class=\"gofollow\" data-track=\"MjcxNyw0OCwxLDYw\" href=\"https:\/\/zrock.fi\/\" rel=\"nofollow noopener\" target=\"_blank\"><img decoding=\"async\" src=\"https:\/\/www.europesays.com\/fi\/wp-content\/uploads\/2025\/10\/zrock-980x400px.png\"\/><\/a>        <\/p>\n","protected":false},"excerpt":{"rendered":"Maskip\u00e4isen metallin j\u00e4ttil\u00e4inen Slipknot on j\u00e4tt\u00e4nyt kanteen henkil\u00f6\u00e4 vastaan, jonka b\u00e4ndi syytt\u00e4\u00e4 Slipknot.com-verkkotunnuksen kaappaamisesta ja sen k\u00e4ytt\u00e4misest\u00e4 piraattituotteiden&hellip;\n","protected":false},"author":2,"featured_media":66691,"comment_status":"","ping_status":"","sticky":false,"template":"","format":"standard","meta":{"footnotes":""},"categories":[132],"tags":[137,33,31,30,195,47,15064,32,109],"class_list":{"0":"post-66690","1":"post","2":"type-post","3":"status-publish","4":"format-standard","5":"has-post-thumbnail","7":"category-musiikki","8":"tag-entertainment","9":"tag-fi","10":"tag-finland","11":"tag-finnish","12":"tag-music","13":"tag-musiikki","14":"tag-slipknot","15":"tag-suomi","16":"tag-viihde"},"share_on_mastodon":{"url":"","error":""},"_links":{"self":[{"href":"https:\/\/www.europesays.com\/fi\/wp-json\/wp\/v2\/posts\/66690","targetHints":{"allow":["GET"]}}],"collection":[{"href":"https:\/\/www.europesays.com\/fi\/wp-json\/wp\/v2\/posts"}],"about":[{"href":"https:\/\/www.europesays.com\/fi\/wp-json\/wp\/v2\/types\/post"}],"author":[{"embeddable":true,"href":"https:\/\/www.europesays.com\/fi\/wp-json\/wp\/v2\/users\/2"}],"replies":[{"embeddable":true,"href":"https:\/\/www.europesays.com\/fi\/wp-json\/wp\/v2\/comments?post=66690"}],"version-history":[{"count":0,"href":"https:\/\/www.europesays.com\/fi\/wp-json\/wp\/v2\/posts\/66690\/revisions"}],"wp:featuredmedia":[{"embeddable":true,"href":"https:\/\/www.europesays.com\/fi\/wp-json\/wp\/v2\/media\/66691"}],"wp:attachment":[{"href":"https:\/\/www.europesays.com\/fi\/wp-json\/wp\/v2\/media?parent=66690"}],"wp:term":[{"taxonomy":"category","embeddable":true,"href":"https:\/\/www.europesays.com\/fi\/wp-json\/wp\/v2\/categories?post=66690"},{"taxonomy":"post_tag","embeddable":true,"href":"https:\/\/www.europesays.com\/fi\/wp-json\/wp\/v2\/tags?post=66690"}],"curies":[{"name":"wp","href":"https:\/\/api.w.org\/{rel}","templated":true}]}}