{"id":66694,"date":"2025-10-19T20:11:07","date_gmt":"2025-10-19T20:11:07","guid":{"rendered":"https:\/\/www.europesays.com\/fi\/66694\/"},"modified":"2025-10-19T20:11:07","modified_gmt":"2025-10-19T20:11:07","slug":"nanna-karalahti-avautuu-arasta-aiheesta","status":"publish","type":"post","link":"https:\/\/www.europesays.com\/fi\/66694\/","title":{"rendered":"Nanna Karalahti avautuu arasta aiheesta"},"content":{"rendered":"<p>\n            (220809) &#8212; Helsinki, August 9, 2022 \u2013 Nanna Karalahti poses for the camera during HERO, girls workout clothes &#8211; press conference in Helsinki, Finland, 9. August 2022. (Matti Matikainen\/Aller Media)<br \/>\n            Matti Matikainen\n        <\/p>\n<p class=\"subtitle \">Nanna Karalahti ei j\u00e4\u00e4nyt sanattomaksi saadessaan lapseensa liittyv\u00e4n kysymyksen.<\/p>\n<p class=\"article-content article-content-width !bg-background\">Hyvinvointivalmentaja-yritt\u00e4j\u00e4  julkaisi t\u00e4n\u00e4\u00e4n (19.10.) <a href=\"https:\/\/www.instagram.com\/nanna.karalahti\/\" target=\"_blank\" style=\"font-size:1.125rem\" rel=\"nofollow noopener\">Instagram-tilins\u00e4<\/a> tarinat-osiossa avautumisen vanhemmuuteen liittyen. Julkaisemassaan kuvassa h\u00e4n vastaa seuraajansa esitt\u00e4m\u00e4\u00e4n kysymykseen, joka kuuluu n\u00e4in:<\/p>\n<p class=\"article-content article-content-width !bg-background\"> \u2013 Olisiko 3-vuotiaan aika luopua tutista? Alkaa pian jo hampaatkin k\u00e4rsi\u00e4.<\/p>\n<p class=\"article-content article-content-width !bg-background\">Nanna ei j\u00e4\u00e4nyt kysymyksen edess\u00e4 suinkaan sanattomaksi, vaan kirjoitti kuvan p\u00e4\u00e4lle pitk\u00e4n vastauksen, jossa h\u00e4n kertoo suhtautumisestaan el\u00e4m\u00e4\u00e4n ja vanhemmuuteen.<\/p>\n<p>        <a itemprop=\"url\" href=\"https:\/\/www.seiska.fi\/vain-seiskassa\/ohhoh-nanna-karalahti-ja-urheilijakomistus-viihtyvat-yhdessa\/1847315\" rel=\"nofollow noopener\" target=\"_blank\"><\/p>\n<p>\nNanna Karalahti\n<\/p>\n<p class=\"section-date\">\n        <strong class=\"article-section\" data-section=\"vain seiskassa\"><br \/>\n            vain seiskassa<br \/>\n        <\/strong><br \/>\n        29.6. 07:00\n    <\/p>\n<p>Ohhoh! Nanna Karalahti ja urheilijakomistus viihtyv\u00e4t yhdess\u00e4\n    <\/p>\n<p itemprop=\"description\" class=\"subtitle \">\n    Seiskan tietojen mukaan Nanna Karalahden el\u00e4m\u00e4ss\u00e4 puhaltavat nyt uudet tuulet.\n<\/p>\n<p>        <\/a><\/p>\n<p class=\"article-content article-content-width !bg-background\">Instagramin tarinat ovat katsottavissa 24 tuntia julkaisustaan.<\/p>\n<p>&#8221;Ei ole suoritus&#8221;<\/p>\n<p class=\"article-content article-content-width !bg-background\">Nanna aloittaa vastauksensa kertomalla saavansa aiheeseen liittyvi\u00e4 kysymyksi\u00e4 usein. H\u00e4n kertoo ottaneensa kahdelta vanhemmalta lapselta pois 1-vuotiaina edell\u00e4 mainitusta syyst\u00e4, mutta ajattelunsa sittemmin muuttuneen.<\/p>\n<p class=\"article-content article-content-width !bg-background\"> \u2013 Ajattelin my\u00f6s, kun n\u00e4in vanhemman tutti suussa, ett\u00e4 pit\u00e4isik\u00f6 hei jo luopua. Nyt ajattelen taas kaikesta v\u00e4h\u00e4n eri tavalla&#8230; El\u00e4m\u00e4 kun ei ole suoritus, vanhemmuus ei ole suoritus. Me v\u00e4symme suorittamiseen.<\/p>\n<p>        <a itemprop=\"url\" href=\"https:\/\/www.seiska.fi\/kotimaa\/nanna-karalahti-teki-huiman-paljastuksen-tulevaisuudestaan\/1885393\" rel=\"nofollow noopener\" target=\"_blank\"><\/p>\n<p>\nJ\u00f6sses!\n<\/p>\n<p class=\"section-date\">\n        <strong class=\"article-section\" data-section=\"kotimaa\"><br \/>\n            kotimaa<br \/>\n        <\/strong><br \/>\n        31.7. 10:56\n    <\/p>\n<p>Nanna Karalahti teki huiman paljastuksen tulevaisuudestaan\n    <\/p>\n<p itemprop=\"description\" class=\"subtitle \">\n    Nanna suunnitelmat saisivat monille hien pintaan jo pelk\u00e4st\u00e4\u00e4n ajatuksen tasolla.\n<\/p>\n<p>        <\/a><\/p>\n<p class=\"article-content article-content-width !bg-background\"> \u2013 Min\u00e4 en aio en\u00e4\u00e4 suorittaa vanhemmuutta muulla tavalla kuin olemalla luotettava ja turvallinen aikuinen, yhdess\u00e4 opitaan ja opetellaan, Nanna kirjoittaa.<\/p>\n<p class=\"article-content article-content-width !bg-background\">Viel\u00e4 tulee aika, kun tutista luovutaan my\u00f6s Karalahden taloudessa, mutta se aika ei ole ihan viel\u00e4, sill\u00e4 Nanna kokee, ett\u00e4 h\u00e4nell\u00e4 on \u00e4itin\u00e4 t\u00e4rke\u00e4mpi\u00e4 teht\u00e4vi\u00e4 juuri nyt.<\/p>\n<p>Ei suostu esitt\u00e4m\u00e4\u00e4n<\/p>\n<p class=\"article-content article-content-width !bg-background\">Muuttunut suhtautuminen vanhemmuuteen ja el\u00e4m\u00e4\u00e4n on saanut sporttivaikuttajan luopumaan kulisseista:<\/p>\n<p class=\"article-content article-content-width !bg-background\"> \u2013 Enk\u00e4 suostu en\u00e4\u00e4 esitt\u00e4m\u00e4\u00e4n jotenkin todella hyv\u00e4\u00e4 \u00e4it\u00e4, tai ett\u00e4 tekisin oppikirjasta kaiken, Nanna lataa tekstiss\u00e4\u00e4n.<\/p>\n<p>        <a itemprop=\"url\" href=\"https:\/\/www.seiska.fi\/kotimaa\/nanna-karalahti-paatyi-yllattavaan-ratkaisuun\/1953118\" rel=\"nofollow noopener\" target=\"_blank\"><\/p>\n<p>\nNanna Karalahti\n<\/p>\n<p class=\"section-date\">\n        <strong class=\"article-section\" data-section=\"kotimaa\"><br \/>\n            kotimaa<br \/>\n        <\/strong><br \/>\n        6.10. 18:30\n    <\/p>\n<p>Nanna Karalahti p\u00e4\u00e4tyi yll\u00e4tt\u00e4v\u00e4\u00e4n ratkaisuun\n    <\/p>\n<p itemprop=\"description\" class=\"subtitle \">\n    Nanna raportoi muodonmuutoksestaan maanantaina.\n<\/p>\n<p>        <\/a><\/p>\n<p class=\"article-content article-content-width !bg-background\"> \u2013 Ennen minua olisi h\u00e4vett\u00e4nyt, ett\u00e4 esimerkiksi lapseni sy\u00f6 viel\u00e4 tuttia, mutta en\u00e4\u00e4 en aio.<\/p>\n<p class=\"article-content article-content-width !bg-background\">Nanna lopettaa viestins\u00e4 kertomalla, ett\u00e4 ep\u00e4t\u00e4ydellisyys sek\u00e4 virheet ovat h\u00e4nelle nyky\u00e4\u00e4n se paikka, miss\u00e4 asuvat n\u00f6yryys ja rauha.<\/p>\n<p><script async src=\"\/\/www.instagram.com\/embed.js\"><\/script><\/p>\n","protected":false},"excerpt":{"rendered":"(220809) &#8212; Helsinki, August 9, 2022 \u2013 Nanna Karalahti poses for the camera during HERO, girls workout clothes&hellip;\n","protected":false},"author":2,"featured_media":66695,"comment_status":"","ping_status":"","sticky":false,"template":"","format":"standard","meta":{"footnotes":""},"categories":[130],"tags":[137,33,31,30,2233,5541,98,32,15065,3342,109],"class_list":{"0":"post-66694","1":"post","2":"type-post","3":"status-publish","4":"format-standard","5":"has-post-thumbnail","7":"category-viihde","8":"tag-entertainment","9":"tag-fi","10":"tag-finland","11":"tag-finnish","12":"tag-hyvinvointi","13":"tag-nanna-karalahti","14":"tag-perhe","15":"tag-suomi","16":"tag-tutti","17":"tag-vanhemmuus","18":"tag-viihde"},"share_on_mastodon":{"url":"","error":""},"_links":{"self":[{"href":"https:\/\/www.europesays.com\/fi\/wp-json\/wp\/v2\/posts\/66694","targetHints":{"allow":["GET"]}}],"collection":[{"href":"https:\/\/www.europesays.com\/fi\/wp-json\/wp\/v2\/posts"}],"about":[{"href":"https:\/\/www.europesays.com\/fi\/wp-json\/wp\/v2\/types\/post"}],"author":[{"embeddable":true,"href":"https:\/\/www.europesays.com\/fi\/wp-json\/wp\/v2\/users\/2"}],"replies":[{"embeddable":true,"href":"https:\/\/www.europesays.com\/fi\/wp-json\/wp\/v2\/comments?post=66694"}],"version-history":[{"count":0,"href":"https:\/\/www.europesays.com\/fi\/wp-json\/wp\/v2\/posts\/66694\/revisions"}],"wp:featuredmedia":[{"embeddable":true,"href":"https:\/\/www.europesays.com\/fi\/wp-json\/wp\/v2\/media\/66695"}],"wp:attachment":[{"href":"https:\/\/www.europesays.com\/fi\/wp-json\/wp\/v2\/media?parent=66694"}],"wp:term":[{"taxonomy":"category","embeddable":true,"href":"https:\/\/www.europesays.com\/fi\/wp-json\/wp\/v2\/categories?post=66694"},{"taxonomy":"post_tag","embeddable":true,"href":"https:\/\/www.europesays.com\/fi\/wp-json\/wp\/v2\/tags?post=66694"}],"curies":[{"name":"wp","href":"https:\/\/api.w.org\/{rel}","templated":true}]}}