{"id":66704,"date":"2025-10-19T20:32:14","date_gmt":"2025-10-19T20:32:14","guid":{"rendered":"https:\/\/www.europesays.com\/fi\/66704\/"},"modified":"2025-10-19T20:32:14","modified_gmt":"2025-10-19T20:32:14","slug":"tama-minna-kuukan-suoritus-sai-helena-ahti-hallbergin-hehkuttamaan","status":"publish","type":"post","link":"https:\/\/www.europesays.com\/fi\/66704\/","title":{"rendered":"T\u00e4m\u00e4 Minna Kuukan suoritus sai Helena Ahti-Hallbergin hehkuttamaan"},"content":{"rendered":"<p><strong class=\"typography-bold\">Radiojuontaja Minna Kuukka ja Mikko Ahti saivat kehuja tangostaan.<\/strong><\/p>\n<p><a class=\"underline\" data-testid=\"external-link\" href=\"https:\/\/www.mtvuutiset.fi\/aihe\/tanssii-tahtien-kanssa\/2839810\" rel=\"noopener noreferrer nofollow\" data-sentry-component=\"ExternalLink\" data-sentry-source-file=\"ExternalLink.tsx\" target=\"_blank\">Tanssii T\u00e4htien Kanssa<\/a> -ohjelman seitsem\u00e4nness\u00e4 jaksossa radiojuontaja <a class=\"underline\" data-testid=\"internal-link\" role=\"link\" data-sentry-element=\"Link\" data-sentry-component=\"InternalLink\" data-sentry-source-file=\"InternalLink.tsx\" href=\"https:\/\/www.mtvuutiset.fi\/aihe\/minna-kuukka\/7144284\" rel=\"nofollow noopener\" target=\"_blank\"><strong class=\"typography-bold\">Minna Kuukka<\/strong><\/a> ja <a class=\"underline\" data-testid=\"internal-link\" role=\"link\" data-sentry-element=\"Link\" data-sentry-component=\"InternalLink\" data-sentry-source-file=\"InternalLink.tsx\" href=\"https:\/\/www.mtvuutiset.fi\/aihe\/mikko-ahti\/9217828\" rel=\"nofollow noopener\" target=\"_blank\"><strong class=\"typography-bold\">Mikko Ahti<\/strong><\/a> tanssivat tangon. Tanssiparin kappaleena oli <strong class=\"typography-bold\">Eppu Normaalin<\/strong> Vihre\u00e4n joen rannalla (Kauan sitten).<\/p>\n<p>Esitys vakuutti tuomariston <a class=\"underline\" data-testid=\"internal-link\" role=\"link\" data-sentry-element=\"Link\" data-sentry-component=\"InternalLink\" data-sentry-source-file=\"InternalLink.tsx\" href=\"https:\/\/www.mtvuutiset.fi\/aihe\/helena-ahti-hallberg\/2889966\" rel=\"nofollow noopener\" target=\"_blank\"><strong class=\"typography-bold\">Helena Ahti-Hallbergin<\/strong><\/a><strong class=\"typography-bold\">, <\/strong><a class=\"underline\" data-testid=\"internal-link\" role=\"link\" data-sentry-element=\"Link\" data-sentry-component=\"InternalLink\" data-sentry-source-file=\"InternalLink.tsx\" href=\"https:\/\/www.mtvuutiset.fi\/aihe\/jukka-haapalainen\/7593898\" rel=\"nofollow noopener\" target=\"_blank\"><strong class=\"typography-bold\">Jukka Haapalaisen<\/strong><\/a> ja <a class=\"underline\" data-testid=\"internal-link\" role=\"link\" data-sentry-element=\"Link\" data-sentry-component=\"InternalLink\" data-sentry-source-file=\"InternalLink.tsx\" href=\"https:\/\/www.mtvuutiset.fi\/aihe\/jorma-uotinen\/2874738\" rel=\"nofollow noopener\" target=\"_blank\"><strong class=\"typography-bold\">Jorma Uotisen<\/strong>.<\/a><\/p>\n<p>\u2013 T\u00e4ss\u00e4 oli enemm\u00e4n vauhtia, kuin miss\u00e4\u00e4n muussa teid\u00e4n tanssissa, Haapalainen julisti.<\/p>\n<p><img alt=\"tanssiitahtienkanssa_S18_EPS8_kuvaajakatjatamminen_kenraali_minnamikko\" data-testid=\"crops-image\" class=\"h-full w-full object-cover transition duration-700 ease-in-out hover:scale-[1.05]\" fetchpriority=\"low\" loading=\"lazy\" width=\"1024\" height=\"576\" decoding=\"async\" style=\"color:transparent;background-size:cover;background-position:50% 50%;background-repeat:no-repeat;background-image:url(&quot;data:image\/svg+xml;base64,Cjxzdmcgd2lkdGg9IjEwMjQiIGhlaWdodD0iNTc2IiB2ZXJzaW9uPSIxLjEiIHhtbG5zPSJodHRwOi8vd3d3LnczLm9yZy8yMDAwL3N2ZyIgeG1sbnM6eGxpbms9Imh0dHA6Ly93d3cudzMub3JnLzE5OTkveGxpbmsiPgogIDxkZWZzPgogICAgPGxpbmVhckdyYWRpZW50IGlkPSJnIj4KICAgICAgPHN0b3Agc3RvcC1jb2xvcj0iIzBCMTgyMyIgb2Zmc2V0PSIyMCUiIC8+CiAgICAgIDxzdG9wIHN0b3AtY29sb3I9IiMxQTI3MzIiIG9mZnNldD0iNTAlIiAvPgogICAgICA8c3RvcCBzdG9wLWNvbG9yPSIjMEIxODIzIiBvZmZzZXQ9IjcwJSIgLz4KICAgIDwvbGluZWFyR3JhZGllbnQ+CiAgPC9kZWZzPgogIDxyZWN0IHdpZHRoPSIxMDI0IiBoZWlnaHQ9IjU3NiIgZmlsbD0iIzBCMTgyMyIgLz4KICA8cmVjdCBpZD0iciIgd2lkdGg9IjEwMjQiIGhlaWdodD0iNTc2IiBmaWxsPSJ1cmwoI2cpIiAvPgogIDxhbmltYXRlIHhsaW5rOmhyZWY9IiNyIiBhdHRyaWJ1dGVOYW1lPSJ4IiBmcm9tPSItMTAyNCIgdG89IjEwMjQiIGR1cj0iMXMiIHJlcGVhdENvdW50PSJpbmRlZmluaXRlIiAgLz4KPC9zdmc+&quot;)\" src=\"https:\/\/www.europesays.com\/fi\/wp-content\/uploads\/2025\/10\/1760905933_484_image\"\/><\/p>\n<p>Lue my\u00f6s: <a class=\"underline\" data-testid=\"internal-link\" role=\"link\" data-sentry-element=\"Link\" data-sentry-component=\"InternalLink\" data-sentry-source-file=\"InternalLink.tsx\" href=\"https:\/\/www.mtvuutiset.fi\/artikkeli\/minna-kuukan-laiha-pistesaalis-sai-ttk-yleison-buuamaan-nain-tahtitanssija-puolustautui\/9238404\" rel=\"nofollow noopener\" target=\"_blank\">Minna Kuukan laiha pistesaalis sai TTK-yleis\u00f6n buuamaan \u2013 n\u00e4in t\u00e4htitanssija puolustautui<\/a><\/p>\n<p>H\u00e4n mainitsi my\u00f6s kahdesta rytmist\u00e4 putoamisesta.\u00a0<\/p>\n<p>\u2013 Ollaan oltu t\u00e4\u00e4ll\u00e4 v\u00e4h\u00e4n rytmipoliiseja, joten t\u00e4st\u00e4 t\u00e4ytyy mainita, Haapalainen lis\u00e4si.\u00a0<\/p>\n<p>Ahti-Hallberg huomasi Ahdin lis\u00e4nneen tanssien koreografian vaatimustasoa.\u00a0<\/p>\n<p>\u2013 Se kertoo, ett\u00e4 sinulle on tullut lis\u00e4kyky\u00e4 omaksua, taitoa ja kehityst\u00e4. Ehdottomasti paras, mit\u00e4 ollaan t\u00e4m\u00e4n kauden aikana sinulta n\u00e4hty. Siell\u00e4 oli toki jalkatekniikan ja asennon osalta haasteita. Haasteista huolimatta t\u00e4m\u00e4 oli upea aloitus illalle, h\u00e4n kehui Kuukkaa.\u00a0<\/p>\n<p>Pari sai yhteens\u00e4 19 pistett\u00e4.\u00a0<\/p>\n<p><strong class=\"typography-bold\">Tanssii T\u00e4htien Kanssa su klo 19.30 <\/strong><a class=\"underline\" data-testid=\"external-link\" href=\"https:\/\/www.mtv.fi\/ohjelma\/5d872b916e7968c4206a\/tanssii-tahtien-kanssa\" rel=\"noopener noreferrer nofollow\" data-sentry-component=\"ExternalLink\" data-sentry-source-file=\"ExternalLink.tsx\" target=\"_blank\"><strong class=\"typography-bold\">MTV Katsomossa<\/strong><\/a><strong class=\"typography-bold\"> ja MTV3-kanavalla.<\/strong><\/p>\n","protected":false},"excerpt":{"rendered":"Radiojuontaja Minna Kuukka ja Mikko Ahti saivat kehuja tangostaan. Tanssii T\u00e4htien Kanssa -ohjelman seitsem\u00e4nness\u00e4 jaksossa radiojuontaja Minna Kuukka&hellip;\n","protected":false},"author":2,"featured_media":66705,"comment_status":"","ping_status":"","sticky":false,"template":"","format":"standard","meta":{"footnotes":""},"categories":[133],"tags":[137,33,31,30,32,206,156,109],"class_list":{"0":"post-66704","1":"post","2":"type-post","3":"status-publish","4":"format-standard","5":"has-post-thumbnail","7":"category-televisiot","8":"tag-entertainment","9":"tag-fi","10":"tag-finland","11":"tag-finnish","12":"tag-suomi","13":"tag-televisiot","14":"tag-tv","15":"tag-viihde"},"share_on_mastodon":{"url":"","error":""},"_links":{"self":[{"href":"https:\/\/www.europesays.com\/fi\/wp-json\/wp\/v2\/posts\/66704","targetHints":{"allow":["GET"]}}],"collection":[{"href":"https:\/\/www.europesays.com\/fi\/wp-json\/wp\/v2\/posts"}],"about":[{"href":"https:\/\/www.europesays.com\/fi\/wp-json\/wp\/v2\/types\/post"}],"author":[{"embeddable":true,"href":"https:\/\/www.europesays.com\/fi\/wp-json\/wp\/v2\/users\/2"}],"replies":[{"embeddable":true,"href":"https:\/\/www.europesays.com\/fi\/wp-json\/wp\/v2\/comments?post=66704"}],"version-history":[{"count":0,"href":"https:\/\/www.europesays.com\/fi\/wp-json\/wp\/v2\/posts\/66704\/revisions"}],"wp:featuredmedia":[{"embeddable":true,"href":"https:\/\/www.europesays.com\/fi\/wp-json\/wp\/v2\/media\/66705"}],"wp:attachment":[{"href":"https:\/\/www.europesays.com\/fi\/wp-json\/wp\/v2\/media?parent=66704"}],"wp:term":[{"taxonomy":"category","embeddable":true,"href":"https:\/\/www.europesays.com\/fi\/wp-json\/wp\/v2\/categories?post=66704"},{"taxonomy":"post_tag","embeddable":true,"href":"https:\/\/www.europesays.com\/fi\/wp-json\/wp\/v2\/tags?post=66704"}],"curies":[{"name":"wp","href":"https:\/\/api.w.org\/{rel}","templated":true}]}}