{"id":66755,"date":"2025-10-19T22:16:11","date_gmt":"2025-10-19T22:16:11","guid":{"rendered":"https:\/\/www.europesays.com\/fi\/66755\/"},"modified":"2025-10-19T22:16:11","modified_gmt":"2025-10-19T22:16:11","slug":"leuat-loksahtivat-masked-paljastuksesta-oltiin-varmoja-etta-mtvuutiset-fi","status":"publish","type":"post","link":"https:\/\/www.europesays.com\/fi\/66755\/","title":{"rendered":"Leuat loksahtivat Masked-paljastuksesta: &quot;Oltiin varmoja, ett\u00e4&#8230;&quot; &#8211; mtvuutiset.fi"},"content":{"rendered":"<ol>\n<li><a href=\"https:\/\/news.google.com\/rss\/articles\/CBMipgFBVV95cUxQakZnLUM4aDNYcVpDV0I0R2ZkMUJ1RllqcWVMV3FpblNDdXFfdlRQMVlrYVQtM0NVcFh6WXVsV0R1YVFfbzRFbVJZbWdkT3Jxb0V2Z01vQ1BXcTNqZDJYaGhHREVuSU5xQUx5WWRKdmtIWkEwVEV2RXZHTllMOFYyUlhpRlhLMHNTVG9ZZDdQOGJaVG9heEF4YzVpT1lTTnpUX2phajFR?oc=5\" target=\"_blank\" rel=\"nofollow noopener\">Leuat loksahtivat Masked-paljastuksesta: &#8221;Oltiin varmoja, ett\u00e4&#8230;&#8221;<\/a>&nbsp;&nbsp;mtvuutiset.fi<\/li>\n<li><a href=\"https:\/\/news.google.com\/rss\/articles\/CBMiW0FVX3lxTE52Z2pzS1ZOamlsNUUzOENXLVNsSWhMZnRSYTZ6TjdSTmItUFVXNGVLcTQ4dkI5VHR2S3VyclJOOEdpUTMxcC1pdmlOOWt4OVlqSjVWOHZxcF94X1k?oc=5\" target=\"_blank\" rel=\"nofollow noopener\">Masked Singer -hahmon henkil\u00f6llisyys j\u00e4rkytti panelistit \u2013 \u201dApua, olen shokissa\u201d<\/a>&nbsp;&nbsp;Ilta-Sanomat<\/li>\n<li><a href=\"https:\/\/news.google.com\/rss\/articles\/CBMiggFBVV95cUxNeU03cTNLMlhfdjh0WVd4czZLcjlVVkVsV3BlNHVrYVFTYXY1Y3JBOGpwRWV5VTlBYk84RVU2SFlKRzRCTlFFZzAyQkIwSElyWUhLVFduUW9ZamdxZ2N2N1pLWEpwVnh4RUVmd0pOcG1MMnMzUzRQTEFRaXpTMzhyZU93?oc=5\" target=\"_blank\" rel=\"nofollow noopener\">Masked Singer Suomi: H\u00e4n paljastui<\/a>&nbsp;&nbsp;Iltalehti<\/li>\n<li><a href=\"https:\/\/news.google.com\/rss\/articles\/CBMiW0FVX3lxTE80cm52OVM5ci1uRHdFVDQyS2lFcnBxU3c2SFRGM0MyWGd1MzdnUkJvWjVsQURaOS16bzRXd0d0bWRvYzV1dVJ4ZGdvVUlMOE9WMGtjZXFGZ3U4Nmc?oc=5\" target=\"_blank\" rel=\"nofollow noopener\">Masked Singer -putoaja on todellinen yll\u00e4tys \u2013 etsiv\u00e4t j\u00e4\u00e4v\u00e4t tuijottamaan \u00e4llistynein\u00e4: \u201dEi oo todellista\u201d<\/a>&nbsp;&nbsp;Ilta-Sanomat<\/li>\n<li><a href=\"https:\/\/news.google.com\/rss\/articles\/CBMiggFBVV95cUxQWGZSX0taaGNlY3o2TmZhY2JsYzY3d1Q0eWVkbGFrR3F2aXdLZDJ1Qmt6UDR4eHMwTGxobG9IOC0yY3dzV2tmakstWUszcUJYTkxSMHM3RkhzcVJPYUhOVjA3TXJHLXdlcXVvNExvdFNFSDZuNWo5dDRwUFd1dlNSZTBn?oc=5\" target=\"_blank\" rel=\"nofollow noopener\">Masked Singer Suomessa paljastui tunnettu n\u00e4yttelij\u00e4 \u2013 Kukaan ei arvannut<\/a>&nbsp;&nbsp;Iltalehti<\/li>\n<\/ol>\n","protected":false},"excerpt":{"rendered":"Leuat loksahtivat Masked-paljastuksesta: &#8221;Oltiin varmoja, ett\u00e4&#8230;&#8221;&nbsp;&nbsp;mtvuutiset.fi Masked Singer -hahmon henkil\u00f6llisyys j\u00e4rkytti panelistit \u2013 \u201dApua, olen shokissa\u201d&nbsp;&nbsp;Ilta-Sanomat Masked Singer&hellip;\n","protected":false},"author":2,"featured_media":66756,"comment_status":"","ping_status":"","sticky":false,"template":"","format":"standard","meta":{"footnotes":""},"categories":[133],"tags":[137,33,31,30,32,206,156,109],"class_list":{"0":"post-66755","1":"post","2":"type-post","3":"status-publish","4":"format-standard","5":"has-post-thumbnail","7":"category-televisiot","8":"tag-entertainment","9":"tag-fi","10":"tag-finland","11":"tag-finnish","12":"tag-suomi","13":"tag-televisiot","14":"tag-tv","15":"tag-viihde"},"share_on_mastodon":{"url":"","error":""},"_links":{"self":[{"href":"https:\/\/www.europesays.com\/fi\/wp-json\/wp\/v2\/posts\/66755","targetHints":{"allow":["GET"]}}],"collection":[{"href":"https:\/\/www.europesays.com\/fi\/wp-json\/wp\/v2\/posts"}],"about":[{"href":"https:\/\/www.europesays.com\/fi\/wp-json\/wp\/v2\/types\/post"}],"author":[{"embeddable":true,"href":"https:\/\/www.europesays.com\/fi\/wp-json\/wp\/v2\/users\/2"}],"replies":[{"embeddable":true,"href":"https:\/\/www.europesays.com\/fi\/wp-json\/wp\/v2\/comments?post=66755"}],"version-history":[{"count":0,"href":"https:\/\/www.europesays.com\/fi\/wp-json\/wp\/v2\/posts\/66755\/revisions"}],"wp:featuredmedia":[{"embeddable":true,"href":"https:\/\/www.europesays.com\/fi\/wp-json\/wp\/v2\/media\/66756"}],"wp:attachment":[{"href":"https:\/\/www.europesays.com\/fi\/wp-json\/wp\/v2\/media?parent=66755"}],"wp:term":[{"taxonomy":"category","embeddable":true,"href":"https:\/\/www.europesays.com\/fi\/wp-json\/wp\/v2\/categories?post=66755"},{"taxonomy":"post_tag","embeddable":true,"href":"https:\/\/www.europesays.com\/fi\/wp-json\/wp\/v2\/tags?post=66755"}],"curies":[{"name":"wp","href":"https:\/\/api.w.org\/{rel}","templated":true}]}}