{"id":66763,"date":"2025-10-19T22:25:11","date_gmt":"2025-10-19T22:25:11","guid":{"rendered":"https:\/\/www.europesays.com\/fi\/66763\/"},"modified":"2025-10-19T22:25:11","modified_gmt":"2025-10-19T22:25:11","slug":"jarjestajat-miljoonia-ihmisia-kokoontunut-trumpia-vastustaviin-mielenosoituksiin","status":"publish","type":"post","link":"https:\/\/www.europesays.com\/fi\/66763\/","title":{"rendered":"J\u00e4rjest\u00e4j\u00e4t: Miljoonia ihmisi\u00e4 kokoontunut Trumpia vastustaviin mielenosoituksiin"},"content":{"rendered":"<p>No Kings -mielenosoituksia on j\u00e4rjestetty jokaisessa Yhdysvaltain 50 osavaltiosta.<\/p>\n<p>19.10. 8:54<\/p>\n<p class=\"article-body mb-nof-24 px-nof-16\">Yhdysvalloissa seitsem\u00e4n miljoonaa ihmist\u00e4 on osallistunut presidentti <a class=\"article-personlink\" href=\"https:\/\/www.satakunnankansa.fi\/haku\/?query=Donald%20Trumpia\" rel=\"nofollow noopener\" target=\"_blank\">Donald Trumpia<\/a> vastustaviin mielenosoituksiin ymp\u00e4ri maata, kertovat j\u00e4rjest\u00e4j\u00e4t.<\/p>\n<p class=\"article-body mb-nof-24 px-nof-16\">Mittavia No Kings -mielenosoituksia on j\u00e4rjestetty jokaisessa Yhdysvaltain 50 osavaltiosta. Suomeksi mielenilmausten nimi k\u00e4\u00e4ntyy muotoon \u201dEi kuninkaita\u201d. Ihmiset ovat l\u00e4hteneet kaduille vastustamaan Trumpin politiikkaa ja vaatimaan demokratian suojelemista. V\u00e4kijoukkojen mukana n\u00e4kyy muun muassa v\u00e4rikk\u00e4it\u00e4 kylttej\u00e4 ja Yhdysvaltain lippuja.<\/p>\n<p class=\"article-body mb-nof-24 px-nof-16\">Republikaanien riveist\u00e4 kokoontumisia on kutsuttu Yhdysvaltoja vihaavien mielenosoituksiksi.<\/p>\n<p class=\"article-body mb-nof-24 px-nof-16\">J\u00e4rjest\u00e4jien antamien osallistujalukuja ei voitu todentaa itsen\u00e4isesti. Viranomaisten mukaan New Yorkissa yhteen suurimmista mielenosoituksista ker\u00e4\u00e4ntyi yli 100\u202f000 ihmist\u00e4, kun taas Washingtonissa v\u00e4kijoukkojen kokojen arviot vaihtelivat 8\u202f000\u201310\u202f000 ihmisen v\u00e4lill\u00e4.<\/p>\n<p class=\"article-body mb-nof-24 px-nof-16\">Mielt\u00e4 on osoitettu my\u00f6s Floridassa l\u00e4hell\u00e4 Trumpin Mar-a-Lagon kartanoa, jossa presidentti on viikonlopun vietossa.<\/p>\n<p>Trump pysynyt vaitonaisena<\/p>\n<p class=\"article-body mb-nof-24 px-nof-16\">Trump itse on pysytellyt melko vaisuna mielenosoituksista. Fox Newsin haastattelussa h\u00e4n on kertonut mielenosoittajien viittaavan h\u00e4neen kuninkaana, vaikka h\u00e4n ei ole kuningas.<\/p>\n<p class=\"article-body mb-nof-24 px-nof-16\">Trumpin vankat tukijat ovat olleet reaktioissaan kiivaampia. Esimerkiksi republikaanipuoluetta edustava edustajainhuoneen puhemies <a class=\"article-personlink\" href=\"https:\/\/www.satakunnankansa.fi\/haku\/?query=Mike%20Johnson\" rel=\"nofollow noopener\" target=\"_blank\">Mike Johnson<\/a> on sanonut mielenosoitusten tuovan yhteen marxilaiset, sosialistit, antifasistisen liikkeen Antifan edustajat, anarkistit sek\u00e4 \u00e4\u00e4rij\u00e4rjest\u00f6 Hamasia puolustavan siiven demokraattipuolueen \u00e4\u00e4rivasemmistosta.<\/p>\n<p class=\"article-body mb-nof-24 px-nof-16\">Ei kuninkaita -liike tuo yhteen noin 300 eri organisaatiota. Mielenosoittajat vastustavat my\u00f6s presidentin hy\u00f6kk\u00e4yksi\u00e4 mediaa kohtaan, poliittisten vastustajien viemist\u00e4 oikeuteen sek\u00e4 muita toimia, joita he pit\u00e4v\u00e4t autoritaarisina.<\/p>\n<p class=\"article-body mb-nof-24 px-nof-16\">Ei kuninkaita -liike j\u00e4rjest\u00e4\u00e4 tapahtumia my\u00f6s Kanadassa. Lis\u00e4ksi ainakin Espanjan Malagassa ja Ruotsin Malm\u00f6ss\u00e4 j\u00e4rjestettiin pienet mielenosoitukset.<\/p>\n","protected":false},"excerpt":{"rendered":"No Kings -mielenosoituksia on j\u00e4rjestetty jokaisessa Yhdysvaltain 50 osavaltiosta. 19.10. 8:54 Yhdysvalloissa seitsem\u00e4n miljoonaa ihmist\u00e4 on osallistunut presidentti&hellip;\n","protected":false},"author":2,"featured_media":66764,"comment_status":"","ping_status":"","sticky":false,"template":"","format":"standard","meta":{"footnotes":""},"categories":[14],"tags":[22,23,26,27,33,31,30,17,24,25,28,29,15,18,21,80,32,19,20,56,16,59,60,61],"class_list":{"0":"post-66763","1":"post","2":"type-post","3":"status-publish","4":"format-standard","5":"has-post-thumbnail","7":"category-ulkomaat","8":"tag-breaking-news","9":"tag-breakingnews","10":"tag-featured-news","11":"tag-featurednews","12":"tag-fi","13":"tag-finland","14":"tag-finnish","15":"tag-headlines","16":"tag-latest-news","17":"tag-latestnews","18":"tag-main-news","19":"tag-mainnews","20":"tag-news","21":"tag-otsikot","22":"tag-paauutiset","23":"tag-satakunnan-kansa","24":"tag-suomi","25":"tag-top-stories","26":"tag-topstories","27":"tag-ulkomaat","28":"tag-uutiset","29":"tag-world","30":"tag-world-news","31":"tag-worldnews"},"share_on_mastodon":{"url":"","error":""},"_links":{"self":[{"href":"https:\/\/www.europesays.com\/fi\/wp-json\/wp\/v2\/posts\/66763","targetHints":{"allow":["GET"]}}],"collection":[{"href":"https:\/\/www.europesays.com\/fi\/wp-json\/wp\/v2\/posts"}],"about":[{"href":"https:\/\/www.europesays.com\/fi\/wp-json\/wp\/v2\/types\/post"}],"author":[{"embeddable":true,"href":"https:\/\/www.europesays.com\/fi\/wp-json\/wp\/v2\/users\/2"}],"replies":[{"embeddable":true,"href":"https:\/\/www.europesays.com\/fi\/wp-json\/wp\/v2\/comments?post=66763"}],"version-history":[{"count":0,"href":"https:\/\/www.europesays.com\/fi\/wp-json\/wp\/v2\/posts\/66763\/revisions"}],"wp:featuredmedia":[{"embeddable":true,"href":"https:\/\/www.europesays.com\/fi\/wp-json\/wp\/v2\/media\/66764"}],"wp:attachment":[{"href":"https:\/\/www.europesays.com\/fi\/wp-json\/wp\/v2\/media?parent=66763"}],"wp:term":[{"taxonomy":"category","embeddable":true,"href":"https:\/\/www.europesays.com\/fi\/wp-json\/wp\/v2\/categories?post=66763"},{"taxonomy":"post_tag","embeddable":true,"href":"https:\/\/www.europesays.com\/fi\/wp-json\/wp\/v2\/tags?post=66763"}],"curies":[{"name":"wp","href":"https:\/\/api.w.org\/{rel}","templated":true}]}}