{"id":66772,"date":"2025-10-19T22:47:11","date_gmt":"2025-10-19T22:47:11","guid":{"rendered":"https:\/\/www.europesays.com\/fi\/66772\/"},"modified":"2025-10-19T22:47:11","modified_gmt":"2025-10-19T22:47:11","slug":"archie-cruz-paljasti-vauvansa-kasvot-sipoonkorvessa","status":"publish","type":"post","link":"https:\/\/www.europesays.com\/fi\/66772\/","title":{"rendered":"Archie Cruz paljasti vauvansa kasvot Sipoonkorvessa"},"content":{"rendered":"<p>\n            20240614 HELSINKI. HELSINKI CITY FESTIVAL. Iida Vainio ja Archie Cruz. KUVA: ATTE KAJOVA<br \/>\n            Atte Kajova\n        <\/p>\n<p class=\"subtitle \">Kuten niin usein vastaavissa tilanteissa, on Archie nytkin syytt\u00e4nyt rakastaan siit\u00e4, ett\u00e4 t\u00e4m\u00e4n teot ja kirjoittelu aiheuttavat rokkarille mittaamatonta mainehaittaa.<\/p>\n<p class=\"article-content article-content-width !bg-background\">\u2013 Ry\u00f6mi, ry\u00f6mi, rokkit\u00e4hti, huusi  Erikoisjoukkojen tuoreimman kauden avausjaksossa.<\/p>\n<p class=\"article-content article-content-width !bg-background\">Ja Archiehan ry\u00f6mi.<\/p>\n<p class=\"article-content article-content-width !bg-background\">Kunnes ei en\u00e4\u00e4 ry\u00f6minyt.<\/p>\n<p class=\"article-content article-content-width !bg-background\">Ramboa ja Gladiaattori-elokuvan  n\u00e4yttelem\u00e4\u00e4 kenraali Maximus Decimus Meridiusta fanittava Archie luovutti, ennen kuin ohjelma ehti kunnolla edes alkaa.<\/p>\n<p>        <a itemprop=\"url\" href=\"https:\/\/www.seiska.fi\/kotimaa\/iidan-ja-archien-viestidraama-karjistyi-iidalta-pitka-avautuminen\/1957689\" rel=\"nofollow noopener\" target=\"_blank\"><\/p>\n<p>\nViestikohu k\u00e4rjistyi\n<\/p>\n<p class=\"section-date\">\n        <strong class=\"article-section\" data-section=\"kotimaa\"><br \/>\n            kotimaa<br \/>\n        <\/strong><br \/>\n        10.10. 14:53\n    <\/p>\n<p>Iidan ja Archien viestidraama k\u00e4rjistyi \u2013 Iidalta pitk\u00e4 avautuminen\n    <\/p>\n<p itemprop=\"description\" class=\"subtitle \">\n    Archien vieraalle naiselle l\u00e4hett\u00e4mist\u00e4 rakkausviesteist\u00e4 alkanut kohu vain paisuu.\n<\/p>\n<p>        <\/a><\/p>\n<p class=\"article-content article-content-width !bg-background\">Kohurokkari sai kokelasnumeron lopulta olkavarteen pressikuvia ja lehdist\u00f6tilaisuutta varten.<\/p>\n<p class=\"article-content article-content-width !bg-background\">Archien puolustukseksi on mainittava, ett\u00e4 ensi alkuun luovuttivat my\u00f6s  sek\u00e4 .<\/p>\n<p>                <img decoding=\"async\" src=\"https:\/\/www.europesays.com\/fi\/wp-content\/uploads\/2025\/10\/1966981.webp\" width=\"576\" height=\"308\" alt=\"Archie kertoi heti Erikoisjoukkojen alussa, ett\u00e4 tykk\u00e4\u00e4 katsella Gladiaattoria uudestaan ja uudestaan ja ilmoitti tykk\u00e4\u00e4v\u00e4ns\u00e4 Russell Crowen Maximus Decimus Meridius -nimisest\u00e4 hahmosta.\" loading=\"lazy\" \/>            <\/p>\n<p>\n            Archie kertoi heti Erikoisjoukkojen alussa, ett\u00e4 tykk\u00e4\u00e4 katsella Gladiaattoria uudestaan ja uudestaan ja ilmoitti tykk\u00e4\u00e4v\u00e4ns\u00e4 Russell Crowen Maximus Decimus Meridius -nimisest\u00e4 hahmosta.<br \/>\n            AOP\n        <\/p>\n<p>Riita viel\u00e4 k\u00e4ynniss\u00e4 vai jo takana?<\/p>\n<p class=\"article-content article-content-width !bg-background\">Viime viikot Archie ja on\u2013off-kihlattu  ovat olleet j\u00e4lleen framilla, sill\u00e4 kaksikko on syytellyt toisiaan melko reippain sanak\u00e4\u00e4ntein.<\/p>\n<p class=\"article-content article-content-width !bg-background\">Ja kuten niin usein vastaavissa tilanteissa, on Archie nytkin syytt\u00e4nyt rakastaan siit\u00e4, ett\u00e4 t\u00e4m\u00e4n teot ja kirjoittelu aiheuttavat rokkarille mittaamatonta mainehaittaa.<\/p>\n<p>        <a itemprop=\"url\" href=\"https:\/\/www.seiska.fi\/kotimaa\/archie-cruzilta-hammentava-ulostulo-mallikaunottaresta-minulla-on-ihana-vaimo-ja-lapsi-mutta\/1956192\" rel=\"nofollow noopener\" target=\"_blank\"><\/p>\n<p>\nArchie Cruz\n<\/p>\n<p class=\"section-date\">\n        <strong class=\"article-section\" data-section=\"kotimaa\"><br \/>\n            kotimaa<br \/>\n        <\/strong><br \/>\n        9.10. 16:00\n    <\/p>\n<p>Archie Cruzilta h\u00e4mment\u00e4v\u00e4 ulostulo mallikaunottaresta: &#8221;Minulla on ihana vaimo ja lapsi, mutta&#8230;&#8221;\n    <\/p>\n<p itemprop=\"description\" class=\"subtitle \">\n    Archien ja Iidan suhteessa on j\u00e4lleen uusia k\u00e4\u00e4nteit\u00e4.\n<\/p>\n<p>        <\/a><\/p>\n<p class=\"article-content article-content-width !bg-background\">Miehell\u00e4 itsell\u00e4\u00e4n ei vaikuta ainakaan oman k\u00e4sityksens\u00e4 mukaan olevan mit\u00e4\u00e4n tekemist\u00e4 negatiivisen julkisuuskuvansa kanssa.<\/p>\n<p>                <img decoding=\"async\" src=\"https:\/\/www.europesays.com\/fi\/wp-content\/uploads\/2025\/10\/1889137.webp\" width=\"576\" height=\"274\" alt=\"Suomen Beckhamit? Archie ja Iida tapasivat toisensa Farmi Suomen kuvauksissa tai oikeastaan jo matkalla kuvauksiin.\" loading=\"lazy\" \/>            <\/p>\n<p>\n            Suomen Beckhamit? Archie ja Iida tapasivat toisensa Farmi Suomen kuvauksissa tai oikeastaan jo matkalla kuvauksiin.<br \/>\n            Timo Korhonen\n        <\/p>\n<p>Kasvokuva pienokaisesta<\/p>\n<p class=\"article-content article-content-width !bg-background\">Lauantai-iltana Archie jakoi Instagramin stooreissaan kuvan itsest\u00e4\u00e4n ja viime joulukuussa syntyneest\u00e4 tytt\u00f6vauvastaan.<\/p>\n<p class=\"article-content article-content-width !bg-background\">Archie ja Iida ovat kertoneet haluavansa suojella tyt\u00e4rt\u00e4\u00e4n julkisuudelta eiv\u00e4tk\u00e4 ole sen takia kertoneet julkisuudessa t\u00e4m\u00e4n nime\u00e4 tai lis\u00e4nneet kuvia, joissa n\u00e4kyisi pienokaisen kasvot.<\/p>\n<p>        <a itemprop=\"url\" href=\"https:\/\/www.seiska.fi\/kotimaa\/archie-cruzilta-hammentava-julkaisu\/1963959\" rel=\"nofollow noopener\" target=\"_blank\"><\/p>\n<p>\nViestikohu takana\n<\/p>\n<p class=\"section-date\">\n        <strong class=\"article-section\" data-section=\"kotimaa\"><br \/>\n            kotimaa<br \/>\n        <\/strong><br \/>\n        16.10. 10:02\n    <\/p>\n<p>Archie Cruzilta h\u00e4mment\u00e4v\u00e4 julkaisu\n    <\/p>\n<p itemprop=\"description\" class=\"subtitle \">\n    Archie kaavailee isoja liikkeit\u00e4.\n<\/p>\n<p>        <\/a><\/p>\n<p class=\"article-content article-content-width !bg-background\">Sipoonkorvessa Archie kuitenkin jakoi kuvan, jossa vauva hymyilee kantorepussa suoraan kohti kameraa.<\/p>\n<p>                <img decoding=\"async\" src=\"https:\/\/www.europesays.com\/fi\/wp-content\/uploads\/2025\/10\/1966990.webp\" width=\"576\" height=\"639\" alt=\"Rokkarilla on ollut useita sivusuhteita. Kuvassa Archie hempeili tumman kaunottaren kanssa samalla kun Iida oli raskaana.\" loading=\"lazy\" \/>            <\/p>\n<p>\n            Rokkarilla on ollut useita sivusuhteita. Kuvassa Archie hempeili tumman kaunottaren kanssa samalla kun Iida oli raskaana.<br \/>\n            Lukijan kuva\n        <\/p>\n<p class=\"article-content article-content-width !bg-background\">Archie sen sijaan on laittanut silmilleen nopeilta n\u00e4ytt\u00e4v\u00e4t aurinkolasit.<\/p>\n<p class=\"article-content article-content-width !bg-background\">Yht\u00e4 kaikki, kyseinen julkaisu saattaa kieli\u00e4 siit\u00e4, ett\u00e4 erimielisyyden on j\u00e4lleen takana p\u00e4iv\u00e4n \u2013 ja yhteinen onni jatkuu.<\/p>\n<p class=\"article-content article-content-width !bg-background\">Ainakin ennen seuraavaa julkiseksi \u00e4ityv\u00e4\u00e4 someriitaa.<\/p>\n<p>        <a itemprop=\"url\" href=\"https:\/\/www.seiska.fi\/kotimaa\/archie-cruzilta-iso-uutinen\/1939018\" rel=\"nofollow noopener\" target=\"_blank\"><\/p>\n<p>\nKuka olisi arvannut?\n<\/p>\n<p class=\"section-date\">\n        <strong class=\"article-section\" data-section=\"kotimaa\"><br \/>\n            kotimaa<br \/>\n        <\/strong><br \/>\n        23.9. 08:29\n    <\/p>\n<p>Archie Cruzilta iso uutinen\n    <\/p>\n<p itemprop=\"description\" class=\"subtitle \">\n    Archien uutinen on ilahduttanut faneja ja kaksi ihmist\u00e4 onkin kommentoinut asiaa positiiviseen s\u00e4vyyn.\n<\/p>\n<p>        <\/a><\/p>\n","protected":false},"excerpt":{"rendered":"20240614 HELSINKI. HELSINKI CITY FESTIVAL. Iida Vainio ja Archie Cruz. KUVA: ATTE KAJOVA Atte Kajova Kuten niin usein&hellip;\n","protected":false},"author":2,"featured_media":66773,"comment_status":"","ping_status":"","sticky":false,"template":"","format":"standard","meta":{"footnotes":""},"categories":[130],"tags":[2345,137,2159,33,31,30,2344,38,8639,32,109],"class_list":{"0":"post-66772","1":"post","2":"type-post","3":"status-publish","4":"format-standard","5":"has-post-thumbnail","7":"category-viihde","8":"tag-archie-cruz","9":"tag-entertainment","10":"tag-erikoisjoukot","11":"tag-fi","12":"tag-finland","13":"tag-finnish","14":"tag-iida-vainio","15":"tag-rikos","16":"tag-russell-crowe","17":"tag-suomi","18":"tag-viihde"},"share_on_mastodon":{"url":"","error":""},"_links":{"self":[{"href":"https:\/\/www.europesays.com\/fi\/wp-json\/wp\/v2\/posts\/66772","targetHints":{"allow":["GET"]}}],"collection":[{"href":"https:\/\/www.europesays.com\/fi\/wp-json\/wp\/v2\/posts"}],"about":[{"href":"https:\/\/www.europesays.com\/fi\/wp-json\/wp\/v2\/types\/post"}],"author":[{"embeddable":true,"href":"https:\/\/www.europesays.com\/fi\/wp-json\/wp\/v2\/users\/2"}],"replies":[{"embeddable":true,"href":"https:\/\/www.europesays.com\/fi\/wp-json\/wp\/v2\/comments?post=66772"}],"version-history":[{"count":0,"href":"https:\/\/www.europesays.com\/fi\/wp-json\/wp\/v2\/posts\/66772\/revisions"}],"wp:featuredmedia":[{"embeddable":true,"href":"https:\/\/www.europesays.com\/fi\/wp-json\/wp\/v2\/media\/66773"}],"wp:attachment":[{"href":"https:\/\/www.europesays.com\/fi\/wp-json\/wp\/v2\/media?parent=66772"}],"wp:term":[{"taxonomy":"category","embeddable":true,"href":"https:\/\/www.europesays.com\/fi\/wp-json\/wp\/v2\/categories?post=66772"},{"taxonomy":"post_tag","embeddable":true,"href":"https:\/\/www.europesays.com\/fi\/wp-json\/wp\/v2\/tags?post=66772"}],"curies":[{"name":"wp","href":"https:\/\/api.w.org\/{rel}","templated":true}]}}