{"id":6678,"date":"2025-08-15T15:13:08","date_gmt":"2025-08-15T15:13:08","guid":{"rendered":"https:\/\/www.europesays.com\/fi\/6678\/"},"modified":"2025-08-15T15:13:08","modified_gmt":"2025-08-15T15:13:08","slug":"bodomin-jalanjaljissa-kulkevan-warmenin-levy-on-julki-katso-uusi-musavideo-juhlan-kunniaksi","status":"publish","type":"post","link":"https:\/\/www.europesays.com\/fi\/6678\/","title":{"rendered":"Bodomin jalanj\u00e4ljiss\u00e4 kulkevan Warmenin levy on julki \u2013 katso uusi musavideo juhlan kunniaksi"},"content":{"rendered":"<p>Children of Bodomin kosketinsoittajana kunnostautuneen Janne Wirmanin luotsaama Warmen on julkaissut t\u00e4n\u00e4\u00e4n uuden albumin. Levyn nimi on Band of Brothers, ja teosta promotoidaan Untouched-biisiin tehdyll\u00e4 musiikkivideolla. Katso Petri Inkisen ja Ren\u00e9 Berthiaumen toteuttama video alempaa.<\/p>\n<p>\u201dBand of Brothers vie asiat seuraavalle tasolle \u2013 raskaammin, tiukemmin ja yhten\u00e4isemmin kuin koskaan aiemmin. T\u00e4m\u00e4 albumi on todellinen kuva siit\u00e4, mit\u00e4 Warmen on t\u00e4n\u00e4 p\u00e4iv\u00e4n\u00e4: aito veljesjoukko. Kaadoimme syd\u00e4memme jokaiseen kappaleeseen, ja olemme ylpeit\u00e4 saadessamme vihdoin jakaa t\u00e4m\u00e4n koko maailmalle\u201d, orkesteri julistaa tiedotteessa.<\/p>\n<p>Lue my\u00f6s: <a href=\"https:\/\/www.soundi.fi\/keikat\/hellsinki-metal-festival-galleria-perjantailta-osa-1-night-shall-drape-us-kanonenfieber-gost-warmen-ja-qwalen\/\" title=\"Hellsinki Metal Festival -galleria perjantailta, osa 1: Night Shall Drape Us, Kanonenfieber, Gost, Warmen ja Qw\u00e4len\" class=\"underline-custom !font-montserrat !font-bold !underline-offset-4 !decoration-4 !decoration-tilt-light\" rel=\"nofollow noopener\" target=\"_blank\">Hellsinki Metal Festival -galleria perjantailta, osa 1: Night Shall Drape Us, Kanonenfieber, Gost, Warmen ja Qw\u00e4len<\/a><\/p>\n<p>Lue my\u00f6s: <a href=\"https:\/\/www.soundi.fi\/jutut\/miten-kipina-musiikkiin-palasi-alexi-laihon-kuoleman-jalkeen-janne-wirman-kertoo-warmenin-paluusta\/\" title=\"Miten kipin\u00e4 musiikkiin palasi Alexi Laihon kuoleman j\u00e4lkeen? Janne Wirman kertoo Warmenin paluusta\" class=\"underline-custom !font-montserrat !font-bold !underline-offset-4 !decoration-4 !decoration-tilt-light\" rel=\"nofollow noopener\" target=\"_blank\">Miten kipin\u00e4 musiikkiin palasi Alexi Laihon kuoleman j\u00e4lkeen? Janne Wirman kertoo Warmenin paluusta<\/a><\/p>\n<p>Sitten odotellaan, milloin yhtye julkistaa keikkoja kotimaan kamaralle. Keski-Eurooppaan Warmenille on buukattu muutama esiintyminen, mutta muuten on toistaiseksi keikkapuolella hiljaisempaa. Viime viikonloppuna yhtyeen sent\u00e4\u00e4n saattoi n\u00e4hd\u00e4 Hellsinki Metal Festivalissa.<\/p>\n<p><img loading=\"lazy\" decoding=\"async\" alt=\"YouTube video\" width=\"480\" height=\"360\" data-pin-nopin=\"true\" nopin=\"nopin\" class=\"perfmatters-lazy\" src=\"https:\/\/www.europesays.com\/fi\/wp-content\/uploads\/2025\/08\/1755270788_797_hqdefault.jpg\"\/><\/p>\n","protected":false},"excerpt":{"rendered":"Children of Bodomin kosketinsoittajana kunnostautuneen Janne Wirmanin luotsaama Warmen on julkaissut t\u00e4n\u00e4\u00e4n uuden albumin. Levyn nimi on Band&hellip;\n","protected":false},"author":2,"featured_media":6679,"comment_status":"","ping_status":"","sticky":false,"template":"","format":"standard","meta":{"footnotes":""},"categories":[132],"tags":[137,33,31,30,195,47,32,109],"class_list":{"0":"post-6678","1":"post","2":"type-post","3":"status-publish","4":"format-standard","5":"has-post-thumbnail","7":"category-musiikki","8":"tag-entertainment","9":"tag-fi","10":"tag-finland","11":"tag-finnish","12":"tag-music","13":"tag-musiikki","14":"tag-suomi","15":"tag-viihde"},"share_on_mastodon":{"url":"","error":""},"_links":{"self":[{"href":"https:\/\/www.europesays.com\/fi\/wp-json\/wp\/v2\/posts\/6678","targetHints":{"allow":["GET"]}}],"collection":[{"href":"https:\/\/www.europesays.com\/fi\/wp-json\/wp\/v2\/posts"}],"about":[{"href":"https:\/\/www.europesays.com\/fi\/wp-json\/wp\/v2\/types\/post"}],"author":[{"embeddable":true,"href":"https:\/\/www.europesays.com\/fi\/wp-json\/wp\/v2\/users\/2"}],"replies":[{"embeddable":true,"href":"https:\/\/www.europesays.com\/fi\/wp-json\/wp\/v2\/comments?post=6678"}],"version-history":[{"count":0,"href":"https:\/\/www.europesays.com\/fi\/wp-json\/wp\/v2\/posts\/6678\/revisions"}],"wp:featuredmedia":[{"embeddable":true,"href":"https:\/\/www.europesays.com\/fi\/wp-json\/wp\/v2\/media\/6679"}],"wp:attachment":[{"href":"https:\/\/www.europesays.com\/fi\/wp-json\/wp\/v2\/media?parent=6678"}],"wp:term":[{"taxonomy":"category","embeddable":true,"href":"https:\/\/www.europesays.com\/fi\/wp-json\/wp\/v2\/categories?post=6678"},{"taxonomy":"post_tag","embeddable":true,"href":"https:\/\/www.europesays.com\/fi\/wp-json\/wp\/v2\/tags?post=6678"}],"curies":[{"name":"wp","href":"https:\/\/api.w.org\/{rel}","templated":true}]}}