{"id":66790,"date":"2025-10-19T23:17:10","date_gmt":"2025-10-19T23:17:10","guid":{"rendered":"https:\/\/www.europesays.com\/fi\/66790\/"},"modified":"2025-10-19T23:17:10","modified_gmt":"2025-10-19T23:17:10","slug":"trumpin-hallinto-pyytaa-korkeinta-oikeutta-sallimaan-kansalliskaartin-joukkojen-sijoittamisen-chicagoon-uutisia-lyhyesti","status":"publish","type":"post","link":"https:\/\/www.europesays.com\/fi\/66790\/","title":{"rendered":"Trumpin hallinto pyyt\u00e4\u00e4 korkeinta oikeutta sallimaan kansalliskaartin joukkojen sijoittamisen Chicagoon | Uutisia lyhyesti"},"content":{"rendered":"<p class=\"aw-1gybjub aw-5vja16 ghpEtB kjanFo yle__article__paragraph\">Trump on pyrkinyt l\u00e4hett\u00e4m\u00e4\u00e4n kansalliskaartin joukkoja useisiin demokraattien johtamiin kaupunkeihin ja osavaltioihin. <\/p>\n<p class=\"aw-1gybjub aw-1p7kakr ghpEtB jtovHP yle__article__paragraph\">Yhdysvaltain presidentti <strong class=\"aw-ak79eh KyCXm yle__article__strong\">Donald Trumpin<\/strong> hallinto pyysi perjantaina maan korkeinta oikeutta sallimaan kansalliskaartin l\u00e4hett\u00e4misen Illinois&#8217;n osavaltion Chicagoon.<\/p>\n<p class=\"aw-1gybjub aw-1p7kakr ghpEtB jtovHP yle__article__paragraph\">Piirioikeuden tuomari <strong class=\"aw-ak79eh KyCXm yle__article__strong\">April Perry<\/strong> torppasi v\u00e4liaikaisesti kansalliskaartin joukkojen sijoittamisen Chicagoon, eik\u00e4 liittovaltion vetoomustuomioistuin suostunut kumoamaan tuomarin p\u00e4\u00e4t\u00f6st\u00e4.<\/p>\n<p class=\"aw-1gybjub aw-1p7kakr ghpEtB jtovHP yle__article__paragraph\">Perryn mukaan Chicagossa ei ole uskottavia todisteita \u201dkapinan uhasta\u201d, jonka vuoksi presidentti olisi oikeutettu kansalliskaartin l\u00e4hett\u00e4miseen. Liittovaltiota korkeimman oikeuden edess\u00e4 edustava <strong class=\"aw-ak79eh KyCXm yle__article__strong\">D. John Sauer<\/strong> vaati korkeimmalta oikeudelta v\u00e4lit\u00f6nt\u00e4 p\u00e4\u00e4t\u00f6st\u00e4.<\/p>\n<p class=\"aw-1gybjub aw-1p7kakr ghpEtB jtovHP yle__article__paragraph\">Trump on pyrkinyt l\u00e4hett\u00e4m\u00e4\u00e4n kansalliskaartin joukkoja useisiin demokraattien johtamiin kaupunkeihin ja osavaltioihin. Perusteluna on usein ollut liittovaltion omaisuuden ja ty\u00f6ntekij\u00f6iden suojaaminen sek\u00e4 varsinkin maahanmuuttopoliisi ICE:n aktiivisten ja kritiikki\u00e4 her\u00e4tt\u00e4neiden toimien turvaaminen.<\/p>\n<p class=\"aw-1gybjub aw-1p7kakr ghpEtB jtovHP yle__article__paragraph\">L\u00e4hde: AP<\/p>\n","protected":false},"excerpt":{"rendered":"Trump on pyrkinyt l\u00e4hett\u00e4m\u00e4\u00e4n kansalliskaartin joukkoja useisiin demokraattien johtamiin kaupunkeihin ja osavaltioihin. Yhdysvaltain presidentti Donald Trumpin hallinto pyysi&hellip;\n","protected":false},"author":2,"featured_media":74,"comment_status":"","ping_status":"","sticky":false,"template":"","format":"standard","meta":{"footnotes":""},"categories":[14],"tags":[22,23,585,26,27,33,31,30,17,24,25,28,29,15,18,21,32,19,20,56,16,59,60,61,619,6410],"class_list":{"0":"post-66790","1":"post","2":"type-post","3":"status-publish","4":"format-standard","5":"has-post-thumbnail","7":"category-ulkomaat","8":"tag-breaking-news","9":"tag-breakingnews","10":"tag-donald-trump","11":"tag-featured-news","12":"tag-featurednews","13":"tag-fi","14":"tag-finland","15":"tag-finnish","16":"tag-headlines","17":"tag-latest-news","18":"tag-latestnews","19":"tag-main-news","20":"tag-mainnews","21":"tag-news","22":"tag-otsikot","23":"tag-paauutiset","24":"tag-suomi","25":"tag-top-stories","26":"tag-topstories","27":"tag-ulkomaat","28":"tag-uutiset","29":"tag-world","30":"tag-world-news","31":"tag-worldnews","32":"tag-yhdysvallat","33":"tag-yhdysvaltain-korkein-oikeus"},"share_on_mastodon":{"url":"","error":""},"_links":{"self":[{"href":"https:\/\/www.europesays.com\/fi\/wp-json\/wp\/v2\/posts\/66790","targetHints":{"allow":["GET"]}}],"collection":[{"href":"https:\/\/www.europesays.com\/fi\/wp-json\/wp\/v2\/posts"}],"about":[{"href":"https:\/\/www.europesays.com\/fi\/wp-json\/wp\/v2\/types\/post"}],"author":[{"embeddable":true,"href":"https:\/\/www.europesays.com\/fi\/wp-json\/wp\/v2\/users\/2"}],"replies":[{"embeddable":true,"href":"https:\/\/www.europesays.com\/fi\/wp-json\/wp\/v2\/comments?post=66790"}],"version-history":[{"count":0,"href":"https:\/\/www.europesays.com\/fi\/wp-json\/wp\/v2\/posts\/66790\/revisions"}],"wp:featuredmedia":[{"embeddable":true,"href":"https:\/\/www.europesays.com\/fi\/wp-json\/wp\/v2\/media\/74"}],"wp:attachment":[{"href":"https:\/\/www.europesays.com\/fi\/wp-json\/wp\/v2\/media?parent=66790"}],"wp:term":[{"taxonomy":"category","embeddable":true,"href":"https:\/\/www.europesays.com\/fi\/wp-json\/wp\/v2\/categories?post=66790"},{"taxonomy":"post_tag","embeddable":true,"href":"https:\/\/www.europesays.com\/fi\/wp-json\/wp\/v2\/tags?post=66790"}],"curies":[{"name":"wp","href":"https:\/\/api.w.org\/{rel}","templated":true}]}}