{"id":66803,"date":"2025-10-19T23:43:10","date_gmt":"2025-10-19T23:43:10","guid":{"rendered":"https:\/\/www.europesays.com\/fi\/66803\/"},"modified":"2025-10-19T23:43:10","modified_gmt":"2025-10-19T23:43:10","slug":"yhdysvallat-sanoo-hamasin-suunnittelevan-hyokkaysta-gazalaissiviileja-vastaan-uutisia-lyhyesti","status":"publish","type":"post","link":"https:\/\/www.europesays.com\/fi\/66803\/","title":{"rendered":"Yhdysvallat sanoo Hamasin suunnittelevan hy\u00f6kk\u00e4yst\u00e4 gazalaissiviilej\u00e4 vastaan | Uutisia lyhyesti"},"content":{"rendered":"<p><img decoding=\"async\" alt=\"Tie kulkee raunioiden v\u00e4liss\u00e4.\" src=\"https:\/\/www.europesays.com\/fi\/wp-content\/uploads\/2025\/10\/39-154052868f483123dc10.jpeg\" class=\"aw-1l9m598 hKVVvP\"\/><\/p>\n<p>Avaa kuvien katselu<\/p>\n<p>N\u00e4kym\u00e4 Gazan kaupungista 12. lokakuuta. Kuva: Bashar Taleb \/ AFP<\/p>\n<p>19.10. 3:39\u2022P\u00e4ivitetty 19.10. 9:45<\/p>\n<p class=\"aw-1gybjub aw-1p7kakr ghpEtB jtovHP yle__article__paragraph\">Yhdysvaltain ulkoministeri\u00f6 sanoo, ett\u00e4 Yhdysvalloilla on uskottavia raportteja siit\u00e4, ett\u00e4 \u00e4\u00e4rij\u00e4rjest\u00f6 Hamas suunnittelee v\u00e4lit\u00f6nt\u00e4 hy\u00f6kk\u00e4yst\u00e4 siviilej\u00e4 vastaan Gazassa. Ministeri\u00f6n mukaan t\u00e4llainen hy\u00f6kk\u00e4ys rikkoisi aselepoa.<\/p>\n<p class=\"aw-1gybjub aw-1p7kakr ghpEtB jtovHP yle__article__paragraph\">Hamas vastasi v\u00e4itteeseen sunnuntaina sanoen, ettei se pid\u00e4 paikkaansa.<\/p>\n<p class=\"aw-1gybjub aw-1p7kakr ghpEtB jtovHP yle__article__paragraph\">V\u00e4kivaltaisuuksien on raportoitu jatkuneen Gazassa aselevosta huolimatta. Gazan v\u00e4est\u00f6nsuojeluviraston mukaan Israelin joukot surmasivat yhdeks\u00e4n ihmist\u00e4 bussiin tehdyss\u00e4 iskussa perjantaina.<\/p>\n<p class=\"aw-1gybjub aw-1p7kakr ghpEtB jtovHP yle__article__paragraph\">Israelin asevoimat puolestaan sanoi ampuneensa ajoneuvoa, joka ylitti niin kutsutun keltaisen viivan, jota se valvoo rauhansopimuksen mukaisesti.<\/p>\n<p class=\"aw-1gybjub aw-1p7kakr ghpEtB jtovHP yle__article__paragraph\">L\u00e4hteet: AFP, Reuters<\/p>\n<p class=\"aw-1gybjub aw-1p7kakr ghpEtB jtovHP yle__article__paragraph\">Muokattu 19.10.2025 klo 9.45: lis\u00e4tty Hamasin n\u00e4kemys.<\/p>\n","protected":false},"excerpt":{"rendered":"Avaa kuvien katselu N\u00e4kym\u00e4 Gazan kaupungista 12. lokakuuta. Kuva: Bashar Taleb \/ AFP 19.10. 3:39\u2022P\u00e4ivitetty 19.10. 9:45 Yhdysvaltain&hellip;\n","protected":false},"author":2,"featured_media":66804,"comment_status":"","ping_status":"","sticky":false,"template":"","format":"standard","meta":{"footnotes":""},"categories":[14],"tags":[12870,22,23,26,27,33,31,30,994,505,997,17,993,24,25,28,29,15,18,21,995,32,19,20,56,16,59,60,61,619],"class_list":{"0":"post-66803","1":"post","2":"type-post","3":"status-publish","4":"format-standard","5":"has-post-thumbnail","7":"category-ulkomaat","8":"tag-aselepo","9":"tag-breaking-news","10":"tag-breakingnews","11":"tag-featured-news","12":"tag-featurednews","13":"tag-fi","14":"tag-finland","15":"tag-finnish","16":"tag-gazan-kaista","17":"tag-gazan-sota","18":"tag-hamas","19":"tag-headlines","20":"tag-israel","21":"tag-latest-news","22":"tag-latestnews","23":"tag-main-news","24":"tag-mainnews","25":"tag-news","26":"tag-otsikot","27":"tag-paauutiset","28":"tag-palestiinalaisalueet","29":"tag-suomi","30":"tag-top-stories","31":"tag-topstories","32":"tag-ulkomaat","33":"tag-uutiset","34":"tag-world","35":"tag-world-news","36":"tag-worldnews","37":"tag-yhdysvallat"},"share_on_mastodon":{"url":"","error":""},"_links":{"self":[{"href":"https:\/\/www.europesays.com\/fi\/wp-json\/wp\/v2\/posts\/66803","targetHints":{"allow":["GET"]}}],"collection":[{"href":"https:\/\/www.europesays.com\/fi\/wp-json\/wp\/v2\/posts"}],"about":[{"href":"https:\/\/www.europesays.com\/fi\/wp-json\/wp\/v2\/types\/post"}],"author":[{"embeddable":true,"href":"https:\/\/www.europesays.com\/fi\/wp-json\/wp\/v2\/users\/2"}],"replies":[{"embeddable":true,"href":"https:\/\/www.europesays.com\/fi\/wp-json\/wp\/v2\/comments?post=66803"}],"version-history":[{"count":0,"href":"https:\/\/www.europesays.com\/fi\/wp-json\/wp\/v2\/posts\/66803\/revisions"}],"wp:featuredmedia":[{"embeddable":true,"href":"https:\/\/www.europesays.com\/fi\/wp-json\/wp\/v2\/media\/66804"}],"wp:attachment":[{"href":"https:\/\/www.europesays.com\/fi\/wp-json\/wp\/v2\/media?parent=66803"}],"wp:term":[{"taxonomy":"category","embeddable":true,"href":"https:\/\/www.europesays.com\/fi\/wp-json\/wp\/v2\/categories?post=66803"},{"taxonomy":"post_tag","embeddable":true,"href":"https:\/\/www.europesays.com\/fi\/wp-json\/wp\/v2\/tags?post=66803"}],"curies":[{"name":"wp","href":"https:\/\/api.w.org\/{rel}","templated":true}]}}