{"id":66805,"date":"2025-10-19T23:44:08","date_gmt":"2025-10-19T23:44:08","guid":{"rendered":"https:\/\/www.europesays.com\/fi\/66805\/"},"modified":"2025-10-19T23:44:08","modified_gmt":"2025-10-19T23:44:08","slug":"mellunmaessa-rajahtanyt-pakettiauto-poliisi-arvelee-aiheuttajaksi-kaasupulloja-uutisia-lyhyesti","status":"publish","type":"post","link":"https:\/\/www.europesays.com\/fi\/66805\/","title":{"rendered":"Mellunm\u00e4ess\u00e4 r\u00e4j\u00e4ht\u00e4nyt pakettiauto \u2013 poliisi arvelee aiheuttajaksi kaasupulloja | Uutisia lyhyesti"},"content":{"rendered":"<p class=\"aw-1gybjub aw-5vja16 ghpEtB kjanFo yle__article__paragraph\">Poliisi kehottaa sivullisia pysyttelem\u00e4\u00e4n poissa alueelta, kunnes onnettomuuspaikalla olevat r\u00e4j\u00e4ht\u00e4m\u00e4tt\u00f6m\u00e4t kaasupullot on tehty vaarattomiksi.<\/p>\n<p><img decoding=\"async\" alt=\"Poliisin hihamerkki\" src=\"https:\/\/www.europesays.com\/fi\/wp-content\/uploads\/2025\/10\/39-10850096410774c2dcc6.jpeg\" class=\"aw-1l9m598 hKVVvP\"\/><\/p>\n<p>Avaa kuvien katselu<\/p>\n<p>Kuva: Antti Kolppo \/ Yle<\/p>\n<p class=\"aw-1gybjub aw-1p7kakr ghpEtB jtovHP yle__article__paragraph\">Poliisi kertoo saaneensa varhain maanantaina h\u00e4t\u00e4keskuksen kautta runsaasti ilmoituksia r\u00e4j\u00e4hdyksest\u00e4 Mellunm\u00e4ess\u00e4 Helsingiss\u00e4.<\/p>\n<p class=\"aw-1gybjub aw-1p7kakr ghpEtB jtovHP yle__article__paragraph\">Helsingin pelastuslaitos sanoo tiedotteessaan, ett\u00e4 r\u00e4j\u00e4hdyksen on todenn\u00e4k\u00f6isesti aiheuttanut pakettiautossa olleet hitsauksessa k\u00e4ytett\u00e4v\u00e4t kaasupullot.<\/p>\n<p class=\"aw-1gybjub aw-1p7kakr ghpEtB jtovHP yle__article__paragraph\">My\u00f6s poliisi vahvisti omassa tiedotteessaan, ett\u00e4 pakettiautossa olleet kaasupullot olisivat toistaiseksi tuntemattomasta syyst\u00e4 aiheuttaneet r\u00e4j\u00e4hdyksen.<\/p>\n<p class=\"aw-1gybjub aw-1p7kakr ghpEtB jtovHP yle__article__paragraph\">Pelastuslaitoksen mukaan ajoneuvo oli syttynyt ensin palamaan, jonka j\u00e4lkeen kaasupullot olivat r\u00e4j\u00e4ht\u00e4neet. Poliisi tutkii syttymissyyt\u00e4.<\/p>\n<p class=\"aw-1gybjub aw-1p7kakr ghpEtB jtovHP yle__article__paragraph\">Onnettomuuspaikka on poliisin mukaan Untamalantien ja Tuhkanummentien risteyksen l\u00e4heisyydess\u00e4. Onnettomuus tapahtui noin kello 00.20, poliisi lis\u00e4\u00e4. Tiedotteessaan poliisi on ohjeistanut sivullisia pysym\u00e4\u00e4n poissa tapahtuma-alueelta niin kauan kuin alue on eristetty.<\/p>\n<p class=\"aw-1gybjub aw-1p7kakr ghpEtB jtovHP yle__article__paragraph\">Poliisin mukaan onnettomuuspaikalla on edelleen r\u00e4j\u00e4ht\u00e4m\u00e4tt\u00f6mi\u00e4 kaasupulloja, jotka poliisi ja pelastuslaitos tekev\u00e4t vaarattomiksi. Tilanne on poliisin ja pelastuslaitoksen hallinnassa, poliisi lis\u00e4\u00e4.<\/p>\n<p class=\"aw-1gybjub aw-1p7kakr ghpEtB jtovHP yle__article__paragraph\">Yksi henkil\u00f6 on kuljetettu sairaalaan ensihoidon toimesta, pelastuslaitos kertoo.<\/p>\n<p class=\"aw-1gybjub aw-1p7kakr ghpEtB jtovHP yle__article__paragraph\">Paikalla on kuusi pelastuslaitoksen yksikk\u00f6\u00e4 sek\u00e4 useita poliisipartioita.<\/p>\n<p class=\"aw-1gybjub aw-1p7kakr ghpEtB jtovHP yle__article__paragraph\">Pelastuslaitos sai h\u00e4lytyksen liikennev\u00e4linepalosta Tuhkanummentielle noin kello 00.22.<\/p>\n","protected":false},"excerpt":{"rendered":"Poliisi kehottaa sivullisia pysyttelem\u00e4\u00e4n poissa alueelta, kunnes onnettomuuspaikalla olevat r\u00e4j\u00e4ht\u00e4m\u00e4tt\u00f6m\u00e4t kaasupullot on tehty vaarattomiksi. Avaa kuvien katselu Kuva:&hellip;\n","protected":false},"author":2,"featured_media":66806,"comment_status":"","ping_status":"","sticky":false,"template":"","format":"standard","meta":{"footnotes":""},"categories":[12],"tags":[22,23,26,27,33,31,30,17,104,71,24,25,28,29,15075,15,837,18,21,52,32,19,20,1168,16],"class_list":{"0":"post-66805","1":"post","2":"type-post","3":"status-publish","4":"format-standard","5":"has-post-thumbnail","7":"category-suomi","8":"tag-breaking-news","9":"tag-breakingnews","10":"tag-featured-news","11":"tag-featurednews","12":"tag-fi","13":"tag-finland","14":"tag-finnish","15":"tag-headlines","16":"tag-helsinki","17":"tag-kotimaa","18":"tag-latest-news","19":"tag-latestnews","20":"tag-main-news","21":"tag-mainnews","22":"tag-mellunmaki","23":"tag-news","24":"tag-onnettomuudet","25":"tag-otsikot","26":"tag-paauutiset","27":"tag-poliisi","28":"tag-suomi","29":"tag-top-stories","30":"tag-topstories","31":"tag-uusimaa","32":"tag-uutiset"},"share_on_mastodon":{"url":"","error":""},"_links":{"self":[{"href":"https:\/\/www.europesays.com\/fi\/wp-json\/wp\/v2\/posts\/66805","targetHints":{"allow":["GET"]}}],"collection":[{"href":"https:\/\/www.europesays.com\/fi\/wp-json\/wp\/v2\/posts"}],"about":[{"href":"https:\/\/www.europesays.com\/fi\/wp-json\/wp\/v2\/types\/post"}],"author":[{"embeddable":true,"href":"https:\/\/www.europesays.com\/fi\/wp-json\/wp\/v2\/users\/2"}],"replies":[{"embeddable":true,"href":"https:\/\/www.europesays.com\/fi\/wp-json\/wp\/v2\/comments?post=66805"}],"version-history":[{"count":0,"href":"https:\/\/www.europesays.com\/fi\/wp-json\/wp\/v2\/posts\/66805\/revisions"}],"wp:featuredmedia":[{"embeddable":true,"href":"https:\/\/www.europesays.com\/fi\/wp-json\/wp\/v2\/media\/66806"}],"wp:attachment":[{"href":"https:\/\/www.europesays.com\/fi\/wp-json\/wp\/v2\/media?parent=66805"}],"wp:term":[{"taxonomy":"category","embeddable":true,"href":"https:\/\/www.europesays.com\/fi\/wp-json\/wp\/v2\/categories?post=66805"},{"taxonomy":"post_tag","embeddable":true,"href":"https:\/\/www.europesays.com\/fi\/wp-json\/wp\/v2\/tags?post=66805"}],"curies":[{"name":"wp","href":"https:\/\/api.w.org\/{rel}","templated":true}]}}