{"id":66884,"date":"2025-10-20T02:14:08","date_gmt":"2025-10-20T02:14:08","guid":{"rendered":"https:\/\/www.europesays.com\/fi\/66884\/"},"modified":"2025-10-20T02:14:08","modified_gmt":"2025-10-20T02:14:08","slug":"kimi-raikkonen-liimasi-robin-poikansa-karting-autoon-tarran-jolla-kanta-tehtiin-kaikille-selvaksi","status":"publish","type":"post","link":"https:\/\/www.europesays.com\/fi\/66884\/","title":{"rendered":"Kimi R\u00e4ikk\u00f6nen liimasi Robin-poikansa karting-autoon tarran, jolla kanta tehtiin kaikille selv\u00e4ksi"},"content":{"rendered":"<p>Kimi R\u00e4ikk\u00f6nen oli mukana Robin-pojan tuodessa j\u00e4lleen yhden palkintopokaalin perheeseen.<\/p>\n<p><img decoding=\"async\" class=\"image image-show image-preview\" src=\"https:\/\/www.europesays.com\/fi\/wp-content\/uploads\/2025\/10\/31b852cc4f569fd7bf84b68075b947defb971060639429447bf22de365524eea.jpg\" alt=\"\"\/><img decoding=\"async\" class=\"image image-show\" src=\"https:\/\/www.europesays.com\/fi\/wp-content\/uploads\/2025\/10\/1760926448_318_31b852cc4f569fd7bf84b68075b947defb971060639429447bf22de365524eea.jpg\" alt=\"\"\/><\/p>\n<p>Kimi R\u00e4ikk\u00f6nen on yksi F1-historian suosituimmista kuljettajista. ZumaWire \/ MVPHOTOS<\/p>\n<p class=\"paragraph\"><strong>Robin R\u00e4ikk\u00f6nen<\/strong> ajoi j\u00e4lleen hienosti kartingissa.<\/p>\n<p class=\"paragraph\">10-vuotias R\u00e4ikk\u00f6nen sijoittui Italian Jesolossa ajetussa Italian Rotax Micro  -sarjan kilpailussa toiseksi. Lis\u00e4ksi R\u00e4ikk\u00f6nen ajoi kilpailun nopeimman kierroksen.<\/p>\n<p class=\"paragraph\">R\u00e4ikk\u00f6sen perhe oli tuttuun tapaan mukana varikolla. Is\u00e4-<strong>Kimi<\/strong>, F1-legenda ja vuoden 2007 maailmanmestari, toimi poikansa mekaanikkona.<\/p>\n<p class=\"paragraph\">Samalla tehtiin my\u00f6s selv\u00e4ksi yli kolmelle miljoonalle Kimi R\u00e4ikk\u00f6sen someseuraajalle, ket\u00e4 R\u00e4ikk\u00f6sen perhe kannattaa Suomen autourheilun kansallisen lajiliiton eli AKK:n seuraavaksi puheenjohtajaksi.<\/p>\n<p class=\"paragraph\">Kimi R\u00e4ikk\u00f6nen jakoi <a href=\"https:\/\/www.instagram.com\/stories\/kimimatiasraikkonen\/3746897909258523244\/\" target=\"_blank\" rel=\"noopener nofollow\">Instagramin Tarinani-osiossa videon,<\/a> jossa h\u00e4n liimaa Robin R\u00e4ikk\u00f6sen karting-autoon tarran, jolla ilmoitetaan tuki <strong>Toni Vilanderin<\/strong> puheenjohtajavalinnalle. Sen j\u00e4lkeen sek\u00e4 is\u00e4 ett\u00e4 poika R\u00e4ikk\u00f6nen n\u00e4ytt\u00e4v\u00e4t peukkua kameralle.<\/p>\n<p class=\"paragraph\">Ferrarin pitk\u00e4aikainen tehdaskuljettaja ja muun muassa Le Mansin moninkertainen luokkavoittaja on yksi kolmesta AKK:n puheenjohtajaehdokkaasta. Kaksi muuta ehdolle asettunutta ovat <strong>Pasi M\u00e4enp\u00e4\u00e4<\/strong> ja <strong>Jukka Westerback<\/strong>.<\/p>\n<p class=\"paragraph\">Puheenjohtaja valitaan 26. lokakuuta eli ensi viikon sunnuntaina.<\/p>\n<p class=\"paragraph\">Vilander on R\u00e4ikk\u00f6sten l\u00e4heinen perheyst\u00e4v\u00e4. Kimi R\u00e4ikk\u00f6nen on Vilanderin lapsen kummiset\u00e4.<\/p>\n<p class=\"paragraph\">Ulkopuolisten odotukset vasta 10-vuotiasta Robin R\u00e4ikk\u00f6st\u00e4 kohtaan ovat valtavat, mutta perheen sis\u00e4ll\u00e4 kyse on t\u00e4ll\u00e4 hetkell\u00e4 vain hauskanpidosta.<\/p>\n<p class=\"paragraph\">\u2013 Jos Robin on onnellinen, min\u00e4 olen onnellinen, Kimi R\u00e4ikk\u00f6nen itse kommentoi taannoin j\u00e4lkikasvunsa seuraamista h\u00e4nen jalanj\u00e4ljiss\u00e4\u00e4n.<\/p>\n<p class=\"paragraph\"><a href=\"https:\/\/www.iltalehti.fi\/formulat\/c0d4c603-d45b-4084-bfc8-3edd7e0be74d\" rel=\"nofollow noopener\" target=\"_blank\">Vilander kertoi vuosi sitten Iltalehdelle oman n\u00e4kemyksens\u00e4 asiasta.<\/a><\/p>\n<p class=\"paragraph\">\u2013\u2009Tekemisess\u00e4 on paljon hyvi\u00e4 elementtej\u00e4. Treenataan lajin perusasioita. Oikea termi on \u201dperheharrastus\u201d. Aika n\u00e4ytt\u00e4\u00e4, miten se l\u00e4htee kehittym\u00e4\u00e4n. Malttia ja rauhallisuutta toivoisin. Robinin kohdalla perhe tekee todella fiksusti, Vilander kuvailee.<\/p>\n<p>Toni Vilander (vas.) on luonut menestyksekk\u00e4\u00e4n uran Ferrarin tehdaskuskina. Nyt h\u00e4n hakee huippupesti\u00e4 AKK:n johdossa. ZumaWire \/ MVPHOTOS<\/p>\n<p><script async src=\"\/\/www.instagram.com\/embed.js\"><\/script><\/p>\n","protected":false},"excerpt":{"rendered":"Kimi R\u00e4ikk\u00f6nen oli mukana Robin-pojan tuodessa j\u00e4lleen yhden palkintopokaalin perheeseen. Kimi R\u00e4ikk\u00f6nen on yksi F1-historian suosituimmista kuljettajista. ZumaWire&hellip;\n","protected":false},"author":2,"featured_media":66885,"comment_status":"","ping_status":"","sticky":false,"template":"","format":"standard","meta":{"footnotes":""},"categories":[158],"tags":[35,2810,33,31,30,41,83,98,2811,159,32,160],"class_list":{"0":"post-66884","1":"post","2":"type-post","3":"status-publish","4":"format-standard","5":"has-post-thumbnail","7":"category-urheilu","8":"tag-24h","9":"tag-autourheilu-ja-urheiluautot","10":"tag-fi","11":"tag-finland","12":"tag-finnish","13":"tag-liikunta-ja-urheilu","14":"tag-moottoriurheilu","15":"tag-perhe","16":"tag-rata-autoilu","17":"tag-sports","18":"tag-suomi","19":"tag-urheilu"},"share_on_mastodon":{"url":"","error":""},"_links":{"self":[{"href":"https:\/\/www.europesays.com\/fi\/wp-json\/wp\/v2\/posts\/66884","targetHints":{"allow":["GET"]}}],"collection":[{"href":"https:\/\/www.europesays.com\/fi\/wp-json\/wp\/v2\/posts"}],"about":[{"href":"https:\/\/www.europesays.com\/fi\/wp-json\/wp\/v2\/types\/post"}],"author":[{"embeddable":true,"href":"https:\/\/www.europesays.com\/fi\/wp-json\/wp\/v2\/users\/2"}],"replies":[{"embeddable":true,"href":"https:\/\/www.europesays.com\/fi\/wp-json\/wp\/v2\/comments?post=66884"}],"version-history":[{"count":0,"href":"https:\/\/www.europesays.com\/fi\/wp-json\/wp\/v2\/posts\/66884\/revisions"}],"wp:featuredmedia":[{"embeddable":true,"href":"https:\/\/www.europesays.com\/fi\/wp-json\/wp\/v2\/media\/66885"}],"wp:attachment":[{"href":"https:\/\/www.europesays.com\/fi\/wp-json\/wp\/v2\/media?parent=66884"}],"wp:term":[{"taxonomy":"category","embeddable":true,"href":"https:\/\/www.europesays.com\/fi\/wp-json\/wp\/v2\/categories?post=66884"},{"taxonomy":"post_tag","embeddable":true,"href":"https:\/\/www.europesays.com\/fi\/wp-json\/wp\/v2\/tags?post=66884"}],"curies":[{"name":"wp","href":"https:\/\/api.w.org\/{rel}","templated":true}]}}