{"id":66887,"date":"2025-10-20T02:18:14","date_gmt":"2025-10-20T02:18:14","guid":{"rendered":"https:\/\/www.europesays.com\/fi\/66887\/"},"modified":"2025-10-20T02:18:14","modified_gmt":"2025-10-20T02:18:14","slug":"pikku-vinkki-varhan-tekoalylle-ala-aloita-hoitosuhdetta-tekstarilla","status":"publish","type":"post","link":"https:\/\/www.europesays.com\/fi\/66887\/","title":{"rendered":"Pikku vinkki Varhan teko\u00e4lylle: \u00c4l\u00e4 aloita hoitosuhdetta tekstarilla"},"content":{"rendered":"<p>Syyskuun alussa tupsahti tekstari Terveyskyl\u00e4-nimiselt\u00e4 l\u00e4hett\u00e4j\u00e4lt\u00e4.<\/p>\n<p>\u201dHei! K\u00e4yt\u00f6ss\u00e4si on Terveyskyl\u00e4n digihoitopolku VARHA:ssa saamasi hoidon tueksi. Tunnistaudu digihoitopolullesi Terveyskyl\u00e4n Omapolku -palvelussa. Tavataan polulla!\u201d<\/p>\n<p>Tankkasin viesti\u00e4, mit\u00e4 ihmett\u00e4 tarkoittavat Terveyskyl\u00e4, digihoitopolku ja Omapolku. Mit\u00e4\u00e4n osoitetta, linkki\u00e4 tai lis\u00e4ohjeita ei tekstari sis\u00e4lt\u00e4nyt.<\/p>\n<p>H\u00e4mment\u00e4vint\u00e4 oli se, ett\u00e4 minun itseni piti ryhty\u00e4 arvailemaan, mit\u00e4 hoitoa olen Varhassa saanut. Aikamuoto kun viittasi menneeseen hoitoon. Hoitoa olin saanut ainoastaan yksityisess\u00e4 ty\u00f6terveyshuollossa, jonne olin k\u00e4sikipujen vuoksi hakeutunut toukokuussa. Oli tavattu omal\u00e4\u00e4k\u00e4ri, k\u00e4sikirurgi ja neurologi. Oli otettu r\u00f6ntgenkuvia ja tehty hermoratatutkimus.<\/p>\n<p>Diagnoosiksi olin saanut k\u00e4sien pitk\u00e4lle edenneen nivelrikon, eiv\u00e4tk\u00e4 ne rannekanavatkaan ihan terveesti reagoineet. Ty\u00f6kseen kirjoittavalle ihmiselle kurjia vaivoja, mutta kovin tavallisia. Tulevaisuus huolettaa my\u00f6s sen vuoksi, ett\u00e4 ajattelen kirjoittamalla.<\/p>\n<p>Nyt takkusi lukemisen ymm\u00e4rt\u00e4minen, mutta lopulta p\u00e4\u00e4ttelin, ett\u00e4 viestin on pakko liitty\u00e4 tuohon kev\u00e4iseen diagnoosiin. Tiesin, ett\u00e4 l\u00e4hete Tyksiin oli tehty, mutta siit\u00e4 ei ollut kuulunut mit\u00e4\u00e4n koko kes\u00e4n\u00e4.<\/p>\n<p>Syyssateissa l\u00e4hdin seikkailemaan Terveyskyl\u00e4n polulle.<\/p>\n<p>Terveyskyl\u00e4ss\u00e4 polun haaroja sitten riittikin! Valittavana oli suuri m\u00e4\u00e4r\u00e4 Tyksin erikoissairaanhoidon klinikoita. En\u00e4\u00e4 pit\u00e4isi osata valita, mik\u00e4 niist\u00e4 olisi minulle se oikea. Ortopedia ainakin hoitaa luita ja niveli\u00e4. Siisp\u00e4 Tyks Orto kuulosti todenn\u00e4k\u00f6isimm\u00e4lt\u00e4. Digihoitopolku ei tosin avautunut arvailuja pidemm\u00e4lle, koska palvelu oli jumittunut \u2013 useana p\u00e4iv\u00e4n\u00e4.<\/p>\n<p>Kokemattomana digiajan terveydenhuollon k\u00e4ytt\u00e4j\u00e4n\u00e4 p\u00e4\u00e4tin turvautua Omakantaan, josta l\u00f6ysinkin tiedon, ett\u00e4 \u201dolen saanut palvelua\u201d Tyks Ortossa. P\u00e4iv\u00e4m\u00e4\u00e4r\u00e4ksi ilmoitettiin lokakuun loppupuoli, eli puolentoista kuukauden p\u00e4\u00e4h\u00e4n. Sen tarkemmin vastaanotosta ei kerrottu, ei edes kellonaikaa. Viimein p\u00e4\u00e4sin virtuaaliseen Terveyskyl\u00e4\u00e4n ja oikealle klinikalle. Verkkosivulla pyydettiin t\u00e4ytt\u00e4m\u00e4\u00e4n omavointikysely, mutta henkil\u00f6tiedoillani ei avoimia kaavakkeita l\u00f6ytynyt.<\/p>\n<p>Aikani digimaailmassa seikkailtuani l\u00f6ysin tiedon, ett\u00e4 esitietoja voisi t\u00e4ytell\u00e4 vasta kaksi viikkoa ennen vastaanottoa.<\/p>\n<p>Tekstarista kului puolitoista viikkoa, ja kotiin tuli paksu kirjekuori. Siit\u00e4 l\u00f6ytyi vastaanottop\u00e4iv\u00e4n lis\u00e4ksi vihdoin my\u00f6s kellonaika. Nyt sitten ohjeitakin tuli sivukaupalla, ja jopa ty\u00f6kseen tietotekstej\u00e4 lukevalle ihmiselle kirjeen tietom\u00e4\u00e4r\u00e4 tuntui vaikealta omaksua. Onneksi Varhan paperiliittym\u00e4 jumittaa v\u00e4hemm\u00e4n kuin digihoitopolku.<\/p>\n<p>Varhan tekstiviestipalvelu ei kuitenkaan ole minua hyl\u00e4nnyt. Lokakuun alussa sain tekstarilla muistutuksen, ett\u00e4 nyt se omavointi-kyselylomake on t\u00e4ytett\u00e4viss\u00e4. Och samma p\u00e5 svenska. Ja viikko sitten k\u00e4nnykk\u00e4\u00e4n tuli muistutus vastaanottoajasta. Tietysti my\u00f6s kerrottiin, ett\u00e4 peruuttamaton k\u00e4ynti voi aiheuttaa maksun. Tunnen olevani melkein jo potilas.<\/p>\n<p>Pieni vinkki kuitenkin Varhan teko\u00e4lylle: hoitosuhteen aloittaminen tekstarilla ei ole sen fiksumpaa kuin parisuhteen p\u00e4\u00e4tt\u00e4minen tekstarilla.<\/p>\n<p><strong>Ulla J\u00e4rvi<br \/><\/strong>Kirjoittaja on salolainen tiedetoimittaja<\/p>\n","protected":false},"excerpt":{"rendered":"Syyskuun alussa tupsahti tekstari Terveyskyl\u00e4-nimiselt\u00e4 l\u00e4hett\u00e4j\u00e4lt\u00e4. \u201dHei! K\u00e4yt\u00f6ss\u00e4si on Terveyskyl\u00e4n digihoitopolku VARHA:ssa saamasi hoidon tueksi. Tunnistaudu digihoitopolullesi Terveyskyl\u00e4n&hellip;\n","protected":false},"author":2,"featured_media":66888,"comment_status":"","ping_status":"","sticky":false,"template":"","format":"standard","meta":{"footnotes":""},"categories":[76],"tags":[79,659,77,33,31,30,777,32,78,433,550,167,15085],"class_list":{"0":"post-66887","1":"post","2":"type-post","3":"status-publish","4":"format-standard","5":"has-post-thumbnail","7":"category-talous","8":"tag-business","9":"tag-digitalisaatio","10":"tag-economy","11":"tag-fi","12":"tag-finland","13":"tag-finnish","14":"tag-kolumni","15":"tag-suomi","16":"tag-talous","17":"tag-tekoaly","18":"tag-terveydenhuolto","19":"tag-terveys","20":"tag-varha"},"share_on_mastodon":{"url":"","error":""},"_links":{"self":[{"href":"https:\/\/www.europesays.com\/fi\/wp-json\/wp\/v2\/posts\/66887","targetHints":{"allow":["GET"]}}],"collection":[{"href":"https:\/\/www.europesays.com\/fi\/wp-json\/wp\/v2\/posts"}],"about":[{"href":"https:\/\/www.europesays.com\/fi\/wp-json\/wp\/v2\/types\/post"}],"author":[{"embeddable":true,"href":"https:\/\/www.europesays.com\/fi\/wp-json\/wp\/v2\/users\/2"}],"replies":[{"embeddable":true,"href":"https:\/\/www.europesays.com\/fi\/wp-json\/wp\/v2\/comments?post=66887"}],"version-history":[{"count":0,"href":"https:\/\/www.europesays.com\/fi\/wp-json\/wp\/v2\/posts\/66887\/revisions"}],"wp:featuredmedia":[{"embeddable":true,"href":"https:\/\/www.europesays.com\/fi\/wp-json\/wp\/v2\/media\/66888"}],"wp:attachment":[{"href":"https:\/\/www.europesays.com\/fi\/wp-json\/wp\/v2\/media?parent=66887"}],"wp:term":[{"taxonomy":"category","embeddable":true,"href":"https:\/\/www.europesays.com\/fi\/wp-json\/wp\/v2\/categories?post=66887"},{"taxonomy":"post_tag","embeddable":true,"href":"https:\/\/www.europesays.com\/fi\/wp-json\/wp\/v2\/tags?post=66887"}],"curies":[{"name":"wp","href":"https:\/\/api.w.org\/{rel}","templated":true}]}}