{"id":66891,"date":"2025-10-20T02:21:08","date_gmt":"2025-10-20T02:21:08","guid":{"rendered":"https:\/\/www.europesays.com\/fi\/66891\/"},"modified":"2025-10-20T02:21:08","modified_gmt":"2025-10-20T02:21:08","slug":"noin-20-vuotiaan-naisen-epaillaan-tulleen-joukkoraiskatuksi-viking-gracella-poliisi-tama-on-tilanne-nyt","status":"publish","type":"post","link":"https:\/\/www.europesays.com\/fi\/66891\/","title":{"rendered":"Noin 20-vuotiaan naisen ep\u00e4ill\u00e4\u00e4n tulleen joukko\u00adraiskatuksi Viking Gracella \u2013 Poliisi: T\u00e4m\u00e4 on tilanne nyt"},"content":{"rendered":"<p>P\u00e4ivyst\u00e4v\u00e4 tutkinnanjohtaja kertoo, ett\u00e4 asiaa selvitet\u00e4\u00e4n yhteisty\u00f6ss\u00e4 Ruotsin poliisin kanssa.<\/p>\n<p><img decoding=\"async\" class=\"image image-show image-preview\" src=\"https:\/\/www.europesays.com\/fi\/wp-content\/uploads\/2025\/10\/1760926867_46_d8f56ef03e35ff6ec1b0bbbb4b590220ff93a45f33b1f5c2504d2307da301861.jpg\" alt=\"\"\/><img decoding=\"async\" class=\"image image-show\" src=\"https:\/\/www.europesays.com\/fi\/wp-content\/uploads\/2025\/10\/1760926868_549_d8f56ef03e35ff6ec1b0bbbb4b590220ff93a45f33b1f5c2504d2307da301861.jpg\" alt=\"\"\/><\/p>\n<p>Nelj\u00e4n Suomessa asuvan miehen ep\u00e4ill\u00e4\u00e4n raiskanneen noin 20-vuotiaan naisen Viking Gracella. Roni Lehti<\/p>\n<p class=\"paragraph\">Poliisi on t\u00e4ll\u00e4 hetkell\u00e4 v\u00e4h\u00e4sanainen liittyen ep\u00e4iltyyn <a href=\"https:\/\/www.iltalehti.fi\/kotimaa\/bb973e08-645d-41f8-b052-d51eadbbd704\" rel=\"nofollow noopener\" target=\"_blank\">joukkoraiskaukseen Viking Gracella<\/a>.<\/p>\n<p class=\"paragraph\">P\u00e4ivyst\u00e4v\u00e4 tutkinnanjohtaja <strong>Jari Klaus<\/strong> Lounais-Suomen poliisista vetoaa asiassa sen \u201dvahvaan keskener\u00e4isyyteen\u201d ja viel\u00e4 selvitett\u00e4vien asioiden m\u00e4\u00e4r\u00e4\u00e4n.<\/p>\n<p class=\"paragraph\">\u2013 Sen verran sanoa, ett\u00e4 ep\u00e4ilty\u00e4 asiaa hoidetaan yhteisty\u00f6ss\u00e4 Ruotsin viranomaisten kanssa.<\/p>\n<p class=\"paragraph\">Klausin mukaan vastaava tutkinnanjohtaja tiedottaa asiasta mahdollisesti lis\u00e4\u00e4 aikaisintaan ensi viikon alussa.<\/p>\n<p>T\u00e4st\u00e4 on kyse<\/p>\n<p class=\"paragraph\">Suomen ja Ruotsin v\u00e4lisell\u00e4 risteilylaivalla ep\u00e4ill\u00e4\u00e4n tapahtuneen joukkoraiskaus.<\/p>\n<p class=\"paragraph\">Poliisi pid\u00e4tti alun perin nelj\u00e4 miest\u00e4, joiden ep\u00e4ill\u00e4\u00e4n raiskanneen naisen risteilylaivalla. <a href=\"https:\/\/www.iltalehti.fi\/kotimaa\/9f7e23b4-bf4a-4a56-b465-f307627cbac5\" rel=\"nofollow noopener\" target=\"_blank\">Ruotsalaismedioiden mukaan<\/a> ep\u00e4illyt kuitenkin vapautettiin lauantaina iltap\u00e4iv\u00e4ll\u00e4.<\/p>\n<p class=\"paragraph\">Uhri on noin 20-vuotias nainen.<\/p>\n<p class=\"paragraph\">Tukholman poliisin tiedottajan mukaan sek\u00e4 ep\u00e4illyt ett\u00e4 uhri asuvat Suomessa, mutta ei kommentoi heid\u00e4n kansalaisuuksiaan.<\/p>\n<p class=\"paragraph\">Poliisin mukaan laivan henkil\u00f6kunta oli huomannut rikoksen. Poliisi h\u00e4lytettiin paikalle lauantaiaamuna noin kello 4.30. ja laivan vartijat ottivat kiinni miehet. Risteilyalus saapui Tukholmaan lauantaiaamuna kello 7 ja poliisi pid\u00e4tti miehet satamassa.<\/p>\n","protected":false},"excerpt":{"rendered":"P\u00e4ivyst\u00e4v\u00e4 tutkinnanjohtaja kertoo, ett\u00e4 asiaa selvitet\u00e4\u00e4n yhteisty\u00f6ss\u00e4 Ruotsin poliisin kanssa. Nelj\u00e4n Suomessa asuvan miehen ep\u00e4ill\u00e4\u00e4n raiskanneen noin 20-vuotiaan&hellip;\n","protected":false},"author":2,"featured_media":66892,"comment_status":"","ping_status":"","sticky":false,"template":"","format":"standard","meta":{"footnotes":""},"categories":[5],"tags":[35,22,23,26,27,33,31,30,17,55,53,24,25,28,29,15,18,21,54,52,32,19,20,16,2568],"class_list":{"0":"post-66891","1":"post","2":"type-post","3":"status-publish","4":"format-standard","5":"has-post-thumbnail","7":"category-otsikot","8":"tag-24h","9":"tag-breaking-news","10":"tag-breakingnews","11":"tag-featured-news","12":"tag-featurednews","13":"tag-fi","14":"tag-finland","15":"tag-finnish","16":"tag-headlines","17":"tag-lainvalvonta","18":"tag-laki-oikeus-ja-rikos","19":"tag-latest-news","20":"tag-latestnews","21":"tag-main-news","22":"tag-mainnews","23":"tag-news","24":"tag-otsikot","25":"tag-paauutiset","26":"tag-pelastuspalvelut","27":"tag-poliisi","28":"tag-suomi","29":"tag-top-stories","30":"tag-topstories","31":"tag-uutiset","32":"tag-vesiliikenne"},"share_on_mastodon":{"url":"","error":""},"_links":{"self":[{"href":"https:\/\/www.europesays.com\/fi\/wp-json\/wp\/v2\/posts\/66891","targetHints":{"allow":["GET"]}}],"collection":[{"href":"https:\/\/www.europesays.com\/fi\/wp-json\/wp\/v2\/posts"}],"about":[{"href":"https:\/\/www.europesays.com\/fi\/wp-json\/wp\/v2\/types\/post"}],"author":[{"embeddable":true,"href":"https:\/\/www.europesays.com\/fi\/wp-json\/wp\/v2\/users\/2"}],"replies":[{"embeddable":true,"href":"https:\/\/www.europesays.com\/fi\/wp-json\/wp\/v2\/comments?post=66891"}],"version-history":[{"count":0,"href":"https:\/\/www.europesays.com\/fi\/wp-json\/wp\/v2\/posts\/66891\/revisions"}],"wp:featuredmedia":[{"embeddable":true,"href":"https:\/\/www.europesays.com\/fi\/wp-json\/wp\/v2\/media\/66892"}],"wp:attachment":[{"href":"https:\/\/www.europesays.com\/fi\/wp-json\/wp\/v2\/media?parent=66891"}],"wp:term":[{"taxonomy":"category","embeddable":true,"href":"https:\/\/www.europesays.com\/fi\/wp-json\/wp\/v2\/categories?post=66891"},{"taxonomy":"post_tag","embeddable":true,"href":"https:\/\/www.europesays.com\/fi\/wp-json\/wp\/v2\/tags?post=66891"}],"curies":[{"name":"wp","href":"https:\/\/api.w.org\/{rel}","templated":true}]}}