{"id":66900,"date":"2025-10-20T02:44:28","date_gmt":"2025-10-20T02:44:28","guid":{"rendered":"https:\/\/www.europesays.com\/fi\/66900\/"},"modified":"2025-10-20T02:44:28","modified_gmt":"2025-10-20T02:44:28","slug":"lv-reportaasi-suomalainen-kosmetiikka-kiinnostaa-nyt-maailmalla-ja-se-nakyy-espoossa-lumenen-tehdas-tahtaa-kasvuun-paikalliset","status":"publish","type":"post","link":"https:\/\/www.europesays.com\/fi\/66900\/","title":{"rendered":"LV-reportaasi | Suomalainen kosmetiikka kiinnostaa nyt maailmalla ja se n\u00e4kyy Espoossa \u2013 Lumenen tehdas t\u00e4ht\u00e4\u00e4 kasvuun | Paikalliset"},"content":{"rendered":"<p>Perinteik\u00e4s kosmetiikkayritys Lumene tavoittelee kasvua isolla investoinnilla Espoon tuotantolaitokselleen. P\u00e4\u00e4simme tutustumaan kosmetiikan valmistuksen suljettujen ovien takana. Juttu on julkaistu ensimm\u00e4isen kerran kes\u00e4kuussa.<\/p>\n<p>L\u00e4nsiv\u00e4yl\u00e4 p\u00e4\u00e4si paikan p\u00e4\u00e4lle kurkistamaan kulissien taakse ja katsomaan, kuinka Espoossa valmistetaan maailmallakin tunnettua suomalaista kosmetiikkaa. Linnuntiet\u00e4 noin puolen kilometrin p\u00e4\u00e4ss\u00e4 Kauklahden rautatieasemasta sijaitseva harmaa teollisuusrakennus saattaa olla tuttu, mik\u00e4li on piipahtanut Lumenen tehtaanmyym\u00e4l\u00e4ss\u00e4. Tuotantotiloja harva kuitenkaan p\u00e4\u00e4see n\u00e4kem\u00e4\u00e4n, Huhtala ja viestint\u00e4vastaava <strong>Jenny Paulam\u00e4ki<\/strong> kertovat.<\/p>\n","protected":false},"excerpt":{"rendered":"Perinteik\u00e4s kosmetiikkayritys Lumene tavoittelee kasvua isolla investoinnilla Espoon tuotantolaitokselleen. P\u00e4\u00e4simme tutustumaan kosmetiikan valmistuksen suljettujen ovien takana. Juttu on&hellip;\n","protected":false},"author":2,"featured_media":66901,"comment_status":"","ping_status":"","sticky":false,"template":"","format":"standard","meta":{"footnotes":""},"categories":[76],"tags":[79,77,400,33,31,30,403,15086,10705,12119,32,78,4636,939],"class_list":{"0":"post-66900","1":"post","2":"type-post","3":"status-publish","4":"format-standard","5":"has-post-thumbnail","7":"category-talous","8":"tag-business","9":"tag-economy","10":"tag-espoo","11":"tag-fi","12":"tag-finland","13":"tag-finnish","14":"tag-helsingin-seutu","15":"tag-kauklahti","16":"tag-kemianteollisuus","17":"tag-kruunujuttu","18":"tag-suomi","19":"tag-talous","20":"tag-talous-ja-tyo","21":"tag-tyo"},"share_on_mastodon":{"url":"","error":""},"_links":{"self":[{"href":"https:\/\/www.europesays.com\/fi\/wp-json\/wp\/v2\/posts\/66900","targetHints":{"allow":["GET"]}}],"collection":[{"href":"https:\/\/www.europesays.com\/fi\/wp-json\/wp\/v2\/posts"}],"about":[{"href":"https:\/\/www.europesays.com\/fi\/wp-json\/wp\/v2\/types\/post"}],"author":[{"embeddable":true,"href":"https:\/\/www.europesays.com\/fi\/wp-json\/wp\/v2\/users\/2"}],"replies":[{"embeddable":true,"href":"https:\/\/www.europesays.com\/fi\/wp-json\/wp\/v2\/comments?post=66900"}],"version-history":[{"count":0,"href":"https:\/\/www.europesays.com\/fi\/wp-json\/wp\/v2\/posts\/66900\/revisions"}],"wp:featuredmedia":[{"embeddable":true,"href":"https:\/\/www.europesays.com\/fi\/wp-json\/wp\/v2\/media\/66901"}],"wp:attachment":[{"href":"https:\/\/www.europesays.com\/fi\/wp-json\/wp\/v2\/media?parent=66900"}],"wp:term":[{"taxonomy":"category","embeddable":true,"href":"https:\/\/www.europesays.com\/fi\/wp-json\/wp\/v2\/categories?post=66900"},{"taxonomy":"post_tag","embeddable":true,"href":"https:\/\/www.europesays.com\/fi\/wp-json\/wp\/v2\/tags?post=66900"}],"curies":[{"name":"wp","href":"https:\/\/api.w.org\/{rel}","templated":true}]}}