{"id":66954,"date":"2025-10-20T04:17:11","date_gmt":"2025-10-20T04:17:11","guid":{"rendered":"https:\/\/www.europesays.com\/fi\/66954\/"},"modified":"2025-10-20T04:17:11","modified_gmt":"2025-10-20T04:17:11","slug":"sairastunut-matti-ruohonen-savelsi-tassa-on-matin-ja-tepon-lempea-paluukappale","status":"publish","type":"post","link":"https:\/\/www.europesays.com\/fi\/66954\/","title":{"rendered":"Sairastunut Matti Ruohonen s\u00e4velsi: t\u00e4ss\u00e4 on Matin ja Tepon lempe\u00e4 paluukappale"},"content":{"rendered":"<p class=\"has-drop-cap\"><a href=\"https:\/\/www.tanssiin.fi\/tag\/matti-ja-teppo\/\" title=\"Matti ja Teppo\" rel=\"nofollow noopener\" target=\"_blank\"><strong>Matti <\/strong>ja <strong>Teppo<\/strong> <\/a>julkaisivat perjantaina, 17. lokakuuta pitk\u00e4\u00e4n odotettua, uutta musiikkia.<\/p>\n<p>Kyseess\u00e4 on kappale nimelt\u00e4 My love. Se on ensimakua kokonaiselta tulevalta Matti ja Teppo -albumilta, jonka on tarkoitus ilmesty\u00e4 kev\u00e4\u00e4n 2026 aikana. Levylle on tulossa kymmenen t\u00e4ysin uutta laulua.<\/p>\n<p>Matti ja Teppo yll\u00e4ttiv\u00e4t iskelm\u00e4kansan keskiviikkona, kun he yll\u00e4tt\u00e4en ilmoittivat tekev\u00e4ns\u00e4 paluun musiikkimaailmaan ja julkaisevansa uuden sinkun.<\/p>\n<p>Voit kuunnella koskettavan rakkauskappaleen t\u00e4m\u00e4n artikkelin lopusta.<\/p>\n<p><strong>Lue my\u00f6s:<\/strong> <a href=\"https:\/\/www.tanssiin.fi\/iloinen-yllatys-matti-ja-teppo-palaavat-matin-kunto-on-kohentunut\/\" title=\"Iloinen yll\u00e4tys! Matti ja Teppo palaavat \u2013 Matin kunto on kohentunut\" rel=\"nofollow noopener\" target=\"_blank\">Iloinen yll\u00e4tys! Matti ja Teppo palaavat \u2013 Matin kunto on kohentunut<\/a><\/p>\n<p>Matin ja Tepon pojat vahvasti mukana<\/p>\n<p>Matin ja Tepon uutuussinkku on <strong><a href=\"https:\/\/www.tanssiin.fi\/tag\/matti-ruohonen\/\" title=\"Matti Ruohonen\" rel=\"nofollow noopener\" target=\"_blank\">Matti Ruohosen<\/a><\/strong>, 76, s\u00e4velt\u00e4m\u00e4. Kappale on kokonaisuudessaan \u201dRuohosten klaanin\u201d k\u00e4sialaa.<\/p>\n<p>Sanoitus on <strong><a href=\"https:\/\/www.tanssiin.fi\/tag\/teppo-ruohonen\/\" title=\"teppo ruohonen\" rel=\"nofollow noopener\" target=\"_blank\">Teppo Ruohosen<\/a><\/strong>, 77, ja h\u00e4nen poikansa <strong>Santeri Ruohosen<\/strong>, 41, k\u00e4sialaa. Tepon toinen poika <strong>Oskari<\/strong> <strong>Ruohonen<\/strong>, 38, vastaa kappaleen sovituksesta, tuotannosta ja miksauksesta.<\/p>\n<p>Santeri on aiemminkin sanoittanut kappaleita Matille ja Tepolle, mutta nyt h\u00e4n on ensimm\u00e4ist\u00e4 kertaa tehnyt yhteislaulun is\u00e4ns\u00e4 kanssa.<\/p>\n<p>\u201dTepolla oli paperilla joitain rivej\u00e4 valmiina, ja l\u00e4hdimme siit\u00e4 jatkamaan\u201d, Santeri sanaili Ilta-Sanomille.<\/p>\n<p>\u201dSuhteellisen vaivattomasti ja nopeasti meni tekstityshomma. Se syntyi ik\u00e4\u00e4n kuin itsest\u00e4\u00e4n.\u201d<\/p>\n<p>My love -kappaletta kuvaillaan klassiksesi rakauslauluksi.<\/p>\n<p>\u201dEi ylti\u00f6iloinen, mutta kuitenkin realistinen. Yl\u00e4m\u00e4ki- ja alam\u00e4kipohjalta menn\u00e4\u00e4n. Kaikenn\u00e4k\u00f6ist\u00e4 mahtuu arkeen ja juhlaan.\u201d<\/p>\n<p><strong>Lue my\u00f6s:<\/strong> <a href=\"https:\/\/www.tanssiin.fi\/matti-ja-teppo-palkittiin-mitalilla-kieltaytyivat-julkisuudesta\/\" title=\"Matti ja Teppo palkittiin mitalilla \u2013\u00a0kielt\u00e4ytyiv\u00e4t julkisuudesta\" rel=\"nofollow noopener\" target=\"_blank\">Matti ja Teppo palkittiin mitalilla \u2013\u00a0kielt\u00e4ytyiv\u00e4t julkisuudesta<\/a><\/p>\n<p>Matin tervehtyminen on otettu ilolla vastaan<\/p>\n<p>Suuri yleis\u00f6 on ottanut Matin ja Tepon paluun isolla ilolla vastaan. Etenkin Matin tervehtymisest\u00e4 on oltu kiitollisia.<\/p>\n<p>Turkulainen veljesduo on ollut poissa keikoilta syksyst\u00e4 2023 asti ja viett\u00e4nyt tyystin hiljaiseloa.\u00a0<\/p>\n<p>Matti ja Teppo\u00a0joutuivat perumaan keikkojaan Matin sairastumisen takia reilu pari vuotta sitten. H\u00e4nen kerrottiin sairastuneen vakavanoloisesti.<\/p>\n<p>Siit\u00e4 saakka Mattia ei ole n\u00e4kynyt julkisuudessa, eik\u00e4 h\u00e4nen voinnistaan ole kerrottu mit\u00e4\u00e4n.<\/p>\n<p><strong>Lue my\u00f6s:<\/strong>\u00a0<a href=\"https:\/\/www.tanssiin.fi\/vakavasti-sairastunut-matti-ruohonen-viettaa-synttareitaan-taydessa-hiljaisuudessa\/\" rel=\"nofollow noopener\" target=\"_blank\">Vakavasti sairastunut Matti Ruohonen viett\u00e4\u00e4 syntt\u00e4reit\u00e4\u00e4n t\u00e4ydess\u00e4 hiljaisuudessa<\/a><\/p>\n<p>T\u00e4ll\u00e4 viikolla koettiin ensimm\u00e4inen kerta puoleentoista vuoteen, kun Ruohoset avasivat Matin vointia suurelle yleis\u00f6lle.<\/p>\n<p>\u201dKeikoille paluu on viel\u00e4 t\u00e4ysin auki, riippuen paljon Matin kunnon kohentumisesta ennalleen\u201d, Matti ja Teppo totesivat.<\/p>\n<p>\u201dParemmalta toki n\u00e4ytt\u00e4\u00e4, joten tilanne selvi\u00e4\u00e4 ennen kes\u00e4\u00e4.\u201d<\/p>\n<p><strong>KUUNTELE<\/strong> Matti ja Teppo My love (s\u00e4v. Matti Ruohonen, Oskari Ruohonen, san. Teppo Ruohonen, Santeri Ruohonen, sov. Oskari Ruohonen) MTR-Music Oy 2025:<\/p>\n<p><img loading=\"lazy\" decoding=\"async\" data-lazyloaded=\"1\" width=\"512\" height=\"512\" class=\"aioseo-author-bio-compact-image\" src=\"https:\/\/www.europesays.com\/fi\/wp-content\/uploads\/2025\/09\/cropped-tanssiin-logo.jpg\" alt=\"author avatar\"\/><br \/>\nTanssi- ja iskelm\u00e4musiikin asiantuntija.<\/p>\n<p>89%<br \/>\nHerkk\u00e4<\/p>\n<p>0%<br \/>\nHauska<\/p>\n<p>11%<br \/>\nVau<\/p>\n<p>0%<br \/>\nSurullinen<\/p>\n<p>0%<br \/>\nVihainen\n<\/p>\n<p>Post navigation<\/p>\n","protected":false},"excerpt":{"rendered":"Matti ja Teppo julkaisivat perjantaina, 17. lokakuuta pitk\u00e4\u00e4n odotettua, uutta musiikkia. Kyseess\u00e4 on kappale nimelt\u00e4 My love. Se&hellip;\n","protected":false},"author":2,"featured_media":66955,"comment_status":"","ping_status":"","sticky":false,"template":"","format":"standard","meta":{"footnotes":""},"categories":[136],"tags":[14618,407,137,33,31,30,408,14805,4944,5051,5050,1243,15102,6799,5049,5231,14602,15103,1244,8193,32,4049,5048,16,193,109],"class_list":{"0":"post-66954","1":"post","2":"type-post","3":"status-publish","4":"format-standard","5":"has-post-thumbnail","7":"category-julkkikset","8":"tag-albumi","9":"tag-celebrities","10":"tag-entertainment","11":"tag-fi","12":"tag-finland","13":"tag-finnish","14":"tag-julkkikset","15":"tag-kappale","16":"tag-levy","17":"tag-matti-ja-teppo","18":"tag-matti-ruohonen","19":"tag-musiikkivideo","20":"tag-my-love","21":"tag-orkesterit","22":"tag-oskari-ruohonen","23":"tag-paluu","24":"tag-pojat","25":"tag-santeri-ruohonen","26":"tag-single","27":"tag-sinkku","28":"tag-suomi","29":"tag-tanssitahdet","30":"tag-teppo-ruohonen","31":"tag-uutiset","32":"tag-video","33":"tag-viihde"},"share_on_mastodon":{"url":"","error":""},"_links":{"self":[{"href":"https:\/\/www.europesays.com\/fi\/wp-json\/wp\/v2\/posts\/66954","targetHints":{"allow":["GET"]}}],"collection":[{"href":"https:\/\/www.europesays.com\/fi\/wp-json\/wp\/v2\/posts"}],"about":[{"href":"https:\/\/www.europesays.com\/fi\/wp-json\/wp\/v2\/types\/post"}],"author":[{"embeddable":true,"href":"https:\/\/www.europesays.com\/fi\/wp-json\/wp\/v2\/users\/2"}],"replies":[{"embeddable":true,"href":"https:\/\/www.europesays.com\/fi\/wp-json\/wp\/v2\/comments?post=66954"}],"version-history":[{"count":0,"href":"https:\/\/www.europesays.com\/fi\/wp-json\/wp\/v2\/posts\/66954\/revisions"}],"wp:featuredmedia":[{"embeddable":true,"href":"https:\/\/www.europesays.com\/fi\/wp-json\/wp\/v2\/media\/66955"}],"wp:attachment":[{"href":"https:\/\/www.europesays.com\/fi\/wp-json\/wp\/v2\/media?parent=66954"}],"wp:term":[{"taxonomy":"category","embeddable":true,"href":"https:\/\/www.europesays.com\/fi\/wp-json\/wp\/v2\/categories?post=66954"},{"taxonomy":"post_tag","embeddable":true,"href":"https:\/\/www.europesays.com\/fi\/wp-json\/wp\/v2\/tags?post=66954"}],"curies":[{"name":"wp","href":"https:\/\/api.w.org\/{rel}","templated":true}]}}